{"id":10564,"date":"2024-03-01T15:27:14","date_gmt":"2024-03-01T14:27:14","guid":{"rendered":"http:\/\/museipiemonte.cultura.gov.it\/?p=10564"},"modified":"2024-03-01T15:27:14","modified_gmt":"2024-03-01T14:27:14","slug":"giornata-internazionale-della-donna","status":"publish","type":"post","link":"https:\/\/museipiemonte.cultura.gov.it\/index.php\/2024\/03\/01\/giornata-internazionale-della-donna\/","title":{"rendered":"Giornata internazionale della donna"},"content":{"rendered":"<p>In occasione della <strong>Giornata internazionale della donna<\/strong>, la Direzione regionale Musei Piemonte propone <em>eventi a tema<\/em> e per l\u2019intera giornata di <strong>venerd\u00ec 8 marzo<\/strong> offre alle <strong>donne<\/strong> l\u2019<strong>ingresso gratuito<\/strong> ai percorsi museali di <strong>Palazzo Carignano<\/strong>, <strong>Villa della Regina<\/strong>, <strong>Castello di Agli\u00e8<\/strong>, <strong>Castello di Racconigi<\/strong> e <strong>Forte di Gavi<\/strong>, mentre al <strong>Castello di Moncalieri<\/strong> si applica la <strong>tariffa ridotta<\/strong> speciale di <strong>\u20ac 3,00<\/strong>. Aperti al pubblico anche i siti dell\u2019<strong>Abbazia di Vezzolano<\/strong> e dell\u2019<strong>Area archeologica di Bene Vagienna<\/strong>, come di consueto con accesso <strong>gratuito per tutti<\/strong>.<br \/>\nA <strong>Palazzo Carignano<\/strong>, venerd\u00ec <strong>8 marzo<\/strong> alle ore <strong>15.30<\/strong>, si svolge la <strong>visita tematica<\/strong> <em>La storia dei Savoia-Carignano dalla parte delle donne<\/em>, per mettere in luce il potere diplomatico, economico e dinastico di alcune delle protagoniste del casato. Tra lo sfarzo degli affreschi e delle boiseries intagliate e dorate degli Appartamenti dei Principi, si focalizza cos\u00ec l&#8217;attenzione sull\u2019influenza femminile alla corte dei Savoia-Carignano, in particolare attraverso le figure di Maria di Borbone-Soissons, Maria Caterina d\u2019Este e Maria Teresa d\u2019Asburgo-Lorena. <strong>Prenotazione obbligatoria<\/strong> e acquisto dei biglietti online su <a href=\"http:\/\/www.museiitaliani.it\" target=\"_blank\">www.museiitaliani.it<\/a> oppure tramite l\u2019App Musei Italiani.<br \/>\nL\u2019esperienza delle donne \u00e8 indagata invece in altra dimensione a <strong>Villa della Regina<\/strong>: non quella degli stili di vita aristocratici, bens\u00ec quella della quotidianit\u00e0 di quante hanno vissuto diversamente gli spazi della residenza sabauda. Venerd\u00ec <strong>8 marzo<\/strong> alle ore 16.00 la <strong>visita tematica<\/strong> <em>Villa della Regina, da residenza sabauda a collegio femminile: le donne dell\u2019Istituto Nazionale per le Figlie dei Militari<\/em> \u00e8 incentrata infatti sul collegio, riservato alle orfane di guerra e alle figlie di invalidi e decorati al valore, a cui Vittorio Emanuele II fece dono nel 1868 del sontuoso edificio. Tra il 1869 e il 1975 l\u2019Istituto accolse quasi ottomila allieve provenienti da tutta Italia e grazie al racconto di questi avvenimenti, arricchito da documenti d\u2019archivio, i visitatori possono conoscere uno spaccato significativo della storia dell\u2019educazione femminile in Italia. La visita si replica, secondo le tariffe ordinarie, sabato 9 marzo alle ore 16.00. Informazioni e prenotazioni: <a href=\"mailto:drm-pie.villadellaregina@cultura.gov.it\" target=\"_blank\">drm-pie.villadellaregina@cultura.gov.it<\/a>; 011 8195035.<br \/>\nAl <strong>Castello di Racconigi<\/strong>, venerd\u00ec <strong>8 marzo<\/strong> l\u2019appuntamento \u00e8 alle ore <strong>11.00<\/strong> con la <strong>visita tematica<\/strong> <em>Regine a Racconigi<\/em>, dedicata a Elena del Montenegro e Maria Jose&#8217; del Belgio, protagoniste della storia della residenza nel Novecento. Entrambe furono donne moderne che non si lasciarono imbrigliare nelle rigide regole dell&#8217;etichetta di corte, occupandosi, ad esempio, in prima persona dell&#8217;educazione dei figli: Elena fece introdurre lezioni di economia domestica per le figlie e Maria Jose&#8217; scelse un&#8217;istitutrice montessoriana. Appassionate di arte, cinema e fotografia, furono impegnate pure in numerose iniziative benefiche e assistenziali, diventando celebri e benvolute dalla popolazione. Il percorso include anche l&#8217;apertura straordinaria del secondo piano, con visita agli appartamenti privati novecenteschi e agli alloggi detti dei principini, e pu\u00f2 essere effettuato, secondo le tariffe ordinarie, anche gioved\u00ec 7 marzo alle ore 11.00. Informazioni e prenotazioni: <a href=\"mailto:drm-pie.racconigi.sed@cultura.gov.it\" target=\"_blank\">drm-pie.racconigi.sed@cultura.gov.it<\/a>.<br \/>\nNella sala conferenze dell\u2019Appartamento di Maria Letizia al <strong>Castello di Moncalieri<\/strong>, venerd\u00ec <strong>8 marzo<\/strong> alle ore <strong>17.00<\/strong>, si tiene la <strong>presentazione del volume<\/strong> <em>Come Ulisse<\/em> di Giuseppina Valla Innocenti, recentemente pubblicato dalle Edizioni Tripla E di Moncalieri. Il romanzo narra le vicende di Ausilia, emigrata ventenne da Cercenasco, in cerca di fortuna e affermazione in Argentina, seguendo una scelta che tocc\u00f2 tante famiglie piemontesi agli inizi del secolo scorso. L\u2019intreccio narrativo che si dipana attraverso le vicende di Ausilia non delinea solamente il racconto di un viaggio, quanto piuttosto un vero e proprio viaggio nei sentimenti, nelle emozioni, nelle paure e nei caratteri dei molti protagonisti e soprattutto delle protagoniste, donne forti, coraggiose, mai sconfitte anche se provate duramente dai casi della vita. Insieme all\u2019autrice, intervengono Albina Malerba, direttrice del Centro Studi Piemontesi e della rivista \u201cStudi Piemontesi\u201d, Gabriella Mosso, scrittrice, Piera Rossotti Pogliano, direttrice editoriale di Edizioni Tripla E, e Paola Alessandra Taraglio, direttrice de &#8220;Il Vinovese&#8221;. L\u2019incontro \u00e8 accompagnato dal contributo musicale di Silvano Bechis, con brani legati ai temi trattati nel libro. L\u2019evento \u00e8 <strong>gratuito per tutti<\/strong>, su <strong>prenotazione obbligatoria<\/strong> all\u2019indirizzo <a href=\"mailto:amicicastellomoncalieri@gmail.com\" target=\"_blank\">amicicastellomoncalieri@gmail.com<\/a> (ingresso dalla biglietteria del Castello in piazza Baden Baden, 4). Per tutta la giornata <strong>visite agli Appartamenti Reali<\/strong> con <strong>biglietto per le donne<\/strong> a <strong>tariffa ridotta<\/strong> speciale di <strong>\u20ac 3,00<\/strong>; <strong>prenotazione obbligatoria<\/strong> online: <a href=\"http:\/\/www.lavenaria.it\" target=\"_blank\">www.lavenaria.it<\/a>.<br \/>\nLe attivit\u00e0 in programma non si soffermano, dunque, sul fascino della cornice fiabesca in cui nell\u2019immaginario collettivo vivono regine e principesse, ma mirano a far conoscere aspetti pratici dell\u2019esistenza con cui si confrontava la condizione femminile anche in ambito sociale di elevato lignaggio, sino all\u2019altra faccia della medaglia restituita da quelle moltitudini di donne che, in una prospettiva lontana dall\u2019aura della regalit\u00e0, si sono mosse sullo scenario della storia.<br \/>\nSabato <strong>9 marzo<\/strong> alle ore <strong>16.00<\/strong>, celebrando ancora la Giornata internazionale della donna, la chiesa di Santa Maria dell\u2019<strong>Abbazia di Vezzolano<\/strong> ospita il <strong>concerto<\/strong> del Trio Hemispheres, composto da Amie Robin Weiss al violino, Mary Ann Ramos al violoncello e Amelia Hollander alla viola, che si esibisce con strumenti costruiti dalla Maestra liutaia cremonese Barbara Piccinotti. Ingresso su offerta libera fino ad esaurimento posti; informazioni: <a href=\"mailto:infopoint@turismoincollina.it\" target=\"_blank\">infopoint@turismoincollina.it<\/a>; 333 1365812.<br \/>\nTutte le informazioni su tariffe, orari, modalit\u00e0 di accesso e prenotazione sono disponibili nelle pagine dedicate alla visita nei musei di questo sito web.<\/p>\n","protected":false},"excerpt":{"rendered":"<p>In occasione della Giornata internazionale della donna, la Direzione regionale Musei Piemonte propone eventi a tema e per l\u2019intera giornata di venerd\u00ec 8 marzo offre alle donne l\u2019ingresso gratuito ai percorsi museali di Palazzo Carignano, [&hellip;]<\/p>\n","protected":false},"author":1,"featured_media":837,"comment_status":"closed","ping_status":"closed","sticky":false,"template":"","format":"standard","meta":{"footnotes":""},"categories":[64,12,228,7,10,4,8,229,5,6],"tags":[52,58,191,35,106,43,65,44,36,21,62,41,53,25],"class_list":["post-10564","post","type-post","status-publish","format-standard","has-post-thumbnail","hentry","category-abbazia-di-fruttuaria","category-abbazia-di-vezzolano","category-bene-vagienna","category-castello-di-aglie","category-castello-di-racconigi","category-direzione-regionale-musei","category-forte-di-gavi","category-industria","category-palazzo-carignano","category-villa-della-regina","tag-abbazia","tag-aglie","tag-apertura","tag-castello","tag-domenicalmuseo","tag-forte","tag-fruttuaria","tag-gavi","tag-musei","tag-news","tag-palazzo-carignano","tag-racconigi","tag-vezzolano","tag-villa-della-regina"],"_links":{"self":[{"href":"https:\/\/museipiemonte.cultura.gov.it\/index.php\/wp-json\/wp\/v2\/posts\/10564","targetHints":{"allow":["GET"]}}],"collection":[{"href":"https:\/\/museipiemonte.cultura.gov.it\/index.php\/wp-json\/wp\/v2\/posts"}],"about":[{"href":"https:\/\/museipiemonte.cultura.gov.it\/index.php\/wp-json\/wp\/v2\/types\/post"}],"author":[{"embeddable":true,"href":"https:\/\/museipiemonte.cultura.gov.it\/index.php\/wp-json\/wp\/v2\/users\/1"}],"replies":[{"embeddable":true,"href":"https:\/\/museipiemonte.cultura.gov.it\/index.php\/wp-json\/wp\/v2\/comments?post=10564"}],"version-history":[{"count":3,"href":"https:\/\/museipiemonte.cultura.gov.it\/index.php\/wp-json\/wp\/v2\/posts\/10564\/revisions"}],"predecessor-version":[{"id":10567,"href":"https:\/\/museipiemonte.cultura.gov.it\/index.php\/wp-json\/wp\/v2\/posts\/10564\/revisions\/10567"}],"wp:featuredmedia":[{"embeddable":true,"href":"https:\/\/museipiemonte.cultura.gov.it\/index.php\/wp-json\/wp\/v2\/media\/837"}],"wp:attachment":[{"href":"https:\/\/museipiemonte.cultura.gov.it\/index.php\/wp-json\/wp\/v2\/media?parent=10564"}],"wp:term":[{"taxonomy":"category","embeddable":true,"href":"https:\/\/museipiemonte.cultura.gov.it\/index.php\/wp-json\/wp\/v2\/categories?post=10564"},{"taxonomy":"post_tag","embeddable":true,"href":"https:\/\/museipiemonte.cultura.gov.it\/index.php\/wp-json\/wp\/v2\/tags?post=10564"}],"curies":[{"name":"wp","href":"https:\/\/api.w.org\/{rel}","templated":true}]}}