{"id":11245,"date":"2024-07-05T16:20:14","date_gmt":"2024-07-05T14:20:14","guid":{"rendered":"http:\/\/museipiemonte.cultura.gov.it\/?p=11245"},"modified":"2024-07-05T16:20:14","modified_gmt":"2024-07-05T14:20:14","slug":"conoscere-il-restauro-visite-al-cantiere-didattico-di-restauro-delle-sculture-dei-giardini-di-villa-della-regina","status":"publish","type":"post","link":"https:\/\/museipiemonte.cultura.gov.it\/index.php\/2024\/07\/05\/conoscere-il-restauro-visite-al-cantiere-didattico-di-restauro-delle-sculture-dei-giardini-di-villa-della-regina\/","title":{"rendered":"CONOSCERE IL RESTAURO &#8211; visite al cantiere didattico di restauro delle sculture dei giardini di Villa della Regina"},"content":{"rendered":"<p>\u00c8 in corso il <strong>cantiere didattico<\/strong> per il <strong>restauro delle sculture della cascatella della Naiade<\/strong>, sull\u2019asse del Belvedere, la struttura di impatto scenografico che fa da cornice a <strong>Villa della Regina<\/strong>, nell\u2019area del giardino che si estende sulle pendici della collina torinese. A svolgere l\u2019intervento sono le <strong>studentesse<\/strong> del primo anno del settore di specializzazione in Materiali lapidei e derivati; Superfici decorate dell&#8217;architettura del Corso di <strong>Laurea<\/strong> magistrale in <strong>Conservazione e Restauro dei Beni Culturali<\/strong> dell&#8217;<strong>Universit\u00e0 di Torino<\/strong>, in convenzione con la <strong>Fondazione Centro Conservazione e Restauro \u201cLa Venaria Reale\u201d<\/strong>. Le studentesse affrontano le operazioni di studio, documentazione e restauro affiancate da una docente restauratrice e da un gruppo di lavoro interdisciplinare, comprendente anche biologi e geologi, con la supervisione di Chiara Teolato, storica dell\u2019arte, direttrice di Villa della Regina, e Giulia Comello, funzionaria restauratrice delle Residenze reali sabaude \u2013 Direzione regionale Musei nazionali Piemonte.<br \/>\nSi tratta del gruppo scultoreo posto a coronamento della cascatella della Naiade, composto dalle statue di Naiade e Pan in posizione semisdraiata, probabilmente realizzate in marmo di Frabosa. L\u2019insieme, caratterizzato dalla figura femminile che regge un&#8217;urna capovolta da cui sgorga l&#8217;acqua proveniente dal retrostante Ninfeo del Mascherone, presenta similitudini stilistiche con la sirena della fontana dello scalone all\u2019ingresso della residenza e pu\u00f2 essere datato intorno al XVII secolo. La cascatella, alimentata direttamente dall\u2019urna della Naiade, \u00e8 costituita da una serie progressiva di livelli in pietra che fa scorrere l\u2019acqua verso una vaschetta in marmo bianco a forma di conchiglia da cui \u00e8 convogliata nella galleria sotterranea sottostante.<br \/>\nL\u2019apertura del cantiere di restauro \u00e8 stata sollecitata dal mediocre stato di conservazione delle statue, soprattutto a causa di accentuati fenomeni di erosione e di colonizzazioni biologiche di diversa natura che interessano in particolare le superfici meno esposte ai raggi solari, oltre alla necessit\u00e0 di trattare fessurazioni e fratture risarcite in precedenza con stuccature ormai degradate. L\u2019intervento \u00e8 pertanto finalizzato ad affrontare i problemi conservativi con l\u2019obiettivo di rallentare il degrado dei materiali, a partire da sopralluoghi sotto la guida di un team pluridisciplinare per fornire alle studentesse una conoscenza pi\u00f9 completa possibile dei fenomeni in atto che risultano piuttosto complessi. Le opere sono infatti collocate all\u2019aperto, in un contesto segnato da vere e proprie micro nicchie ecologiche che richiedono la valutazione in situ dei prodotti e delle metodologie da adottare nel rispetto dell\u2019ambiente circostante. Oltre a interessare il gruppo scultoreo della Naiade, le operazioni si concentrano anche sulla manutenzione e sulla revisione conservativa di alcuni manufatti restaurati nell\u2019ambito dei cantieri didattici svolti negli anni precedenti: le sculture del Ninfeo del Nettuno, nel Gran Rondeau, restaurate nel 2022, e la fontana mistilinea dell\u2019Esedra, oggetto di intervento nel 2023.<br \/>\nPer introdurre il pubblico nella complessa e affascinante realt\u00e0 della conservazione del patrimonio culturale, il cantiere didattico di restauro \u00e8 al centro di <strong>due visite tematiche di approfondimento<\/strong> in programma nei gioved\u00ec 11 luglio e 5 settembre alle ore 16.30. Insieme alle figure tecniche e alle studentesse coinvolte nelle attivit\u00e0 di restauro, i visitatori hanno cos\u00ec il privilegio di uno sguardo diretto su lavori che avvengono solitamente dietro le quinte, con l\u2019opportunit\u00e0 di conoscere le strategie di intervento e le molteplici criticit\u00e0 poste dalle esigenze di carattere conservativo. Accanto alle peculiarit\u00e0 degli aspetti ambientali, il restauro delle sculture include anche una serie di altre operazioni, dalla pulitura delle superfici alla ricollocazione dei frammenti distaccati, dalla rimozione di vecchie stuccature alla loro sostituzione con impasti adeguati.<br \/>\nLa partecipazione alle visite \u00e8 su <strong>prenotazione obbligatoria<\/strong> e il costo della visita \u00e8 compreso nel <strong>biglietto di ingresso<\/strong> al complesso museale di Villa della Regina.<\/p>\n<p>&nbsp;<\/p>\n<p><strong>INFO<\/strong><\/p>\n<p><em><strong>CONOSCERE IL RESTAURO<\/strong><\/em><br \/>\n<em><strong> Strategie di prevenzione e interventi conservativi sulle sculture dei giardini di Villa della Regina<\/strong><\/em><br \/>\n<strong> Visite tematiche di approfondimento al cantiere didattico di restauro<\/strong><br \/>\nVilla della Regina<br \/>\nStrada Santa Margherita, 79 \u2013 Torino<\/p>\n<p><strong>Orario:<\/strong> gioved\u00ec 11 luglio e 5 settembre alle ore 16.30.<br \/>\nVisite tematiche di approfondimento della durata di circa 50 minuti, a cura della direzione di Villa della Regina, dell\u2019Universit\u00e0 di Torino e della Fondazione Centro Conservazione e Restauro \u201cLa Venaria Reale\u201d.<br \/>\n<strong>Biglietti:<\/strong> intero \u20ac 7,00; ridotto \u20ac 2,00 dai 18 ai 25 anni; gratuito per minori di 18 anni; gratuito per docenti delle scuole italiane pubbliche e private paritarie con presentazione della certificazione del proprio stato di docente; studenti delle facolt\u00e0 di Architettura, Lettere e Filosofia; titolari di Abbonamento Musei, Torino+Piemonte Card; Royal Pass; personale MiC; membri ICOM; giornalisti muniti di tessera professionale; persone con disabilit\u00e0 e accompagnatori.<br \/>\n<strong>Prenotazione obbligatoria:<\/strong> 011 8195035; <a href=\"mailto:drm-pie.villadellaregina@cultura.gov.it\" target=\"_blank\">drm-pie.villadellaregina@cultura.gov.it<\/a>.<\/p>\n","protected":false},"excerpt":{"rendered":"<p>\u00c8 in corso il cantiere didattico per il restauro delle sculture della cascatella della Naiade, sull\u2019asse del Belvedere, la struttura di impatto scenografico che fa da cornice a Villa della Regina, nell\u2019area del giardino che [&hellip;]<\/p>\n","protected":false},"author":1,"featured_media":0,"comment_status":"closed","ping_status":"closed","sticky":false,"template":"","format":"standard","meta":{"footnotes":""},"categories":[4,254,6],"tags":[45,25,54],"class_list":["post-11245","post","type-post","status-publish","format-standard","hentry","category-direzione-regionale-musei","category-residenze-reali-sabaude","category-villa-della-regina","tag-restauro","tag-villa-della-regina","tag-visita-guidata"],"_links":{"self":[{"href":"https:\/\/museipiemonte.cultura.gov.it\/index.php\/wp-json\/wp\/v2\/posts\/11245","targetHints":{"allow":["GET"]}}],"collection":[{"href":"https:\/\/museipiemonte.cultura.gov.it\/index.php\/wp-json\/wp\/v2\/posts"}],"about":[{"href":"https:\/\/museipiemonte.cultura.gov.it\/index.php\/wp-json\/wp\/v2\/types\/post"}],"author":[{"embeddable":true,"href":"https:\/\/museipiemonte.cultura.gov.it\/index.php\/wp-json\/wp\/v2\/users\/1"}],"replies":[{"embeddable":true,"href":"https:\/\/museipiemonte.cultura.gov.it\/index.php\/wp-json\/wp\/v2\/comments?post=11245"}],"version-history":[{"count":3,"href":"https:\/\/museipiemonte.cultura.gov.it\/index.php\/wp-json\/wp\/v2\/posts\/11245\/revisions"}],"predecessor-version":[{"id":11248,"href":"https:\/\/museipiemonte.cultura.gov.it\/index.php\/wp-json\/wp\/v2\/posts\/11245\/revisions\/11248"}],"wp:attachment":[{"href":"https:\/\/museipiemonte.cultura.gov.it\/index.php\/wp-json\/wp\/v2\/media?parent=11245"}],"wp:term":[{"taxonomy":"category","embeddable":true,"href":"https:\/\/museipiemonte.cultura.gov.it\/index.php\/wp-json\/wp\/v2\/categories?post=11245"},{"taxonomy":"post_tag","embeddable":true,"href":"https:\/\/museipiemonte.cultura.gov.it\/index.php\/wp-json\/wp\/v2\/tags?post=11245"}],"curies":[{"name":"wp","href":"https:\/\/api.w.org\/{rel}","templated":true}]}}