{"id":11268,"date":"2024-07-09T12:58:06","date_gmt":"2024-07-09T10:58:06","guid":{"rendered":"http:\/\/museipiemonte.cultura.gov.it\/?p=11268"},"modified":"2024-09-20T14:52:29","modified_gmt":"2024-09-20T12:52:29","slug":"la-citta-immaginaria-raffaele-salvoldi-al-castello-di-aglie-9-giugno-15-settembre-2024","status":"publish","type":"post","link":"https:\/\/museipiemonte.cultura.gov.it\/index.php\/2024\/07\/09\/la-citta-immaginaria-raffaele-salvoldi-al-castello-di-aglie-9-giugno-15-settembre-2024\/","title":{"rendered":"EVENTO CONCLUSIVO DOMENICA 15 SETTEMBRE &#8211; La Citt\u00e0 Immaginaria \u2013 Raffaele Salvoldi al Castello di Agli\u00e8, 9 giugno-15 settembre 2024"},"content":{"rendered":"<p><em><strong>La Citt\u00e0 Immaginaria<\/strong><\/em> di Raffele <strong>Salvoldi<\/strong> \u00e8 arrivata al suo <strong>epilogo<\/strong>.<br \/>\nVi aspettiamo <strong>domenica 15 settembre<\/strong> al <strong>Castello di Agli\u00e8<\/strong> per vivere l\u2019<strong>evento conclusivo<\/strong> di cui \u00e8 protagonista l&#8217;opera realizzata dall&#8217;artista nel Salone di ingresso della residenza, utilizzando mattoncini Kapla, sovrapposti l\u2019uno sull\u2019altro senza chiodi, colle o altro tipo di legante.<br \/>\nAl mattino, <strong>dalle 10.00 alle 12.00<\/strong> si svolger\u00e0 il <strong>laboratorio didattico<\/strong> condotto dall\u2019artista (su prenotazione <a href=\"mailto:imaginarycity.staff@gmail.com\" target=\"_blank\">imaginarycity.staff@gmail.com<\/a>), mentre <strong>dalle 12.00 alle 17.00<\/strong> saranno attivate <strong>aree di gioco libero<\/strong> con i mattoncini Kapla nel Castello e nella Serra verde all\u2019interno del Giardino. Sar\u00e0 anche possibile assistere alla realizzazione della catena di mattoncini che, tramite effetto domino, innescher\u00e0 il crollo delle installazioni.<br \/>\nDalle ore 16.00 un intrattenimento musicale nella corte antistante il Castello far\u00e0 da colonna sonora all\u2019attesa della <strong>spettacolare performance conclusiva di collasso artistico dell\u2019opera<\/strong> fissata per le ore <strong>17.30<\/strong>. Questo momento segner\u00e0 il culmine dell\u2019intero progetto di rielaborazione estetica compiuta da Salvoldi: dalla genesi del percorso creativo, con l\u2019assemblaggio delle installazioni, al gesto dirompente della loro demolizione artistica che ne innesca il crollo. La performance simboleggia la natura effimera dell\u2019arte, suscitando emozioni ambivalenti che oscillano tra il fascino coinvolgente dell\u2019evento e la sensibilit\u00e0 verso la distruzione dell\u2019opera.<br \/>\n<strong>I<\/strong><strong>ngresso libero e gratuito fino a esaurimento posti.<br \/>\n<\/strong><strong>Per informazioni:<\/strong> <a href=\"mailto:drm-pie.aglie@cultura.gov.it\" target=\"_blank\">drm-pie.aglie@cultura.gov.it<\/a>; 0124 330102; 3668333372.<\/p>\n<p><strong>PROGRAMMA<\/strong><br \/>\n<strong>&#8211; ore 10.00-12.00:<\/strong> laboratorio didattico condotto dall\u2019artista<br \/>\nInformazioni e prenotazioni <a href=\"mailto:imaginarycity.staff@gmail.com\" target=\"_blank\">imaginarycity.staff@gmail.com<\/a><br \/>\n<strong>&#8211; ore 12.00-17.00:<\/strong> aree di gioco libero con mattoncini Kapla<br \/>\n<strong>&#8211; ore 16.00:<\/strong> intrattenimento musicale nella corte antistante il Castello<br \/>\n<strong>&#8211; ore 17.30:<\/strong> performance conclusiva di demolizione artistica dell\u2019opera<\/p>\n<p>&nbsp;<\/p>\n<p>&nbsp;<\/p>\n<p>Raffaele <strong>Salvoldi<\/strong> \u00e8 autore di due\u00a0<strong>installazioni<\/strong> costruite con mattoncini Kapla, sovrapposti l\u2019uno sull\u2019altro senza chiodi, colle o altro tipo di legante, che svettano nel Salone di ingresso del <strong>Castello di Agli\u00e8<\/strong>, disegnando lo skyline di una citt\u00e0 immaginaria che, con lo slancio verticale di guglie oltre gli 8 metri d&#8217;altezza, sembra sfidare le leggi della fisica.<br \/>\nQuesto straordinario paesaggio urbano, sospeso in un\u2019atmosfera dalle cadenze oniriche e fiabesche, invita il pubblico a esplorare il concetto della bellezza e a riflettere sull&#8217;importanza di prendersene cura. <em><strong>La Citt\u00e0 Immaginaria<\/strong><\/em> non \u00e8 semplicemente un\u2019<strong>esposizione<\/strong> di opere da osservare, ma un&#8217;<strong>esperienza da vivere<\/strong>, a partire dal processo di allestimento che si \u00e8 svolto direttamente nella residenza sabauda, durante il passaggio dei visitatori.<br \/>\nL\u2019interattivit\u00e0 costituisce infatti una componente essenziale dell\u2019originale rielaborazione estetica dell\u2019artista, permettendo al pubblico di assistere alla nascita della Citt\u00e0 Immaginaria e di interagire con i suoi contenuti nell\u2019ambito di laboratori artistici per tutte le et\u00e0. Ma non solo. Le fantasiose architetture realizzate sono destinate a uno spettacolare <strong>epilogo<\/strong> nel pomeriggio di <strong>domenica 15 settembre<\/strong>, quando al Castello di Agli\u00e8 si terr\u00e0 la performance conclusiva di collasso artistico delle strutture, provocato da un effetto domino. Questo momento segna il culmine dell\u2019intera operazione di cui \u00e8 protagonista la Citt\u00e0 Immaginaria: dalla genesi del percorso creativo, con l&#8217;assemblaggio delle installazioni, al gesto dirompente della loro demolizione artistica che ne innesca il crollo. La performance simboleggia la natura effimera dell&#8217;arte, suscitando emozioni ambivalenti che oscillano tra il fascino coinvolgente dell\u2019evento e la sensibilit\u00e0 verso la distruzione delle opere.<br \/>\nLe installazioni sono comunque create nel principio della sostenibilit\u00e0, con mattoncini Kapla in pino marittimo, provenienti da foreste regolamentate, che saranno riutilizzati al termine dell\u2019esposizione, sottolineando l&#8217;importanza del riuso e del rispetto ambientale.<\/p>\n<p>La mostra \u00e8 accompagnata da <strong>laboratori didattici<\/strong> condotti dall&#8217;artista, rivolti ad adulti e a bambine e bambini <strong>dai 7 anni in poi<\/strong>, in programma nei giorni <strong>10, 11, 29, 30, 31 agosto<\/strong> e <strong>6, 13, 14 settembre<\/strong> <strong>dalle 15.00 alle 17.00<\/strong> e il <strong>15 settembre dalle 10.00 alle 12.00<\/strong>. Gli appuntamenti prevedono una prima parte dedicata ai segreti e alle tecniche costruttive e una seconda di attivit\u00e0 pratica, con la realizzazione di piccole opere d\u2019arte da demolire alla fine del laboratorio, sperimentando dunque tutte le fasi dell&#8217;iter creativo che interessa le installazioni realizzate nel Castello, destinate infatti alla spettacolare demolizione artistica prevista il 15 settembre.<br \/>\nInformazioni e prenotazioni per i laboratori didattici: <a href=\"mailto:imaginarycity.staff@gmail.com\" target=\"_blank\">imaginarycity.staff@gmail.com<\/a>.<\/p>\n<p><strong>Raffaele Salvoldi.<\/strong> Dopo aver iniziato come direttore della fotografia e aver svolto dieci anni di attivit\u00e0 nel settore cinematografico e pubblicitario, collaborando con brand come Gessi, Lavazza, Discovery Channel, Armani, nel periodo del lockdown dovuto al Covid, realizza nel suo soggiorno alcune strutture con 1.000 mattoncini Kapla. Nel 2022 le sue opere vengono ospitate dal Comitato d&#8217;Amore per Casa Bossi all&#8217;interno delle sale affrescate dell&#8217;omonima residenza antonelliana a Novara, diventando presto un&#8217;attrazione per il pubblico, con un importante contributo alla valorizzazione dell&#8217;edifico. Nasce quindi la mission del suo progetto artistico: aggregare ed emozionare le persone all&#8217;interno di luoghi culturali, attraverso esposizioni che vedono nel vernissage il primo metro di una struttura e nel finissage la demolizione delle opere alla presenza del pubblico, evento che richiama centinaia di persone. Nel 2023 inizia la collaborazione con il brand Salvatori, che unisce due desideri: quello dell&#8217;artista di realizzare opere anche all&#8217;aria aperta o permanenti e quello di Gabriele Salvatori di dare nuova vita agli scarti di lavorazione delle pietre naturali. Alla Design Week 2023 di Milano viene presentata al pubblico la prima installazione in marmo. Durante l&#8217;estate dello stesso anno sperimenta lo sviluppo verticale: nella sale della Pinacoteca di Varallo raggiunge un&#8217;altezza di 9,30 metri, utilizzando 30.000 mattoncini Kapla, mentre sul greto del fiume Mastallone tocca i 7,40, con circa 6.000 mattoncini in marmo di Carrara.<\/p>\n<p>&nbsp;<\/p>\n<p><strong> <em>La Citt\u00e0 Immaginaria <\/em><\/strong><br \/>\n<strong> <em>Raffaele Salvoldi al Castello di Agli\u00e8<\/em><\/strong><\/p>\n<p><strong>Castello di Agli\u00e8<\/strong><br \/>\n<strong> piazza Castello, 1 \u2013 Agli\u00e8 (TO)<\/strong><br \/>\n<strong> 9 giugno-15 settembre 2024<br \/>\n<\/strong><br \/>\n<strong>Orario:<\/strong> luned\u00ec, mercoled\u00ec, gioved\u00ec, venerd\u00ec, sabato e domenica dalle 9.00 alle 13.00 (ultimo ingresso 12.00) e dalle 14.00 alle 19.00 (ultimo ingresso 18.00).<br \/>\n<strong>Chiuso:<\/strong> marted\u00ec.<br \/>\n<strong>Biglietti:<\/strong> intero \u20ac 8,00; ridotto \u20ac 2,00 dai 18 ai 25 anni; gratuito per minori di 18 anni; persone con disabilit\u00e0 e accompagnatori; titolari di Abbonamento Musei, Torino+Piemonte Card, Royal Pass; personale MiC; ulteriori riduzioni e gratuit\u00e0 in base a disposizioni di legge e convenzioni.<br \/>\n<strong>Si consiglia l\u2019acquisto del biglietto in anticipo su <a href=\"http:\/\/www.museiitaliani.it\" target=\"_blank\">www.museiitaliani.it<\/a> oppure tramite l\u2019app Musei Italiani.<br \/>\nInformazioni:\u00a0<\/strong><a href=\"mailto:drm-pie.aglie@cultura.gov.it\" target=\"_blank\">drm-pie.aglie@cultura.gov.it<\/a>; 0124 330102; 366 8333372.<\/p>\n<p>&nbsp;<\/p>\n<p><strong><a href=\"http:\/\/museipiemonte.cultura.gov.it\/wp-content\/uploads\/2024\/07\/IMMAGINI_salvoldi.zip\" target=\"_blank\">SCARICA LE MMAGINI<\/a><\/strong><\/p>\n<p>&nbsp;<\/p>\n<div style=\"width: 1170px;\" class=\"wp-video\"><video class=\"wp-video-shortcode\" id=\"video-11268-1\" width=\"1170\" height=\"658\" preload=\"metadata\" controls=\"controls\"><source type=\"video\/mp4\" src=\"http:\/\/museipiemonte.cultura.gov.it\/wp-content\/uploads\/2024\/07\/video_Salvoldi.mp4?_=1\" \/><a href=\"http:\/\/museipiemonte.cultura.gov.it\/wp-content\/uploads\/2024\/07\/video_Salvoldi.mp4\">http:\/\/museipiemonte.cultura.gov.it\/wp-content\/uploads\/2024\/07\/video_Salvoldi.mp4<\/a><\/video><\/div>\n<p>&nbsp;<\/p>\n<p>&nbsp;<\/p>\n","protected":false},"excerpt":{"rendered":"<p>La Citt\u00e0 Immaginaria di Raffele Salvoldi \u00e8 arrivata al suo epilogo. Vi aspettiamo domenica 15 settembre al Castello di Agli\u00e8 per vivere l\u2019evento conclusivo di cui \u00e8 protagonista l&#8217;opera realizzata dall&#8217;artista nel Salone di ingresso [&hellip;]<\/p>\n","protected":false},"author":1,"featured_media":828,"comment_status":"closed","ping_status":"closed","sticky":false,"template":"","format":"standard","meta":{"footnotes":""},"categories":[7,4,254],"tags":[58,35,50,21],"class_list":["post-11268","post","type-post","status-publish","format-standard","has-post-thumbnail","hentry","category-castello-di-aglie","category-direzione-regionale-musei","category-residenze-reali-sabaude","tag-aglie","tag-castello","tag-mostra","tag-news"],"_links":{"self":[{"href":"https:\/\/museipiemonte.cultura.gov.it\/index.php\/wp-json\/wp\/v2\/posts\/11268","targetHints":{"allow":["GET"]}}],"collection":[{"href":"https:\/\/museipiemonte.cultura.gov.it\/index.php\/wp-json\/wp\/v2\/posts"}],"about":[{"href":"https:\/\/museipiemonte.cultura.gov.it\/index.php\/wp-json\/wp\/v2\/types\/post"}],"author":[{"embeddable":true,"href":"https:\/\/museipiemonte.cultura.gov.it\/index.php\/wp-json\/wp\/v2\/users\/1"}],"replies":[{"embeddable":true,"href":"https:\/\/museipiemonte.cultura.gov.it\/index.php\/wp-json\/wp\/v2\/comments?post=11268"}],"version-history":[{"count":17,"href":"https:\/\/museipiemonte.cultura.gov.it\/index.php\/wp-json\/wp\/v2\/posts\/11268\/revisions"}],"predecessor-version":[{"id":11486,"href":"https:\/\/museipiemonte.cultura.gov.it\/index.php\/wp-json\/wp\/v2\/posts\/11268\/revisions\/11486"}],"wp:featuredmedia":[{"embeddable":true,"href":"https:\/\/museipiemonte.cultura.gov.it\/index.php\/wp-json\/wp\/v2\/media\/828"}],"wp:attachment":[{"href":"https:\/\/museipiemonte.cultura.gov.it\/index.php\/wp-json\/wp\/v2\/media?parent=11268"}],"wp:term":[{"taxonomy":"category","embeddable":true,"href":"https:\/\/museipiemonte.cultura.gov.it\/index.php\/wp-json\/wp\/v2\/categories?post=11268"},{"taxonomy":"post_tag","embeddable":true,"href":"https:\/\/museipiemonte.cultura.gov.it\/index.php\/wp-json\/wp\/v2\/tags?post=11268"}],"curies":[{"name":"wp","href":"https:\/\/api.w.org\/{rel}","templated":true}]}}