{"id":11308,"date":"2024-07-19T15:55:35","date_gmt":"2024-07-19T13:55:35","guid":{"rendered":"http:\/\/museipiemonte.cultura.gov.it\/?p=11308"},"modified":"2024-07-31T17:31:49","modified_gmt":"2024-07-31T15:31:49","slug":"castello-di-racconigi-restaurare-la-luce-aperture-straordinarie-con-visite-guidate-alle-margarie","status":"publish","type":"post","link":"https:\/\/museipiemonte.cultura.gov.it\/index.php\/2024\/07\/19\/castello-di-racconigi-restaurare-la-luce-aperture-straordinarie-con-visite-guidate-alle-margarie\/","title":{"rendered":"SOLD OUT! Castello di Racconigi &#8211; Restaurare la luce, aperture straordinarie con visite guidate alle Margarie"},"content":{"rendered":"<p>Si sono conclusi gli interventi conservativi sulle <strong>vetrate dipinte<\/strong> del <strong>reposoir<\/strong> della regina Maria Teresa e della <strong>cappella<\/strong> del Beato Alberto, nel complesso delle <strong>Margarie<\/strong> al fondo del <strong>Parco del Castello di Racconigi<\/strong>. Le operazioni sono state effettuate per il <strong>progetto <em>Restaurare la luce<\/em>.<\/strong> <em>Conservazione e valorizzazione delle vetrate neogotiche delle Margarie<\/em>, grazie al contributo erogato dalla Fondazione CRC nell\u2019ambito del bando \u201cPatrimonio Culturale\u201d e al cofinanziamento stanziato dal Ministero della cultura che ha supportato anche gli interventi sul pavimento e sui rivestimenti lignei del reposoir. I fondi sono pervenuti tramite la piattaforma Art Bonus.<br \/>\nPer introdurre il pubblico nella complessa e affascinante realt\u00e0 del restauro e promuovere la conoscenza delle attivit\u00e0 di cura del patrimonio culturale, il lavoro svolto \u00e8 al centro di speciali <strong>visite tematiche di approfondimento<\/strong>, condotte dalle figure che hanno curato l\u2019intervento, in programma nei sabati <strong>27 luglio, 31 agosto e 14 settembre<\/strong> alle <strong>ore 9.15, 10.30 e 11.45<\/strong>. L\u2019iniziativa mira a incrementare esperienze e opportunit\u00e0 di fruizione da parte del pubblico, anche all\u2019insegna dei principi di inclusivit\u00e0, con una particolare attenzione per le persone con disabilit\u00e0 cognitiva. In continuit\u00e0 con il progetto Come in! portato avanti nel 2023, la Cooperativa Sociale &#8220;In volo&#8221; ha prodotto infatti una guida al percorso in CAA (Comunicazione Aumentativa Alternativa), disponibile tramite QR code, realizzata con il coinvolgimento di ragazze e ragazzi con disabilit\u00e0 intellettiva.<br \/>\nLe visite restituiscono, inoltre, al pubblico una parte del complesso racconigese solitamente non accessibile, con l\u2019<strong>apertura straordinaria<\/strong> degli spazi aulici del reposoir della regina Maria Teresa e della cappella del Beato Alberto, all\u2019interno nel complesso delle <strong>Margarie<\/strong>, raffinato esempio di neogotico italiano, costruito su progetto di Ernesto Melano e Pelagio Palagi tra il 1834 e il 1843. Situato nella torre angolare di levante, il reposoir della regina fu concepito come un salottino di sosta, caratterizzato da un apparato decorativo ispirato al gotico fiorito, giocato su un intreccio di nervature vegetali che si sviluppa sullo sfondo di un cielo popolato da putti e angioletti. Le pareti sono scandite da \u201cfinestroni con vetri dipinti a fuoco\u201d eseguiti da Pietro Bagatti Valsecchi, miniaturista e pittore su vetro milanese, che vi inser\u00ec anche alcuni ritratti di piccole dimensioni \u2013 oggi importante testimonianza storica \u2013 tra cui quello di Pelagio Palagi \u201ccon gran cravatta, fronte spaziosa e capelli arruffati\u201d. La cappella del Beato Alberto \u00e8 invece decorata con stucchi, stipiti ornati, cornici e costoloni che dividono la volta in otto campi e alle opere partecip\u00f2 anche il pittore Francesco Gonin. La vetrata, tranne la cimasa con la Vergine, il Bambino e angeli affidata a Giovanni Bertini, fu realizzata nel 1844 da Pietro Bagatti Valsecchi, su modelli preparatori di Carlo Bellosio, raffiguranti le storie del Beato Alberto, e fu esposta all\u2019Accademia di Brera prima di essere collocata dove tuttora si trova. Il percorso include infine un altro edificio delle Margarie che non rientra nei consueti itinerari di visita, la grande struttura vetrata delle Serre alte, opera di Carlo Sada risalente agli anni 1844-1848.<br \/>\nLo stato di conservazione delle vetrate, finora mai affrontato, si presentava mediocre, richiedendo pertanto un intervento di manutenzione straordinaria. L&#8217;attivit\u00e0 conservativa risultava urgente e indispensabile, sia per contrastare i fenomeni di degrado in atto, dovuti principalmente alle lesioni presenti, sia per garantire un adeguato livello di sicurezza degli ambienti nel collegamento tra interno ed esterno. La restauratrice Alessandra Raffo, coadiuvata dalla collega Martina Trento, recuperando numerosi frammenti erratici, ha riproposto, ove possibile, l\u2019integrit\u00e0 materica e decorativa delle vetrate, dopo aver eseguito gli opportuni interventi di pulitura e consolidamento delle lesioni. Il lavoro \u00e8 stato diretto dalla restauratrice Roberta Bianchi, responsabile del nostro Laboratorio di restauro, in collaborazione con il collega restauratore Giuseppe Milazzo.<br \/>\nA concludere l\u2019iniziativa sar\u00e0 la presentazione del restauro e degli esiti delle aperture straordinarie, in occasione di un evento in programma a inizio ottobre per delineare un bilancio delle attivit\u00e0 per restituire al pubblico questa parte di patrimonio attraverso gli interventi conservativi e i percorsi di fruizione culturale.<br \/>\nPer partecipare alle visite \u00e8 necessario l\u2019<strong>acquisto anticipato del biglietto<\/strong> esclusivamente <strong>online<\/strong> sul sito <a href=\"http:\/\/www.museiitaliani.it\" target=\"_blank\">www.museiitaliani.it<\/a> oppure tramite app Musei Italiani (intero \u20ac 8,00; ridotto \u20ac 2,00). Il giorno della visita bisogner\u00e0 presentarsi direttamente alle Margarie almeno dieci minuti prima dell\u2019orario prenotato; l\u2019ingresso avverr\u00e0 dal cosiddetto \u2018cancello nero\u2019, sul lato nord del muro di cinta del Parco all\u2019incrocio con via Migliabruna, e sar\u00e0 consentito l\u2019accesso con mezzo proprio a quanti saranno muniti di biglietto.<\/p>\n<p>&nbsp;<\/p>\n<p><strong>INFO<\/strong><\/p>\n<p><em><strong>RESTAURARE LA LUCE<\/strong><\/em><br \/>\n<em><strong>Le vetrate neogotiche delle Margarie nel Parco del Castello di Racconigi<\/strong><\/em><br \/>\n<strong>Aperture straordinarie con visite tematiche di approfondimento <\/strong><br \/>\n<strong>Parco del Castello di Racconigi<\/strong><br \/>\nAccesso dal \u2018cancello nero\u2019 sul lato nord del muro di cinta del Parco, all\u2019incrocio con via Migliabruna \u2013 localizzazione GPS: 44\u00b047&#8217;14.9&#8243;N 7\u00b040&#8217;16.4&#8243;E.<br \/>\nAlle visitatrici e ai visitatori muniti di biglietto sar\u00e0 consentito l\u2019accesso con mezzo proprio, da parcheggiare sul piazzale antistante la Margaria.<br \/>\nPresentarsi al cancello almeno 10 minuti prima dell\u2019orario di inizio della visita prenotata.<br \/>\nPer ragioni organizzative non sar\u00e0 possibile accettare chi dovesse arrivare in ritardo.<\/p>\n<p><strong>Orario:<\/strong> sabati 27 luglio, 31 agosto e 14 settembre alle ore 9.15, 10.30, 11.45.<br \/>\nVisite tematiche di approfondimento della durata di circa 45 minuti, a cura di funzionarie e funzionari delle Residenze reali sabaude \u2013 Direzione regionale Musei nazionali Piemonte.<br \/>\n<strong>Biglietti:<\/strong> intero \u20ac 8,00; ridotto \u20ac 2,00 dai 18 ai 25 anni; gratuito per minori di 18 anni; gratuito per persone con disabilit\u00e0 e accompagnatori, gratuito per possessori di Abbonamento Musei, Torino+Piemonte Card, Royal Pass; ulteriori riduzioni e gratuit\u00e0 in base a disposizioni di legge e convenzioni.<br \/>\n<strong>Biglietto da acquistare esclusivamente online su <a href=\"http:\/\/www.museiitaliani.it\" target=\"_blank\">www.museiitaliani.it<\/a> oppure tramite app Musei Italiani.<\/strong><br \/>\n<strong>Per informazioni:<\/strong> <a href=\"mailto:drm-pie.racconigi@cultura.gov.it\" target=\"_blank\">drm-pie.racconigi@cultura.gov.it<\/a>; 0172 84005.<\/p>\n","protected":false},"excerpt":{"rendered":"<p>Si sono conclusi gli interventi conservativi sulle vetrate dipinte del reposoir della regina Maria Teresa e della cappella del Beato Alberto, nel complesso delle Margarie al fondo del Parco del Castello di Racconigi. Le operazioni [&hellip;]<\/p>\n","protected":false},"author":1,"featured_media":830,"comment_status":"closed","ping_status":"closed","sticky":false,"template":"","format":"standard","meta":{"footnotes":""},"categories":[10,4,254],"tags":[35,258,40,41,54],"class_list":["post-11308","post","type-post","status-publish","format-standard","has-post-thumbnail","hentry","category-castello-di-racconigi","category-direzione-regionale-musei","category-residenze-reali-sabaude","tag-castello","tag-margarie","tag-parco","tag-racconigi","tag-visita-guidata"],"_links":{"self":[{"href":"https:\/\/museipiemonte.cultura.gov.it\/index.php\/wp-json\/wp\/v2\/posts\/11308","targetHints":{"allow":["GET"]}}],"collection":[{"href":"https:\/\/museipiemonte.cultura.gov.it\/index.php\/wp-json\/wp\/v2\/posts"}],"about":[{"href":"https:\/\/museipiemonte.cultura.gov.it\/index.php\/wp-json\/wp\/v2\/types\/post"}],"author":[{"embeddable":true,"href":"https:\/\/museipiemonte.cultura.gov.it\/index.php\/wp-json\/wp\/v2\/users\/1"}],"replies":[{"embeddable":true,"href":"https:\/\/museipiemonte.cultura.gov.it\/index.php\/wp-json\/wp\/v2\/comments?post=11308"}],"version-history":[{"count":6,"href":"https:\/\/museipiemonte.cultura.gov.it\/index.php\/wp-json\/wp\/v2\/posts\/11308\/revisions"}],"predecessor-version":[{"id":11377,"href":"https:\/\/museipiemonte.cultura.gov.it\/index.php\/wp-json\/wp\/v2\/posts\/11308\/revisions\/11377"}],"wp:featuredmedia":[{"embeddable":true,"href":"https:\/\/museipiemonte.cultura.gov.it\/index.php\/wp-json\/wp\/v2\/media\/830"}],"wp:attachment":[{"href":"https:\/\/museipiemonte.cultura.gov.it\/index.php\/wp-json\/wp\/v2\/media?parent=11308"}],"wp:term":[{"taxonomy":"category","embeddable":true,"href":"https:\/\/museipiemonte.cultura.gov.it\/index.php\/wp-json\/wp\/v2\/categories?post=11308"},{"taxonomy":"post_tag","embeddable":true,"href":"https:\/\/museipiemonte.cultura.gov.it\/index.php\/wp-json\/wp\/v2\/tags?post=11308"}],"curies":[{"name":"wp","href":"https:\/\/api.w.org\/{rel}","templated":true}]}}