{"id":11319,"date":"2024-07-22T16:11:56","date_gmt":"2024-07-22T14:11:56","guid":{"rendered":"http:\/\/museipiemonte.cultura.gov.it\/?p=11319"},"modified":"2024-07-22T16:11:56","modified_gmt":"2024-07-22T14:11:56","slug":"il-castello-di-aglie-per-morena-ovest","status":"publish","type":"post","link":"https:\/\/museipiemonte.cultura.gov.it\/index.php\/2024\/07\/22\/il-castello-di-aglie-per-morena-ovest\/","title":{"rendered":"Il Castello di Agli\u00e8 per Morena Ovest"},"content":{"rendered":"<p>Il Castello di Agli\u00e8 \u00e8 tra la realt\u00e0 che hanno aderito al programma di iniziative promosso da <a href=\"https:\/\/morenaovest.it\/\" target=\"_blank\">Morena Ovest<\/a>, un accordo per la promozione del territorio che unisce i Comuni del Canavese situati tra la piana interna dell\u2019Anfiteatro Morenico di Ivrea e il letto del Torrente Orco. Il paesaggio di questi luoghi \u00e8 stato plasmato durante l&#8217;era glaciale dal grande Ghiacciaio Balteo, che ha portato fuori dall\u2019attuale Valle d\u2019Aosta enormi quantit\u00e0 di detriti di roccia e ha creato una spettacolare cerchia di rilievi su una superficie di circa mille chilometri quadrati. Nove cerchie di colline (dette morene a causa della loro origine) formano l\u2019Anfiteatro Morenico di Ivrea, non il pi\u00f9 grande ma probabilmente il pi\u00f9 spettacolare fra i tanti che circondano le Alpi. Molti conoscono la Serra d\u2019Ivrea, la &#8216;morena per eccellenza&#8217;, per la sua forma cos\u00ec regolare e perch\u00e9 risulta tra le pi\u00f9 lunghe al mondo. La &#8216;sorella&#8217; Morena Ovest ha forme pi\u00f9 frastagliate e rilievi dolci, caratteristiche che la rendono particolarmente adatta a chi ama muoversi lentamente per assaporare il gusto della scoperta dei suoi borghi di origine medioevale, dei paesaggi molto vari e ricchi di biodiversit\u00e0, nonch\u00e9 dell\u2019imponente complesso del Castello di Agli\u00e8 con la sua magnifica cornice verde, tra le residenze sabaude iscritte nella lista del Patrimonio mondiale dell&#8217;UNESCO.<br \/>\nIl progetto Morena Ovest intende valorizzare l\u2019unicit\u00e0 del proprio territorio attraverso la creazione di infrastrutture per l\u2019outdoor, la comunicazione e l&#8217;organizzazione di eventi attrattivi per il \u201cturista lento\u201d.<\/p>\n","protected":false},"excerpt":{"rendered":"<p>Il Castello di Agli\u00e8 \u00e8 tra la realt\u00e0 che hanno aderito al programma di iniziative promosso da Morena Ovest, un accordo per la promozione del territorio che unisce i Comuni del Canavese situati tra la [&hellip;]<\/p>\n","protected":false},"author":1,"featured_media":828,"comment_status":"closed","ping_status":"closed","sticky":false,"template":"","format":"standard","meta":{"footnotes":""},"categories":[7,4,254],"tags":[58,35,33],"class_list":["post-11319","post","type-post","status-publish","format-standard","has-post-thumbnail","hentry","category-castello-di-aglie","category-direzione-regionale-musei","category-residenze-reali-sabaude","tag-aglie","tag-castello","tag-valorizzazione"],"_links":{"self":[{"href":"https:\/\/museipiemonte.cultura.gov.it\/index.php\/wp-json\/wp\/v2\/posts\/11319","targetHints":{"allow":["GET"]}}],"collection":[{"href":"https:\/\/museipiemonte.cultura.gov.it\/index.php\/wp-json\/wp\/v2\/posts"}],"about":[{"href":"https:\/\/museipiemonte.cultura.gov.it\/index.php\/wp-json\/wp\/v2\/types\/post"}],"author":[{"embeddable":true,"href":"https:\/\/museipiemonte.cultura.gov.it\/index.php\/wp-json\/wp\/v2\/users\/1"}],"replies":[{"embeddable":true,"href":"https:\/\/museipiemonte.cultura.gov.it\/index.php\/wp-json\/wp\/v2\/comments?post=11319"}],"version-history":[{"count":1,"href":"https:\/\/museipiemonte.cultura.gov.it\/index.php\/wp-json\/wp\/v2\/posts\/11319\/revisions"}],"predecessor-version":[{"id":11320,"href":"https:\/\/museipiemonte.cultura.gov.it\/index.php\/wp-json\/wp\/v2\/posts\/11319\/revisions\/11320"}],"wp:featuredmedia":[{"embeddable":true,"href":"https:\/\/museipiemonte.cultura.gov.it\/index.php\/wp-json\/wp\/v2\/media\/828"}],"wp:attachment":[{"href":"https:\/\/museipiemonte.cultura.gov.it\/index.php\/wp-json\/wp\/v2\/media?parent=11319"}],"wp:term":[{"taxonomy":"category","embeddable":true,"href":"https:\/\/museipiemonte.cultura.gov.it\/index.php\/wp-json\/wp\/v2\/categories?post=11319"},{"taxonomy":"post_tag","embeddable":true,"href":"https:\/\/museipiemonte.cultura.gov.it\/index.php\/wp-json\/wp\/v2\/tags?post=11319"}],"curies":[{"name":"wp","href":"https:\/\/api.w.org\/{rel}","templated":true}]}}