{"id":1142,"date":"2016-10-04T07:57:18","date_gmt":"2016-10-04T06:57:18","guid":{"rendered":"http:\/\/museipiemonte.cultura.gov.it\/?p=1142"},"modified":"2016-10-11T09:22:59","modified_gmt":"2016-10-11T08:22:59","slug":"la-giornata-delle-famiglie-al-museo-fmu-9-ottobre-2016","status":"publish","type":"post","link":"https:\/\/museipiemonte.cultura.gov.it\/index.php\/2016\/10\/04\/la-giornata-delle-famiglie-al-museo-fmu-9-ottobre-2016\/","title":{"rendered":"La Giornata delle Famiglie al Museo &#8211; F@MU &#8211; 9 ottobre 2016"},"content":{"rendered":"<p>Anche quest\u2019anno il Ministero per i Beni e le attivit\u00e0 culturali ed il turismo aderisce alla <strong>Giornata nazionale delle famiglie al museo<\/strong> sul tema <em>Giochi e gare al museo<\/em>.<\/p>\n<p>Il Polo Museale del Piemonte \u00e8 lieto di collaborare all\u2019iniziativa: a <a href=\"http:\/\/museipiemonte.cultura.gov.it\/index.php\/musei-e-luoghi-della-cultura\/villa-della-regina\/\" target=\"_blank\">Villa della Regina<\/a>, a <a href=\"http:\/\/museipiemonte.cultura.gov.it\/index.php\/musei-e-luoghi-della-cultura\/palazzo-carignano\/\" target=\"_blank\">Palazzo Carignano<\/a> e nei Castelli di <a href=\"http:\/\/museipiemonte.cultura.gov.it\/index.php\/musei-e-luoghi-della-cultura\/castello-di-racconigi\/\" target=\"_blank\">Racconigi<\/a>, <a href=\"http:\/\/museipiemonte.cultura.gov.it\/index.php\/musei-e-luoghi-della-cultura\/castello-di-aglie\/\" target=\"_blank\">Agli\u00e9<\/a> e <a href=\"http:\/\/museipiemonte.cultura.gov.it\/index.php\/musei-e-luoghi-della-cultura\/castello-di-serralunga\/\" target=\"_blank\">Serralunga<\/a> gli educatori museali accompagneranno i piccoli visitatori e le loro famiglie in attivit\u00e0 di gioco ed apprendimento opportunamente predisposte.<\/p>\n<p>I bambini avranno occasione di avvicinarsi al vasto patrimonio artistico attraverso modalit\u00e0 ludiche che stimoleranno l\u2019apprendimento e l\u2019arricchimento interiore.<br \/>\nMappe tematiche e materiali didattici accattivanti arricchiranno l\u2019offerta culturale e piccoli omaggi premieranno i giovani partecipanti.<\/p>\n<p>Di seguito gli eventi organizzati nelle sedi:<\/p>\n<p>&nbsp;<\/p>\n<p><strong><a href=\"http:\/\/museipiemonte.cultura.gov.it\/index.php\/musei-e-luoghi-della-cultura\/villa-della-regina\/visita-villa-della-regina\/\" target=\"_blank\">Villa della Regina<\/a><\/strong><br \/>\n\u201cTriathlon\u201d a Villa della Regina &#8211; Sport e Cultura nella Natura<br \/>\nDue visite guidate con gioco finale<\/p>\n<p>Ragazzi e famiglie verranno accompagnati dagli educatori museali a visitare gli Appartamenti Reali settecenteschi e i giardini all&#8217;italiana di Villa della Regina.<br \/>\nAi bambini verr\u00e0 consegnata la speciale mappa <strong><em><a href=\"http:\/\/museipiemonte.cultura.gov.it\/index.php\/2016\/07\/29\/scopri-il-tuo-museo-scarica-le-mappe-tematiche-di-villa-della-regina\/\" target=\"_blank\">Scopri il tuo museo<\/a><\/em><\/strong>, strumento didattico semplice ed efficace realizzato dal Centro per i servizi educativi del museo e del territorio della Direzione Generale Educazione e Ricerca del Ministero.<br \/>\nAl termine della visita ogni famiglia dovr\u00e0 percorrere le stanze barocche e i giardini alla ricerca di alcune opere e raccogliere i &#8220;testimoni&#8221; collocati ai loro piedi.<br \/>\nLa famiglia che per prima arriver\u00e0 al traguardo con tutti i testimoni sar\u00e0 la vincitrice e ricever\u00e0 un omaggio gentilmente offerto dalle Cantine Balbiano che curano il vigneto della Residenza.<\/p>\n<p>ORARIO INIZIO DELLE ATTIVIT\u00c0: alle ore 10.30 e alle ore 15.00<br \/>\nPrenotazione obbligatoria al numero 0118194484<br \/>\no mail <a href=\"mailto:pm-pie.villadellaregina@beniculturali.it\" target=\"_blank\">pm-pie.villadellaregina@beniculturali.it<\/a><br \/>\nL\u2019attivit\u00e0 \u00e8 gratuita<\/p>\n<p><a href=\"http:\/\/museipiemonte.cultura.gov.it\/wp-content\/uploads\/2015\/11\/hr.png\"><img loading=\"lazy\" decoding=\"async\" class=\"alignnone size-full wp-image-157\" src=\"http:\/\/museipiemonte.cultura.gov.it\/wp-content\/uploads\/2015\/11\/hr.png\" alt=\"hr1\" width=\"50\" height=\"50\" \/><\/a><\/p>\n<p><strong><a href=\"http:\/\/museipiemonte.cultura.gov.it\/index.php\/musei-e-luoghi-della-cultura\/palazzo-carignano\/visita-palazzo-carignano\/\" target=\"_blank\">Palazzo Carignano<\/a><\/strong><br \/>\nGiochi e gare al museo : il museo palestra della mente<\/p>\n<p>In occasione della giornata delle Famiglie al Museo domenica 9 ottobre 2016 le educatrici museali di Palazzo Carignano propongono il <em>Tiro a segno \u2026 di testa<\/em><br \/>\nLe famiglie che ne faranno richiesta riceveranno in biglietteria una scheda con i seguenti\u00a0 giochi:<br \/>\n&#8211; il labirinto (trova la strada per raggiungere Palazzo Carignano);<br \/>\n&#8211; le parole intrecciate (trova le parole in elenco) e scopri il nome del primo re d\u2019Italia;<br \/>\n&#8211; aguzza la vista (scopri da che punto del palazzo sono state scattate le fotografie dei particolari).<br \/>\nI visitatori saranno accompagnati alla scoperta della residenza dei Principi di Carignano e potranno partecipare ad una inconsueta gara di precisione, mira e capacit\u00e0 di osservazione.<br \/>\nVincer\u00e0 la famiglia che terminer\u00e0 la scheda nel minor tempo possibile. A tutti i bambini verr\u00e0 consegnato un attestato di partecipazione ed un piccolo omaggio.<\/p>\n<p>ORARIO INIZIO DELLE ATTIVIT\u00c0: 10.00, 11.00, 12.00, 13.00, 14.00, 15.00, 16.00, 17.00<br \/>\nL\u2019attivit\u00e0 \u00e8 gratuita<\/p>\n<p><a href=\"http:\/\/museipiemonte.cultura.gov.it\/wp-content\/uploads\/2015\/11\/hr.png\"><img loading=\"lazy\" decoding=\"async\" class=\"alignnone size-full wp-image-157\" src=\"http:\/\/museipiemonte.cultura.gov.it\/wp-content\/uploads\/2015\/11\/hr.png\" alt=\"hr1\" width=\"50\" height=\"50\" \/><\/a><\/p>\n<p><strong><a href=\"http:\/\/museipiemonte.cultura.gov.it\/index.php\/musei-e-luoghi-della-cultura\/castello-di-racconigi\/visita-il-castello-di-racconigi\/\" target=\"_blank\">Castello di Racconigi<\/a><\/strong><\/p>\n<p>Per la Giornata Nazionale delle Famiglie al Museo, il Castello propone attivit\u00e0 ludico didattiche per scoprire e vivere insieme l\u2019allestimento ospitato nelle sale dall\u2019 8 ottobre al 8 novembre:<br \/>\n<em>Siamo insieme nell&#8217;infinito. I sette chakra del Castello di Racconigi<\/em><br \/>\nLa cultura religiosa induista e la tradizione tantrica fanno risiedere l\u2019energia vitale nei sette chakra (parola sanscrita che significa vortice di luce), punti focali presenti nel nostro corpo che con il loro corretto funzionamento garantiscono il nostro benessere psicofisico.<br \/>\nIl regista Carmelo Brustia e la fotografa Alessia Micheletti hanno creato all\u2019interno delle sale del Castello un suggestivo percorso multisensoriale di allestimenti, suoni, installazioni e performance dedicato alla ricerca dell\u2019armonia tra corpo e mente. Hanno identificato il castello come un essere vivente e quindi la mostra va considerata come l&#8217;esplorazione all&#8217;interno di un corpo umano.<br \/>\nGli educatori museali proporranno ai piccoli visitatori ed alle loro famiglie un\u2019attivit\u00e0 articolata alla scoperta della mostra:<br \/>\n&#8211; <em>Che cosa sono i chakra? Scopriamolo insieme!<\/em> (durata prevista 20 minuti): verr\u00e0 spiegato ai bambini cosa sono i chakra e illustrata la loro collocazione nel corpo umano;<br \/>\n&#8211; <em>I chakra del Castello<\/em> (durata prevista 40 minuti): visita guidata all\u2019allestimento della mostra;<br \/>\n&#8211; <em>Il chakra pi\u00f9 bello disegnalo tu!<\/em> (durata prevista 30 minuti): i bambini attraverso i loro disegni racconteranno la loro esperienza della mostra.<br \/>\nDurata complessiva dell&#8217;attivit\u00e0 circa 90 minuti. Ai bambini verr\u00e0 fornito il materiale didattico necessario.<\/p>\n<p>ORARIO INIZIO DELLE ATTIVIT\u00c0: 10.00, 11.00, 12.00; 14.00, 15.00, 16.00, 17.00.<br \/>\nPrenotazione obbligatoria al numero del centralino 017284005<br \/>\noppure su <a href=\"mailto:liliana.costamagna@beniculturali.it\" target=\"_blank\">liliana.costamagna@beniculturali.it<\/a>;<br \/>\nL\u2019attivit\u00e0 didattica \u00e8 compresa nel pagamento del biglietto di ingresso.<\/p>\n<p><a href=\"http:\/\/museipiemonte.cultura.gov.it\/wp-content\/uploads\/2015\/11\/hr.png\"><img loading=\"lazy\" decoding=\"async\" class=\"alignnone size-full wp-image-157\" src=\"http:\/\/museipiemonte.cultura.gov.it\/wp-content\/uploads\/2015\/11\/hr.png\" alt=\"hr1\" width=\"50\" height=\"50\" \/><\/a><\/p>\n<p><strong><a href=\"http:\/\/museipiemonte.cultura.gov.it\/index.php\/musei-e-luoghi-della-cultura\/castello-di-aglie\/visita-il-castello-di-aglie\/\" target=\"_blank\">Castello di Agli\u00e9<br \/>\n<\/a><\/strong>La meraviglia delle sale del Castello<strong><a href=\"http:\/\/museipiemonte.cultura.gov.it\/index.php\/musei-e-luoghi-della-cultura\/castello-di-aglie\/visita-il-castello-di-aglie\/\" target=\"_blank\"><br \/>\n<\/a><\/strong><\/p>\n<p>Per la Giornata Nazionale delle Famiglie al Museo, il Castello propone attivit\u00e0 coordinate alla mappa del progetto <strong><a href=\"http:\/\/museipiemonte.cultura.gov.it\/index.php\/2016\/05\/17\/scopri-il-tuo-museo-scarica-le-mappe-tematiche-del-castello-di-aglie\/\" target=\"_blank\"><em>Scopri il tuo Museo<\/em><\/a><\/strong> con l\u2019utilizzo del percorso di supporto e che fa conoscere meglio la visita che si svolger\u00e0 nelle sale.<br \/>\nScopri il percorso e ritrova i personaggi ed i luoghi che sono stati evidenziati nella mappa distribuita all\u2019inizio del giro.<br \/>\nI visitatori saranno accompagnati alla scoperta della residenza e saranno stimolati ad\u00a0 osservare i personaggi ed i luoghi compresi nel giro visita; i bambini dovranno ricercare e trovare sei testimoni legati a sei oggetti (dipinti o arredi) distribuiti nel percorso.<br \/>\nVincer\u00e0 la famiglia che completer\u00e0 la raccolta. A tutti i bambini verr\u00e0 consegnato un attestato di partecipazione ed un piccolo omaggio.<\/p>\n<p>ORARIO DELLE ATTIVIT\u00c0:\u00a0 dalle 9,30 alle 18,15<br \/>\nL\u2019attivit\u00e0 didattica \u00e8 compresa nel pagamento del biglietto di ingresso<\/p>\n<p><a href=\"http:\/\/museipiemonte.cultura.gov.it\/wp-content\/uploads\/2015\/11\/hr.png\"><img loading=\"lazy\" decoding=\"async\" class=\"alignnone size-full wp-image-157\" src=\"http:\/\/museipiemonte.cultura.gov.it\/wp-content\/uploads\/2015\/11\/hr.png\" alt=\"hr1\" width=\"50\" height=\"50\" \/><\/a><\/p>\n<p><strong><a href=\"http:\/\/museipiemonte.cultura.gov.it\/index.php\/musei-e-luoghi-della-cultura\/castello-di-serralunga\/visita-il-castello-di-serralunga\/\" target=\"_blank\">Castello di Serralunga d\u2019Alba<\/a><\/strong><\/p>\n<p>In questa speciale giornata dedicata alle famiglie che visitano i musei coi loro bambini verr\u00e0 consegnata una particolare scheda a quiz con dieci domande (5 riguardanti gli interni e 5 il giardino con la sua splendida vista sul panorama circostante).<br \/>\nFacendo tesoro delle informazioni ricevute durante il percorso e di un po\u2019 di intuito, i piccoli visitatori potranno misurarsi con questa traccia-quiz. La famiglia che avr\u00e0 risposto meglio vincer\u00e0 un\u2019attivit\u00e0 didattica per una classe.<br \/>\nInoltre le cinque famiglie che avranno postato &#8211; su Facebook <em>castellodiserralunga<\/em> o su Instagram <em>#barolocastles<\/em> &#8211; i selfie pi\u00f9 belli realizzati nel giardino del castello vinceranno ciascuna quattro visite guidate, da riutilizzare o regalare ad un&#8217;altra famiglia.<\/p>\n<p>ORARIO DELLE ATTIVIT\u00c0: dalle 10.30 alle 13.30 e dalle 14.30 alle 18.30 (partenza ultima visita guidata 45 minuti prima della chiusura.<br \/>\nL\u2019attivit\u00e0 \u00e8 compresa nel\u00a0 costo della visita guidata<\/p>\n","protected":false},"excerpt":{"rendered":"<p>In occasione della Giornata nazionale delle Famiglie al Museo a Villa della Regina, a Palazzo Carignano e nei Castelli di Racconigi, Agli\u00e9 e Serralunga gli educatori museali accompagneranno i piccoli visitatori e le loro famiglie in attivit\u00e0 di gioco ed apprendimento opportunamente predisposte.<\/p>\n","protected":false},"author":1,"featured_media":1145,"comment_status":"closed","ping_status":"closed","sticky":false,"template":"","format":"standard","meta":{"footnotes":""},"categories":[7,10,11,5,6],"tags":[83,26,73,71,54],"class_list":["post-1142","post","type-post","status-publish","format-standard","has-post-thumbnail","hentry","category-castello-di-aglie","category-castello-di-racconigi","category-castello-di-serralunga","category-palazzo-carignano","category-villa-della-regina","tag-fmu","tag-laboratorio-didattico","tag-scopri-il-tuo-museo","tag-servizi-educativi","tag-visita-guidata"],"_links":{"self":[{"href":"https:\/\/museipiemonte.cultura.gov.it\/index.php\/wp-json\/wp\/v2\/posts\/1142","targetHints":{"allow":["GET"]}}],"collection":[{"href":"https:\/\/museipiemonte.cultura.gov.it\/index.php\/wp-json\/wp\/v2\/posts"}],"about":[{"href":"https:\/\/museipiemonte.cultura.gov.it\/index.php\/wp-json\/wp\/v2\/types\/post"}],"author":[{"embeddable":true,"href":"https:\/\/museipiemonte.cultura.gov.it\/index.php\/wp-json\/wp\/v2\/users\/1"}],"replies":[{"embeddable":true,"href":"https:\/\/museipiemonte.cultura.gov.it\/index.php\/wp-json\/wp\/v2\/comments?post=1142"}],"version-history":[{"count":4,"href":"https:\/\/museipiemonte.cultura.gov.it\/index.php\/wp-json\/wp\/v2\/posts\/1142\/revisions"}],"predecessor-version":[{"id":1147,"href":"https:\/\/museipiemonte.cultura.gov.it\/index.php\/wp-json\/wp\/v2\/posts\/1142\/revisions\/1147"}],"wp:featuredmedia":[{"embeddable":true,"href":"https:\/\/museipiemonte.cultura.gov.it\/index.php\/wp-json\/wp\/v2\/media\/1145"}],"wp:attachment":[{"href":"https:\/\/museipiemonte.cultura.gov.it\/index.php\/wp-json\/wp\/v2\/media?parent=1142"}],"wp:term":[{"taxonomy":"category","embeddable":true,"href":"https:\/\/museipiemonte.cultura.gov.it\/index.php\/wp-json\/wp\/v2\/categories?post=1142"},{"taxonomy":"post_tag","embeddable":true,"href":"https:\/\/museipiemonte.cultura.gov.it\/index.php\/wp-json\/wp\/v2\/tags?post=1142"}],"curies":[{"name":"wp","href":"https:\/\/api.w.org\/{rel}","templated":true}]}}