{"id":11473,"date":"2024-09-06T13:29:59","date_gmt":"2024-09-06T11:29:59","guid":{"rendered":"http:\/\/museipiemonte.cultura.gov.it\/?p=11473"},"modified":"2024-09-06T13:31:33","modified_gmt":"2024-09-06T11:31:33","slug":"castello-di-moncalieri-mostra-colpi-di-testa-la-moda-dei-cappelli-tra-800-e-900-13-settembre-13-ottobre-2024","status":"publish","type":"post","link":"https:\/\/museipiemonte.cultura.gov.it\/index.php\/2024\/09\/06\/castello-di-moncalieri-mostra-colpi-di-testa-la-moda-dei-cappelli-tra-800-e-900-13-settembre-13-ottobre-2024\/","title":{"rendered":"Castello di Moncalieri &#8211; mostra Colpi di testa. La moda dei cappelli tra \u2019800 e \u2019900, 13 settembre \u2013 13 ottobre 2024"},"content":{"rendered":"<p>Nel pomeriggio di venerd\u00ec <strong>13 settembre<\/strong>, al <strong>Castello di Moncalieri<\/strong> si svolge l\u2019inaugurazione, su invito, della <strong>mostra <em>Colpi di testa. La moda dei cappelli tra \u2019800 e \u2019900<\/em><\/strong>, promossa dalla direzione del Castello di Moncalieri, Residenze reali sabaude \u2013 Direzione regionale Musei nazionali Piemonte, con il contributo del Comune di Moncalieri e in collaborazione con l\u2019Associazione \u201cAmici del Real Castello e del Parco di Moncalieri\u201d.<br \/>\nAll\u2019interno delle suggestive stanze delle principesse Maria Letizia e Maria Clotilde si articola l\u2019esposizione che, attraverso un sorprendente allestimento scenografico, celebra quello che per secoli \u00e8 stato l\u2019accessorio per antonomasia dell\u2019abbigliamento femminile e maschile: il cappello.<br \/>\nGli accessori di moda rappresentano un settore di grande valenza artistica ed economica che ha segnato il gusto internazionale grazie all\u2019opera di stilisti, atelier e artigiani. I pezzi esposti non solo sono espressione della maestria nel combinare funzionalit\u00e0 e modernit\u00e0 del design, ma restituiscono anche testimonianze significative dei mutamenti intervenuti nei dettami della moda e delle diverse esigenze di utilizzo, queste ultime scandite da circostanze e momenti della giornata. Inoltre sono simbolo di epoche ed eventi, nonch\u00e9 di vicende storiche legate a coloro a cui sono appartenuti, come ad esempio il cilindro acquistato nella cappelleria di lusso romana di Alfredo Radiconcini dall\u2019on. Marcello Soleri, ministro della Guerra nel Governo Facta, che nell\u2019ottobre 1922 scrisse il decreto sullo stato d\u2019assedio a seguito della Marcia su Roma, non firmato per\u00f2 dal sovrano.<br \/>\nI cappelli in mostra provengono da collezioni private e per la maggior parte si tratta di produzioni delle modiste torinesi che avevano sede nei pressi di Piazza San Carlo, come ad esempio la bottega di Gina Faloppa, in via XX Settembre, dove si trovava la bottega Tarditi e Cisero, e via della Rocca, su cui si affacciava il negozio di Rosa e Maria Marocco. Per l\u2019occasione si presentano anche creazioni di stilisti d\u2019alta moda, come quelle disegnate negli anni Cinquanta da Christian Dior e Yves Saint Laurent, nonch\u00e9 cappelli di scena, utilizzati durante le opere teatrali, tra cui il copricapo che a fine Ottocento veniva indossato dalla mezzosoprano che nell\u2019Aida interpretava il personaggio di Amneris, la figlia del Faraone.<br \/>\nAl <em>vernissage<\/em> su invito, venerd\u00ec 13 settembre, durante il quale avr\u00e0 luogo una sfilata-evento, seguir\u00e0 un\u2019apertura straordinaria serale, permettendo al pubblico di visitare la mostra in anteprima, dalle 20.00 alle 22.20, con ultimo ingresso alle 21.45 e biglietto a tariffa ridotta di \u20ac 5,00 (prenotazioni: <a href=\"https:\/\/lavenaria.it\/it\/visita-castello-moncalieri\" target=\"_blank\">https:\/\/lavenaria.it\/it\/visita-castello-moncalieri<\/a>).<br \/>\nInoltre, in occasione delle Giornate Europee del Patrimonio, sabato 28 settembre dalle 18.30 alle 19.30 Valentina Russo, esperta di moda dell\u2019Ottocento, racconter\u00e0 l\u2019affascinante storia del cappello, mentre domenica 29 settembre, sempre dalle 18.30 alle 19.30, si terr\u00e0 un laboratorio per imparare a realizzare accessori moda.<br \/>\nLa mostra rester\u00e0 aperta al pubblico fino a domenica 13 ottobre e potr\u00e0 essere visitata nell\u2019ambito del consueto percorso dedicato agli Appartamenti Reali, accessibile nei giorni di venerd\u00ec, sabato, domenica e festivi, in orario 10.00-18.00 (ultimo ingresso 17.00; prenotazione fortemente consigliata).<\/p>\n<p>&nbsp;<\/p>\n<p><strong>INFO MOSTRA<\/strong><br \/>\n<em><strong> COLPI DI TESTA<\/strong><\/em><br \/>\n<em><strong> La moda dei cappelli tra \u2019800 e \u2019900<\/strong><\/em><\/p>\n<p><strong>CASTELLO DI MONCALIERI<\/strong><br \/>\n<strong> Piazza Baden Baden, 4 \u2013 Moncalieri (TO)<\/strong><br \/>\n<strong> 13 settembre \u2013 13 ottobre 2024<\/strong><\/p>\n<p><strong>Orario:<\/strong> venerd\u00ec, sabato, domenica e festivi dalle 10.00 alle 18.00 (ultimo ingresso 17.00)<br \/>\n<strong>Chiuso:<\/strong> da luned\u00ec a gioved\u00ec<br \/>\n<strong>Biglietti:<\/strong> intero \u20ac 7,00; ridotto \u20ac 5,00<br \/>\n<strong>Prenotazione fortemente consigliata:<\/strong> <a href=\"https:\/\/lavenaria.it\/it\/visita-castello-moncalieri\" target=\"_blank\">https:\/\/lavenaria.it\/it\/visita-castello-moncalieri<\/a><br \/>\n<strong>Informazioni:<\/strong> 011 4992333<\/p>\n<p>&nbsp;<\/p>\n<p><strong><a href=\"http:\/\/museipiemonte.cultura.gov.it\/wp-content\/uploads\/2024\/09\/Locandina_mostra-Castello-di-Moncalieri_Colpi-di-Testa.png\" target=\"_blank\">SCARICA LA LOCANDINA<\/a><\/strong><\/p>\n<p>&nbsp;<\/p>\n<p>&nbsp;<\/p>\n","protected":false},"excerpt":{"rendered":"<p>Nel pomeriggio di venerd\u00ec 13 settembre, al Castello di Moncalieri si svolge l\u2019inaugurazione, su invito, della mostra Colpi di testa. La moda dei cappelli tra \u2019800 e \u2019900, promossa dalla direzione del Castello di Moncalieri, [&hellip;]<\/p>\n","protected":false},"author":1,"featured_media":1455,"comment_status":"closed","ping_status":"closed","sticky":false,"template":"","format":"standard","meta":{"footnotes":""},"categories":[9,4,254],"tags":[35,91,50],"class_list":["post-11473","post","type-post","status-publish","format-standard","has-post-thumbnail","hentry","category-castello-di-moncalieri","category-direzione-regionale-musei","category-residenze-reali-sabaude","tag-castello","tag-moncalieri","tag-mostra"],"_links":{"self":[{"href":"https:\/\/museipiemonte.cultura.gov.it\/index.php\/wp-json\/wp\/v2\/posts\/11473","targetHints":{"allow":["GET"]}}],"collection":[{"href":"https:\/\/museipiemonte.cultura.gov.it\/index.php\/wp-json\/wp\/v2\/posts"}],"about":[{"href":"https:\/\/museipiemonte.cultura.gov.it\/index.php\/wp-json\/wp\/v2\/types\/post"}],"author":[{"embeddable":true,"href":"https:\/\/museipiemonte.cultura.gov.it\/index.php\/wp-json\/wp\/v2\/users\/1"}],"replies":[{"embeddable":true,"href":"https:\/\/museipiemonte.cultura.gov.it\/index.php\/wp-json\/wp\/v2\/comments?post=11473"}],"version-history":[{"count":5,"href":"https:\/\/museipiemonte.cultura.gov.it\/index.php\/wp-json\/wp\/v2\/posts\/11473\/revisions"}],"predecessor-version":[{"id":11479,"href":"https:\/\/museipiemonte.cultura.gov.it\/index.php\/wp-json\/wp\/v2\/posts\/11473\/revisions\/11479"}],"wp:featuredmedia":[{"embeddable":true,"href":"https:\/\/museipiemonte.cultura.gov.it\/index.php\/wp-json\/wp\/v2\/media\/1455"}],"wp:attachment":[{"href":"https:\/\/museipiemonte.cultura.gov.it\/index.php\/wp-json\/wp\/v2\/media?parent=11473"}],"wp:term":[{"taxonomy":"category","embeddable":true,"href":"https:\/\/museipiemonte.cultura.gov.it\/index.php\/wp-json\/wp\/v2\/categories?post=11473"},{"taxonomy":"post_tag","embeddable":true,"href":"https:\/\/museipiemonte.cultura.gov.it\/index.php\/wp-json\/wp\/v2\/tags?post=11473"}],"curies":[{"name":"wp","href":"https:\/\/api.w.org\/{rel}","templated":true}]}}