{"id":11500,"date":"2024-09-13T12:05:09","date_gmt":"2024-09-13T10:05:09","guid":{"rendered":"http:\/\/museipiemonte.cultura.gov.it\/?p=11500"},"modified":"2024-09-17T13:05:41","modified_gmt":"2024-09-17T11:05:41","slug":"castello-di-racconigi-domenica-22-settembre-spettacolo-il-combattimento-di-tancredi-e-clorinda","status":"publish","type":"post","link":"https:\/\/museipiemonte.cultura.gov.it\/index.php\/2024\/09\/13\/castello-di-racconigi-domenica-22-settembre-spettacolo-il-combattimento-di-tancredi-e-clorinda\/","title":{"rendered":"Castello di Racconigi &#8211; domenica 22 settembre spettacolo Il combattimento di Tancredi e Clorinda"},"content":{"rendered":"<p>Domenica <strong>22 settembre<\/strong>, nel Salone d&#8217;Ercole del <strong>Castello di Racconigi,<\/strong> andr\u00e0 in scena <em><strong><a href=\"https:\/\/www.fndaterballetto.it\/scheda-produzione\/combattimento-tancredi-clorinda-aterballetto-monteverdi\/\" target=\"_blank\">Il combattimento di Tancredi e Clorinda<\/a><\/strong><\/em>, un <strong>progetto site-specific<\/strong> per la valorizzazione del patrimonio culturale italiano, promosso dalla Direzione generale Musei e cofinanziato dalla Direzione generale Spettacolo.<br \/>\nLa performance, a cura del Centro Coreografico Nazionale Aterballetto e firmata da Fabio Cherstich e Philippe Kratz, \u00e8 stata infatti ideata per la messa in scena tanto in contesti teatrali, quanto all\u2019interno di cornici museali e del patrimonio monumentale.<br \/>\nIncentivare le attivit\u00e0 di spettacolo dal vivo negli istituti e nei luoghi della cultura \u00e8 una delle principali finalit\u00e0 del progetto, in cui si fondono la danza contemporanea e il melodramma barocco di Claudio Monteverdi.<br \/>\nDopo la prima della versione site-specific al Museo Archeologico Nazionale di Spoleto e la rappresentazione a Castel Sant\u2019Angelo a Roma,\u00a0<em>Il combattimento di Tancredi e Clorinda<\/em> arriver\u00e0\u00a0al <strong>Castello di Racconigi<\/strong>, dove domenica <strong>22 settembre<\/strong> sar\u00e0 possibile assistere alla performance nel Salone d\u2019Ercole alle ore <strong>15.30<\/strong> e <strong>17.00<\/strong>.<br \/>\n<strong>La partecipazione \u00e8 inclusa nel biglietto per il percorso di visita. <\/strong><br \/>\n<strong>Biglietti:<\/strong> intero \u20ac 8,00; ridotto \u20ac 2,00 dai 18 ai 25 anni; gratuito per minori di 18 anni; gratuito per persone con disabilit\u00e0 e accompagnatori, gratuito per possessori di Abbonamento Musei, Torino+Piemonte Card, Royal Pass; ulteriori riduzioni e gratuit\u00e0 in base a disposizioni di legge e convenzioni.<br \/>\nAcquisto esclusivamente online: <a href=\"http:\/\/www.museiitaliani.it\" target=\"_blank\">www.museiitaliani.it<\/a> oppure tramite app Musei Italiani.<br \/>\n<strong>Info:<\/strong> <a href=\"mailto:drm-pie.racconigi@cultura.gov.it\" target=\"_blank\">drm-pie.racconigi@cultura.gov.it<\/a>; 0172 84005.<\/p>\n","protected":false},"excerpt":{"rendered":"<p>Domenica 22 settembre, nel Salone d&#8217;Ercole del Castello di Racconigi, andr\u00e0 in scena Il combattimento di Tancredi e Clorinda, un progetto site-specific per la valorizzazione del patrimonio culturale italiano, promosso dalla Direzione generale Musei e [&hellip;]<\/p>\n","protected":false},"author":1,"featured_media":830,"comment_status":"closed","ping_status":"closed","sticky":false,"template":"","format":"standard","meta":{"footnotes":""},"categories":[10,4,254],"tags":[35,67,41,77],"class_list":["post-11500","post","type-post","status-publish","format-standard","has-post-thumbnail","hentry","category-castello-di-racconigi","category-direzione-regionale-musei","category-residenze-reali-sabaude","tag-castello","tag-danza","tag-racconigi","tag-spettacolo"],"_links":{"self":[{"href":"https:\/\/museipiemonte.cultura.gov.it\/index.php\/wp-json\/wp\/v2\/posts\/11500","targetHints":{"allow":["GET"]}}],"collection":[{"href":"https:\/\/museipiemonte.cultura.gov.it\/index.php\/wp-json\/wp\/v2\/posts"}],"about":[{"href":"https:\/\/museipiemonte.cultura.gov.it\/index.php\/wp-json\/wp\/v2\/types\/post"}],"author":[{"embeddable":true,"href":"https:\/\/museipiemonte.cultura.gov.it\/index.php\/wp-json\/wp\/v2\/users\/1"}],"replies":[{"embeddable":true,"href":"https:\/\/museipiemonte.cultura.gov.it\/index.php\/wp-json\/wp\/v2\/comments?post=11500"}],"version-history":[{"count":3,"href":"https:\/\/museipiemonte.cultura.gov.it\/index.php\/wp-json\/wp\/v2\/posts\/11500\/revisions"}],"predecessor-version":[{"id":11510,"href":"https:\/\/museipiemonte.cultura.gov.it\/index.php\/wp-json\/wp\/v2\/posts\/11500\/revisions\/11510"}],"wp:featuredmedia":[{"embeddable":true,"href":"https:\/\/museipiemonte.cultura.gov.it\/index.php\/wp-json\/wp\/v2\/media\/830"}],"wp:attachment":[{"href":"https:\/\/museipiemonte.cultura.gov.it\/index.php\/wp-json\/wp\/v2\/media?parent=11500"}],"wp:term":[{"taxonomy":"category","embeddable":true,"href":"https:\/\/museipiemonte.cultura.gov.it\/index.php\/wp-json\/wp\/v2\/categories?post=11500"},{"taxonomy":"post_tag","embeddable":true,"href":"https:\/\/museipiemonte.cultura.gov.it\/index.php\/wp-json\/wp\/v2\/tags?post=11500"}],"curies":[{"name":"wp","href":"https:\/\/api.w.org\/{rel}","templated":true}]}}