{"id":1175,"date":"2016-10-15T19:00:36","date_gmt":"2016-10-15T18:00:36","guid":{"rendered":"http:\/\/museipiemonte.cultura.gov.it\/?p=1175"},"modified":"2016-10-20T10:27:54","modified_gmt":"2016-10-20T09:27:54","slug":"fiocchi-rosa-e-azzurri-nel-parco-del-castello-di-racconigi","status":"publish","type":"post","link":"https:\/\/museipiemonte.cultura.gov.it\/index.php\/2016\/10\/15\/fiocchi-rosa-e-azzurri-nel-parco-del-castello-di-racconigi\/","title":{"rendered":"Fiocchi rosa e azzurri nel parco del Castello di Racconigi"},"content":{"rendered":"<p>Nel parco del <strong><a href=\"http:\/\/museipiemonte.cultura.gov.it\/index.php\/musei-e-luoghi-della-cultura\/castello-di-racconigi\/\" target=\"_blank\">castello di Racconigi<\/a><\/strong> <strong>sono nati due puledrini<\/strong>, Mirra e Byron: per dare la possibilit\u00e0 a grandi e piccoli di ammirare i nuovi nati, <strong>fino a marted\u00ec 8 novembre sar\u00e0 possibile accedere alla Nursery<\/strong>, normalmente chiusa al pubblico, situata accanto al Giardino dei Principini.<br \/>\nBormio Fusillo, stallone morello di razza murgese, affettuosamente chiamato <em>Ciccillo<\/em>, ha sedotto due puledre: Orma, murgese, e Mary, cavalla bardigiana che, dopo circa 11 mesi di gestazione e a pochi giorni di distanza una dall\u2019altra, hanno dato alla luce i due puledrini.<br \/>\nNelle ultime settimane prima dell\u2019inverno sar\u00e0 possibile passeggiare nel parco, a piedi, in bici o in carrozza, per ammirare le sfumature del <em>foliage<\/em>, l\u2019esplosione di colori autunnali, arrivando sino al complesso delle Margarie per raggiungere il grande paddock a disposizione di Orma e Mirra, Mary e Byron.<\/p>\n<p><a href=\"http:\/\/museipiemonte.cultura.gov.it\/wp-content\/uploads\/2016\/10\/image.jpeg\"><img loading=\"lazy\" decoding=\"async\" class=\"alignnone wp-image-1184\" src=\"http:\/\/museipiemonte.cultura.gov.it\/wp-content\/uploads\/2016\/10\/image.jpeg\" alt=\"image\" width=\"350\" height=\"234\" srcset=\"https:\/\/museipiemonte.cultura.gov.it\/wp-content\/uploads\/2016\/10\/image.jpeg 639w, https:\/\/museipiemonte.cultura.gov.it\/wp-content\/uploads\/2016\/10\/image-300x200.jpeg 300w, https:\/\/museipiemonte.cultura.gov.it\/wp-content\/uploads\/2016\/10\/image-230x154.jpeg 230w, https:\/\/museipiemonte.cultura.gov.it\/wp-content\/uploads\/2016\/10\/image-350x234.jpeg 350w\" sizes=\"auto, (max-width: 350px) 100vw, 350px\" \/><\/a><\/p>\n<p>Foto da <a href=\"http:\/\/HTTP:\/\/www.notizieinpiemonte.it\" target=\"_blank\">www.notizieinpiemonte.it<\/a><\/p>\n","protected":false},"excerpt":{"rendered":"<p>Nel parco del castello di Racconigi sono nati due puledrini, Mirra e Byron: per dare la possibilit\u00e0 a grandi e piccoli di ammirare i nuovi nati, fino a marted\u00ec 8 novembre sar\u00e0 possibile accedere alla Nursery, normalmente chiusa al pubblico, situata accanto al Giardino dei Principini.<\/p>\n","protected":false},"author":1,"featured_media":830,"comment_status":"closed","ping_status":"closed","sticky":false,"template":"","format":"standard","meta":{"footnotes":""},"categories":[10],"tags":[36,21,40,41],"class_list":["post-1175","post","type-post","status-publish","format-standard","has-post-thumbnail","hentry","category-castello-di-racconigi","tag-musei","tag-news","tag-parco","tag-racconigi"],"_links":{"self":[{"href":"https:\/\/museipiemonte.cultura.gov.it\/index.php\/wp-json\/wp\/v2\/posts\/1175","targetHints":{"allow":["GET"]}}],"collection":[{"href":"https:\/\/museipiemonte.cultura.gov.it\/index.php\/wp-json\/wp\/v2\/posts"}],"about":[{"href":"https:\/\/museipiemonte.cultura.gov.it\/index.php\/wp-json\/wp\/v2\/types\/post"}],"author":[{"embeddable":true,"href":"https:\/\/museipiemonte.cultura.gov.it\/index.php\/wp-json\/wp\/v2\/users\/1"}],"replies":[{"embeddable":true,"href":"https:\/\/museipiemonte.cultura.gov.it\/index.php\/wp-json\/wp\/v2\/comments?post=1175"}],"version-history":[{"count":5,"href":"https:\/\/museipiemonte.cultura.gov.it\/index.php\/wp-json\/wp\/v2\/posts\/1175\/revisions"}],"predecessor-version":[{"id":1186,"href":"https:\/\/museipiemonte.cultura.gov.it\/index.php\/wp-json\/wp\/v2\/posts\/1175\/revisions\/1186"}],"wp:featuredmedia":[{"embeddable":true,"href":"https:\/\/museipiemonte.cultura.gov.it\/index.php\/wp-json\/wp\/v2\/media\/830"}],"wp:attachment":[{"href":"https:\/\/museipiemonte.cultura.gov.it\/index.php\/wp-json\/wp\/v2\/media?parent=1175"}],"wp:term":[{"taxonomy":"category","embeddable":true,"href":"https:\/\/museipiemonte.cultura.gov.it\/index.php\/wp-json\/wp\/v2\/categories?post=1175"},{"taxonomy":"post_tag","embeddable":true,"href":"https:\/\/museipiemonte.cultura.gov.it\/index.php\/wp-json\/wp\/v2\/tags?post=1175"}],"curies":[{"name":"wp","href":"https:\/\/api.w.org\/{rel}","templated":true}]}}