{"id":12104,"date":"2025-01-31T12:46:11","date_gmt":"2025-01-31T11:46:11","guid":{"rendered":"http:\/\/museipiemonte.cultura.gov.it\/?p=12104"},"modified":"2025-02-06T14:53:04","modified_gmt":"2025-02-06T13:53:04","slug":"villa-della-regina-per-una-citta-sostenibile","status":"publish","type":"post","link":"https:\/\/museipiemonte.cultura.gov.it\/index.php\/2025\/01\/31\/villa-della-regina-per-una-citta-sostenibile\/","title":{"rendered":"VILLA DELLA REGINA PER UNA CITTA\u2019 SOSTENIBILE \u2013 presentazione del progetto"},"content":{"rendered":"<p>Valorizzazione del patrimonio culturale, integrazione con la citt\u00e0, mobilit\u00e0 sostenibile, nuovi servizi per la cittadinanza, riscoperta dell\u2019antico equilibrio ambientale tra residenza, giardini e paesaggio collinare. Sono queste le coordinate intorno alle quali \u00e8 stato sottoscritto il <strong>protocollo di intesa<\/strong> per il <strong>restauro<\/strong> e la <strong>valorizzazione<\/strong> del complesso museale di <strong>Villa della Regina<\/strong>, siglato tra la Direzione Generale Musei, le Residenze reali sabaude e la Fondazione Compagnia di San Paolo.<\/p>\n<p>Gioved\u00ec 6 febbraio il protocollo di intesa e il masterplan progettuale sono stati protagonisti di una presentazione al pubblico che si \u00e8 svolta nel Salone d\u2019Onore di Villa della Regina. L\u2019evento \u00e8 stato aperto da <strong>Roberto Vannata<\/strong>, Dirigente del Servizio II \u2013 Sistema Museale Nazionale della Direzione Generale Musei, e, a seguire, sono intervenuti <strong>Filippo Masino<\/strong>, Direttore delle Residenze reali sabaude, <strong>Alberto Anfossi<\/strong>, Segretario Generale della Fondazione Compagnia di San Paolo, <strong>Cristina Lucca<\/strong>, Soprintendenza Archeologia belle arti e paesaggio per la citt\u00e0 metropolitana di Torino, <strong>Sara Lyla Mantica<\/strong>, Direttrice di Villa della Regina, e i progettisti <strong>Salvatore Simonetti <\/strong>e<strong> Federico Fontana<\/strong>.<\/p>\n<p>Dopo i grandi restauri della Soprintendenza che hanno recuperato la Villa dall\u2019oblio e hanno consentito nel 2006 l\u2019apertura al pubblico, da oggi parte una nuova stagione che vedr\u00e0 lo straordinario compendio culturale al centro di un insieme di interventi descritti nel masterplan <em>Vigna della Regina. Studio di fattibilit\u00e0 per un museo sostenibile<\/em>. Il documento \u00e8 stato donato alle Residenze reali sabaude dalla Fondazione Compagnia di San Paolo, gi\u00e0 partner prezioso di numerosi interventi di restauro e valorizzazione, ed \u00e8 stato redatto da un pool di professionisti guidato dagli architetti Salvatore Simonetti e Federico Fontana, autori di numerosi interventi nelle residenze sabaude e nella stessa Villa della Regina.<\/p>\n<p>Il masterplan si integra con i progetti avviati con fondi PNRR dalle Residenze reali sabaude e dalla Direzione Generale Musei, appena approvati in Giunta comunale, che prevedono la sistemazione dell\u2019attuale area del parcheggio e una futura fermata per il trasporto pubblico locale, e si sommano a quelli di miglioramento dei percorsi nei giardini, di efficientamento energetico e di illuminazione monumentale delle architetture e dei <em>parterre<\/em>.<\/p>\n<p>Ma non solo: il masterplan va oltre individuando <strong>tre ambiti di intervento<\/strong>.<\/p>\n<p>Il primo \u00e8 il recupero integrale del <strong>sistema verde<\/strong>, e cio\u00e8 di quel delicato equilibrio storico tra i giardini formali e le aree a funzione agricola, che facendo tesoro del vigneto sperimentale di Freisa reimpiantato ormai vent\u2019anni fa, riporter\u00e0 in vita anche altre produzioni storiche, per le quali la \u201cVigna\u201d venne concepita gi\u00e0 all\u2019inizio del Seicento dal principe Maurizio di Savoia, figlio di Carlo Emanuele I. Saranno ripristinati gli antichi orti e i frutteti che coronavano l\u2019anfiteatro naturale dei giardini, eliminata la vegetazione infestante e recuperata la Casa del Vignolante che potr\u00e0 ospitare, oltre alla lavorazione della frutta e dell\u2019uva raccolta, laboratori didattici per scuole e famiglie nell\u2019ottica dell\u2019educazione alla sostenibilit\u00e0 ambientale.<\/p>\n<p>Il secondo ambito di intervento \u00e8 votato a migliorare la parte a <strong>libero accesso<\/strong>, quella che gi\u00e0 oggi si pu\u00f2 vivere senza necessit\u00e0 di biglietto dall\u2019ingresso di Piazzale Villa della Regina attraverso lo scenografico \u201cviale aulico\u201d. Il restauro paesaggistico render\u00e0 pi\u00f9 aperto e accogliente questo polmone verde di viali e radure molto amato dai visitatori, in particolare risolvendo la \u201ccicatrice\u201d ancora aperta dell\u2019antico Palazzo Chiablese: di quest\u2019edificio, che un tempo affiancava la Villa, demolito dai bombardamenti della seconda guerra mondiale, rimane la sola traccia a terra e alcuni volumi realizzati pi\u00f9 recentemente per ospitare le centrali termiche. Sul suo preciso sedime sar\u00e0 realizzata una elegante struttura contemporanea in acciaio e vetro, nelle forme leggere di una serra, che suggerir\u00e0 il volume antico a chiusura del giardino e ospiter\u00e0 una caffetteria da cui si potr\u00e0 godere di una vista straordinaria e gustare i prodotti a \u201cchilometro zero\u201d prodotti nel complesso.<\/p>\n<p>L\u2019ultimo ambito vede invece protagonisti la <strong>residenza reale<\/strong> e il suo museo: una nuova biglietteria nei giardini inferiori consentir\u00e0 un\u2019accoglienza pi\u00f9 all\u2019avanguardia per il pubblico, mentre si ripartir\u00e0 con gli interventi di restauro delle facciate e degli ambienti interni. L\u2019obiettivo ambizioso \u00e8 quello di poter svelare anche gli altri piani della Villa, che attendono da anni il completamento dei restauri, e che potranno in futuro ospitare anche esposizioni, attivit\u00e0 culturali e di formazione avanzata sui temi dell\u2019arte e della sostenibilit\u00e0.<\/p>\n<p>Sugli obiettivi cos\u00ec prefissati i tre soggetti firmatari del protocollo di intesa si impegnano a fornire sostegno finanziario e operativo, secondo una programmazione a lotti successivi che si concretizzer\u00e0 nei prossimi anni, anche nell\u2019ottica del reperimento di ulteriori risorse finanziarie attraverso la partecipazione a bandi pubblici e il coinvolgimento di partner privati interessati a prendere parte alla realizzazione e alla gestione dei servizi previsti.<\/p>\n<p>Gli interventi saranno pensati in modo da non interrompere l\u2019apertura al pubblico degli spazi museali. Inoltre a partire da sabato 1\u00b0 marzo sar\u00e0 introdotto un nuovo biglietto che consentir\u00e0, per la prima volta, la sola visita al giardino per andare incontro a una richiesta sempre pi\u00f9 crescente da parte del pubblico.<\/p>\n<p>&nbsp;<\/p>\n<p><strong><a href=\"http:\/\/museipiemonte.cultura.gov.it\/wp-content\/uploads\/2025\/02\/1_CARTELLA-STAMPA.zip\" target=\"_blank\">SCARICA LA CARTELLA STAMPA<\/a><\/strong><\/p>\n<p><strong><a href=\"http:\/\/museipiemonte.cultura.gov.it\/wp-content\/uploads\/2025\/02\/IMMAGINI.zip\" target=\"_blank\">IMMAGINI<\/a><\/strong><\/p>\n","protected":false},"excerpt":{"rendered":"<p>Valorizzazione del patrimonio culturale, integrazione con la citt\u00e0, mobilit\u00e0 sostenibile, nuovi servizi per la cittadinanza, riscoperta dell\u2019antico equilibrio ambientale tra residenza, giardini e paesaggio collinare. Sono queste le coordinate intorno alle quali \u00e8 stato sottoscritto [&hellip;]<\/p>\n","protected":false},"author":1,"featured_media":780,"comment_status":"closed","ping_status":"closed","sticky":false,"template":"","format":"standard","meta":{"footnotes":""},"categories":[4,254,6],"tags":[93,191,51,269,36,81,33,25],"class_list":["post-12104","post","type-post","status-publish","format-standard","has-post-thumbnail","hentry","category-direzione-regionale-musei","category-residenze-reali-sabaude","category-villa-della-regina","tag-accessibilita","tag-apertura","tag-conferenza","tag-masterplan","tag-musei","tag-unesco","tag-valorizzazione","tag-villa-della-regina"],"_links":{"self":[{"href":"https:\/\/museipiemonte.cultura.gov.it\/index.php\/wp-json\/wp\/v2\/posts\/12104","targetHints":{"allow":["GET"]}}],"collection":[{"href":"https:\/\/museipiemonte.cultura.gov.it\/index.php\/wp-json\/wp\/v2\/posts"}],"about":[{"href":"https:\/\/museipiemonte.cultura.gov.it\/index.php\/wp-json\/wp\/v2\/types\/post"}],"author":[{"embeddable":true,"href":"https:\/\/museipiemonte.cultura.gov.it\/index.php\/wp-json\/wp\/v2\/users\/1"}],"replies":[{"embeddable":true,"href":"https:\/\/museipiemonte.cultura.gov.it\/index.php\/wp-json\/wp\/v2\/comments?post=12104"}],"version-history":[{"count":8,"href":"https:\/\/museipiemonte.cultura.gov.it\/index.php\/wp-json\/wp\/v2\/posts\/12104\/revisions"}],"predecessor-version":[{"id":12129,"href":"https:\/\/museipiemonte.cultura.gov.it\/index.php\/wp-json\/wp\/v2\/posts\/12104\/revisions\/12129"}],"wp:featuredmedia":[{"embeddable":true,"href":"https:\/\/museipiemonte.cultura.gov.it\/index.php\/wp-json\/wp\/v2\/media\/780"}],"wp:attachment":[{"href":"https:\/\/museipiemonte.cultura.gov.it\/index.php\/wp-json\/wp\/v2\/media?parent=12104"}],"wp:term":[{"taxonomy":"category","embeddable":true,"href":"https:\/\/museipiemonte.cultura.gov.it\/index.php\/wp-json\/wp\/v2\/categories?post=12104"},{"taxonomy":"post_tag","embeddable":true,"href":"https:\/\/museipiemonte.cultura.gov.it\/index.php\/wp-json\/wp\/v2\/tags?post=12104"}],"curies":[{"name":"wp","href":"https:\/\/api.w.org\/{rel}","templated":true}]}}