{"id":12290,"date":"2025-03-28T15:40:46","date_gmt":"2025-03-28T14:40:46","guid":{"rendered":"http:\/\/museipiemonte.cultura.gov.it\/?p=12290"},"modified":"2025-03-28T15:40:46","modified_gmt":"2025-03-28T14:40:46","slug":"al-museo-senza-barriere-firmato-il-protocollo-di-intesa-con-lunione-italiana-dei-ciechi-e-degli-ipovedenti-uici","status":"publish","type":"post","link":"https:\/\/museipiemonte.cultura.gov.it\/index.php\/2025\/03\/28\/al-museo-senza-barriere-firmato-il-protocollo-di-intesa-con-lunione-italiana-dei-ciechi-e-degli-ipovedenti-uici\/","title":{"rendered":"Al museo senza barriere &#8211; firmato il protocollo di intesa con l\u2019Unione Italiana dei Ciechi e degli Ipovedenti &#8211; UICI"},"content":{"rendered":"<p>Accessibilit\u00e0, progetti inclusivi, azioni partecipate, percorsi di visita per tutte le persone, <strong>musei<\/strong> come luoghi di convivenza <strong>oltre le differenze<\/strong>. Sono queste le coordinate del <strong>protocollo di intesa<\/strong> che \u00e8 stato sottoscritto, negli Appartamenti dei Principi di Palazzo Carignano, dal Direttore delle <strong>Residenze reali sabaude \u2013 Musei nazionali Piemonte<\/strong> Filippo Masino, e, per l\u2019<strong>Unione Italiana dei Ciechi e degli Ipovedenti \u2013 UICI<\/strong>, da Franco Lepore, Presidente del Consiglio Regionale del Piemonte, e Giovanni Laiolo, Presidente della Sezione territoriale di Torino.<br \/>\nIl protocollo di intesa aggiunge un nuovo importante tassello al quadro strategico portato avanti dall\u2019istituto delle Residenze reali sabaude per ampliare l\u2019accessibilit\u00e0 dei percorsi gestiti e fare in modo che l\u2019esperienza museale possa essere sempre pi\u00f9 inclusiva e partecipata, anche nell\u2019ottica degli obiettivi di crescita sostenibile e riduzione delle disuguaglianze dell\u2019Agenda 2030. Il diritto alla cultura da parte di tutta la cittadinanza \u00e8 infatti al centro di programmi che si muovono in molteplici direzioni: iniziative per il superamento delle barriere cognitive e sensoriali, anche sviluppate insieme alla Fondazione Istituto dei Sordi, al Politecnico di Torino e ad associazioni che operano con particolare attenzione per le persone con disturbi dello spettro autistico; progetti per il piano di eliminazione delle barriere architettoniche (P.E.B.A.); attivit\u00e0 per favorire il dialogo interculturale e l\u2019integrazione sociale dedicate a persone fragili o in condizioni di disagio e difficolt\u00e0.<br \/>\nIn particolare, la collaborazione con l\u2019UICI, che prevede azioni diverse, come corsi di formazione, condivisione di forme per comunicare in modo inclusivo, realizzazione di attivit\u00e0 didattiche, mostre, seminari e pubblicazioni, sar\u00e0 uno dei punti di forza del progetto di riallestimento di Palazzo Carignano che porter\u00e0 nei prossimi mesi all\u2019apertura di un percorso di visita pi\u00f9 ampio e rinnovato. I lavori, attualmente in corso, sono stati pensati nella prospettiva della pi\u00f9 estesa accessibilit\u00e0, con l\u2019utilizzo di strumenti di mediazione multimediale e multisensoriale, anche attraverso l\u2019applicazione di tecnologie digitali di ultima generazione. Il progetto sar\u00e0 realizzato grazie ai fondi del Piano Nazionale di Ripresa e Resilienza (PNRR) ed \u00e8 stato l\u2019unico finanziato in Piemonte nell\u2019ambito delle misure a favore degli allestimenti per comunicare l\u2019accessibilit\u00e0 e migliorare la fruizione dei luoghi della cultura nazionali.<br \/>\nIl piano di riallestimento di Palazzo Carignano \u00e8 infatti considerato un modello possibile per interventi futuri in altre realt\u00e0 museali, un progetto \u2018manifesto\u2019 per offrire un esempio concreto degli approcci all\u2019accessibilit\u00e0 pi\u00f9 innovativi e trasformare davvero il museo in un luogo accogliente, inclusivo e partecipato, oltre le barriere sensoriali, cognitive e culturali. Un obiettivo che rende ancor pi\u00f9 prezioso e fondamentale il confronto con il Consiglio Regionale del Piemonte e con la Sezione territoriale di Torino dell\u2019UICI, in tutte le forme di supporto e collaborazione previste dal protocollo di intesa siglato oggi.<\/p>\n","protected":false},"excerpt":{"rendered":"<p>Accessibilit\u00e0, progetti inclusivi, azioni partecipate, percorsi di visita per tutte le persone, musei come luoghi di convivenza oltre le differenze. Sono queste le coordinate del protocollo di intesa che \u00e8 stato sottoscritto, negli Appartamenti dei [&hellip;]<\/p>\n","protected":false},"author":1,"featured_media":837,"comment_status":"closed","ping_status":"closed","sticky":false,"template":"","format":"standard","meta":{"footnotes":""},"categories":[4,254],"tags":[93,191,271,272],"class_list":["post-12290","post","type-post","status-publish","format-standard","has-post-thumbnail","hentry","category-direzione-regionale-musei","category-residenze-reali-sabaude","tag-accessibilita","tag-apertura","tag-protocollodiintesa","tag-uici"],"_links":{"self":[{"href":"https:\/\/museipiemonte.cultura.gov.it\/index.php\/wp-json\/wp\/v2\/posts\/12290","targetHints":{"allow":["GET"]}}],"collection":[{"href":"https:\/\/museipiemonte.cultura.gov.it\/index.php\/wp-json\/wp\/v2\/posts"}],"about":[{"href":"https:\/\/museipiemonte.cultura.gov.it\/index.php\/wp-json\/wp\/v2\/types\/post"}],"author":[{"embeddable":true,"href":"https:\/\/museipiemonte.cultura.gov.it\/index.php\/wp-json\/wp\/v2\/users\/1"}],"replies":[{"embeddable":true,"href":"https:\/\/museipiemonte.cultura.gov.it\/index.php\/wp-json\/wp\/v2\/comments?post=12290"}],"version-history":[{"count":2,"href":"https:\/\/museipiemonte.cultura.gov.it\/index.php\/wp-json\/wp\/v2\/posts\/12290\/revisions"}],"predecessor-version":[{"id":12292,"href":"https:\/\/museipiemonte.cultura.gov.it\/index.php\/wp-json\/wp\/v2\/posts\/12290\/revisions\/12292"}],"wp:featuredmedia":[{"embeddable":true,"href":"https:\/\/museipiemonte.cultura.gov.it\/index.php\/wp-json\/wp\/v2\/media\/837"}],"wp:attachment":[{"href":"https:\/\/museipiemonte.cultura.gov.it\/index.php\/wp-json\/wp\/v2\/media?parent=12290"}],"wp:term":[{"taxonomy":"category","embeddable":true,"href":"https:\/\/museipiemonte.cultura.gov.it\/index.php\/wp-json\/wp\/v2\/categories?post=12290"},{"taxonomy":"post_tag","embeddable":true,"href":"https:\/\/museipiemonte.cultura.gov.it\/index.php\/wp-json\/wp\/v2\/tags?post=12290"}],"curies":[{"name":"wp","href":"https:\/\/api.w.org\/{rel}","templated":true}]}}