{"id":12726,"date":"2025-06-09T11:52:56","date_gmt":"2025-06-09T09:52:56","guid":{"rendered":"http:\/\/museipiemonte.cultura.gov.it\/?p=12726"},"modified":"2025-06-16T15:03:30","modified_gmt":"2025-06-16T13:03:30","slug":"villa-della-regina-conferenza-restituire-la-memoria-ricostruzione-virtuale-della-libreria-del-piffetti-venerdi-13-giugno-ore-11-00","status":"publish","type":"post","link":"https:\/\/museipiemonte.cultura.gov.it\/index.php\/2025\/06\/09\/villa-della-regina-conferenza-restituire-la-memoria-ricostruzione-virtuale-della-libreria-del-piffetti-venerdi-13-giugno-ore-11-00\/","title":{"rendered":"Villa della Regina &#8211; conferenza Restituire la memoria. Ricostruzione virtuale della Libreria del Piffetti \u2013 venerd\u00ec 13 giugno ore 11.00"},"content":{"rendered":"<p>La <strong>Biblioteca del Piffetti<\/strong> torna a Villa della Regina in realt\u00e0 aumentata.<br \/>\nIl capolavoro di ebanisteria, realizzato nel Settecento per Villa della Regina e trasferito nel 1879 al Palazzo del Quirinale, rivive oggi grazie a un progetto di <strong>realt\u00e0 aumentata e virtuale<\/strong>, frutto della collaborazione\u00a0tra\u00a0il nostro Istituto\u00a0delle Residenze reali sabaude &#8211; Musei nazionali Piemonte, il Dipartimento di Architettura e Design (DAD) del Politecnico di Torino, il Dipartimento di Storia, Disegno e Restauro dell&#8217;architettura (DSDRA) di Sapienza Universit\u00e0 di Roma e Shazarch s.r.l.<br \/>\nI risultati di questo complesso lavoro saranno presentati durante la <strong>conferenza<\/strong> <em>Restituire la memoria. Ricostruzione virtuale della Libreria del Piffetti per l\u2019accessibilit\u00e0 del patrimonio culturale<\/em> che si terr\u00e0 nel Salone d\u2019Onore di <strong>Villa della Regina<\/strong> venerd\u00ec <strong>13 giugno<\/strong> alle <strong>ore 11.00<\/strong>. In occasione dell\u2019evento sar\u00e0 possibile vivere un\u2019esperienza senza precedenti: la realt\u00e0 aumentata riporter\u00e0 il capolavoro del Piffetti nel suo spazio originario, il Gabinetto della Libreria, mentre nella Sala Audiovisivi sar\u00e0 possibile esplorare l\u2019opera in realt\u00e0 virtuale immersiva.<br \/>\nInoltre, da quel giorno, tutte le persone che visiteranno Villa della Regina potranno accedere all\u2019esperienza in realt\u00e0 aumentata semplicemente scaricando un\u2019app sul proprio smartphone. Un modo innovativo e coinvolgente per scoprire un gioiello del nostro patrimonio, favorire un\u2019esperienza culturale sempre pi\u00f9 ampia e accessibile e arricchire la visita anche attraverso gli strumenti offerti dalle nuove tecnologie.<\/p>\n<p>&nbsp;<\/p>\n<p><strong>PROGRAMMA<\/strong><\/p>\n<p><strong>11.00 \u2013 Saluti istituzionali<\/strong><br \/>\nFilippo Masino, Direttore delle Residenze reali sabaude<br \/>\nSara Lyla Mantica, Direttrice di Villa della Regina<br \/>\nDiana Rolando, Vice-Direttrice del DAD, Politecnico di Torino<\/p>\n<p><strong>11.30 \u2013 Contributi<\/strong><br \/>\n<em>Tecnologie digitali per l&#8217;accessibilit\u00e0 culturale, fra ricerca e intervento<\/em><br \/>\nChiara Teolato, Direttrice Consorzio delle Residenze Reali Sabaude<br \/>\n<em>Analisi, ricostruzione digitale e fruizione AR e VR della Libreria del Piffetti a Villa della Regina<\/em><br \/>\nRoberta Spallone, Michele Russo, Marco Vitali, Valerio Palma, Enrico Pupi, Martina Rinascimento<\/p>\n<p><strong>12.30 \u2013 Dibattito<\/strong><\/p>\n<p><strong>12.40 \u2013 Sperimentazioni<\/strong><br \/>\nRealt\u00e0 aumentata presso il Gabinetto della Libreria<br \/>\nRealt\u00e0 virtuale immersiva presso la Sala Audiovisivi<\/p>\n<p><strong>Ingresso libero fino ad esaurimento posti.<\/strong><\/p>\n<p>&nbsp;<\/p>\n<p>&nbsp;<\/p>\n","protected":false},"excerpt":{"rendered":"<p>La Biblioteca del Piffetti torna a Villa della Regina in realt\u00e0 aumentata. Il capolavoro di ebanisteria, realizzato nel Settecento per Villa della Regina e trasferito nel 1879 al Palazzo del Quirinale, rivive oggi grazie a [&hellip;]<\/p>\n","protected":false},"author":1,"featured_media":780,"comment_status":"closed","ping_status":"closed","sticky":false,"template":"","format":"standard","meta":{"footnotes":""},"categories":[254,6],"tags":[36,21,25],"class_list":["post-12726","post","type-post","status-publish","format-standard","has-post-thumbnail","hentry","category-residenze-reali-sabaude","category-villa-della-regina","tag-musei","tag-news","tag-villa-della-regina"],"_links":{"self":[{"href":"https:\/\/museipiemonte.cultura.gov.it\/index.php\/wp-json\/wp\/v2\/posts\/12726","targetHints":{"allow":["GET"]}}],"collection":[{"href":"https:\/\/museipiemonte.cultura.gov.it\/index.php\/wp-json\/wp\/v2\/posts"}],"about":[{"href":"https:\/\/museipiemonte.cultura.gov.it\/index.php\/wp-json\/wp\/v2\/types\/post"}],"author":[{"embeddable":true,"href":"https:\/\/museipiemonte.cultura.gov.it\/index.php\/wp-json\/wp\/v2\/users\/1"}],"replies":[{"embeddable":true,"href":"https:\/\/museipiemonte.cultura.gov.it\/index.php\/wp-json\/wp\/v2\/comments?post=12726"}],"version-history":[{"count":5,"href":"https:\/\/museipiemonte.cultura.gov.it\/index.php\/wp-json\/wp\/v2\/posts\/12726\/revisions"}],"predecessor-version":[{"id":12731,"href":"https:\/\/museipiemonte.cultura.gov.it\/index.php\/wp-json\/wp\/v2\/posts\/12726\/revisions\/12731"}],"wp:featuredmedia":[{"embeddable":true,"href":"https:\/\/museipiemonte.cultura.gov.it\/index.php\/wp-json\/wp\/v2\/media\/780"}],"wp:attachment":[{"href":"https:\/\/museipiemonte.cultura.gov.it\/index.php\/wp-json\/wp\/v2\/media?parent=12726"}],"wp:term":[{"taxonomy":"category","embeddable":true,"href":"https:\/\/museipiemonte.cultura.gov.it\/index.php\/wp-json\/wp\/v2\/categories?post=12726"},{"taxonomy":"post_tag","embeddable":true,"href":"https:\/\/museipiemonte.cultura.gov.it\/index.php\/wp-json\/wp\/v2\/tags?post=12726"}],"curies":[{"name":"wp","href":"https:\/\/api.w.org\/{rel}","templated":true}]}}