{"id":1301,"date":"2016-11-28T11:33:25","date_gmt":"2016-11-28T10:33:25","guid":{"rendered":"http:\/\/museipiemonte.cultura.gov.it\/?p=1301"},"modified":"2016-12-06T12:14:37","modified_gmt":"2016-12-06T11:14:37","slug":"giornata-internazionale-dei-diritti-delle-persone-con-disabilita-3-dicembre-2016","status":"publish","type":"post","link":"https:\/\/museipiemonte.cultura.gov.it\/index.php\/2016\/11\/28\/giornata-internazionale-dei-diritti-delle-persone-con-disabilita-3-dicembre-2016\/","title":{"rendered":"Giornata internazionale dei diritti delle persone con disabilit\u00e0, 3 dicembre 2016"},"content":{"rendered":"<p>Il 3 dicembre \u00e8 la <strong>Giornata internazionale dei diritti delle persone con disabilit\u00e0<\/strong> e il Polo museale del Piemonte promuove una serie di attivit\u00e0 volte a richiamare l\u2019attenzione del pubblico sui problemi legati alle diverse forme di accessibilit\u00e0.<br \/>\nIl Codice dei Beni Culturali e del Paesaggio, d.lgs. 42 del 2004, pone fra i propri primari obiettivi le<em> &#8220;attivit\u00e0 dirette a promuovere la conoscenza del patrimonio culturale e ad assicurare le migliori condizioni di utilizzazione e fruizione pubblica del patrimonio stesso&#8221;<\/em>, con ci\u00f2 intendendo offrire a tutti i cittadini la possibilit\u00e0 di beneficiare in egual modo delle bellezze architettoniche, archeologiche, artistiche presenti nei propri siti museali.<br \/>\nIn quest&#8217;ottica il Polo Museale del Piemonte opera per creare occasioni che consentano ai cittadini diversamente abili di fruire, in modo soddisfacente e possibilmente completo, della visita in ciascun museo.<br \/>\nNelle diverse sedi museali saranno dunque organizzate delle iniziative espressamente dedicate ai visitatori con disabilit\u00e0 visive e uditive o motorie, ma anche a coloro che vogliano avvicinarsi ai temi dell\u2019accessibilit\u00e0 condivisa.<\/p>\n<p>&nbsp;<\/p>\n<p><strong>Palazzo Carignano, 2 dicembre 2016, ore 10,30 &#8211; Protocollo di intesa tra il Polo Museale e l&#8217;Istituto dei Sordi di Torino<\/strong><\/p>\n<p>Nel desiderio di fornire percorsi comunicativi alle persone con disabilit\u00e0 uditiva il Polo museale firma un <strong>Protocollo di intesa<\/strong> con l&#8217;<em>Istituto dei Sordi di Torino<\/em>. I due Enti si impegnano a progettare e promuovere strumenti didattici che consentano ai non udenti di fruire in completa autonomia dei percorsi museali.<br \/>\nSeguir\u00e0 una visita con interprete LIS agli Appartamenti del principe Emanuele Filiberto di Savoia-Carignano, sordomuto dalla nascita, per volont\u00e0 del quale Guarino Guarini edific\u00f2 il Palazzo, uno dei pi\u00f9 suggestivi esempi di architettura barocca.<\/p>\n<p>&nbsp;<\/p>\n<p><strong>Palazzo Carignano, 3 dicembre 2016, ore 15,00 &#8211; Incontro con l\u2019Ente Nazionale Sordi, Sezione di Torino.<\/strong><\/p>\n<p style=\"text-align: justify; text-justify: inter-ideograph;\">Il presidente dell\u2019ENS e gli educatori museali del Palazzo illustrano le difficolt\u00e0 incontrate dal pubblico non udente nella fruizione dei percorsi museali e le modalit\u00e0 che possono, invece, rendere pienamente godibile la visita.<\/p>\n<p>Al termine dell\u2019incontro sono previste, per chi lo desidera, visite guidate agli Appartamenti barocchi di&nbsp;Palazzo Carignano, capolavoro del Seicento, sorto per volont\u00e0 del principe Emanuele Filiberto di Savoia-Carignano, illuminato committente, nato \u201csordomuto\u201d.<\/p>\n<p>La partecipazione all\u2019incontro \u00e8 gratuita.<br \/>\nL\u2019ingresso negli appartamenti \u00e8 gratuito per la persona con disabilit\u00e0 e per il suo accompagnatore.<br \/>\n<strong>E\u2019 necessaria la prenotazione, fino ad esaurimento posti: e<\/strong><strong>mail pm-pie.palazzocarignano@beniculturali.it<\/strong><\/p>\n<p>&nbsp;<\/p>\n<p><strong>Real Castello di Racconigi, 3 dicembre 2016 &#8211; &#8220;Il Castello \u00e8 per tutti&#8221;<\/strong><\/p>\n<p style=\"text-align: left;\">Per la Giornata Internazionale delle persone con disabilit\u00e0 la Direzione del Castello organizza la seconda edizione di <em>&#8220;Il Castello \u00e8 per tutti&#8221;<\/em> con iniziative dedicate ai diversi tipi di disabilit\u00e0:<\/p>\n<p style=\"text-align: left;\"><em><strong>A spasso con VIRGIL (attivit\u00e0 dedicata alle disabilit\u00e0 motorie)<\/strong><\/em><\/p>\n<p style=\"text-align: left;\">Grazie al robot <strong>VIRGIL<\/strong> (integralmente sviluppato a Racconigi), tutti potranno<em> &#8220;accedere&#8221;<\/em> agli ambienti solitamente non visitabili. Dopo la normale visita guidata, i visitatori saranno accompagnati nella Sala Conferenze e sul video potranno seguire il robot <strong>VIRGIL<\/strong> che percorrer\u00e0 le <em>\u201cstanze delle balie\u201d<\/em> , ubicate nel piano ammezzato del palazzo e solitamente chiuse al pubblico.<br \/>\nLe attivit\u00e0 sono cos\u00ec organizzate:<br \/>\n<strong>&#8211; ore 10.30 visita guidata al primo piano, ore 11.30 video nella sala conferenze <\/strong><br \/>\n<strong>&#8211; ore 15.30 visita guidata al primo piano, ore 16.30 video nella sala conferenze<\/strong><\/p>\n<p style=\"text-align: left;\"><em><strong>A contatto con l&#8217;arte &nbsp; (attivit\u00e0 dedicata alle disabilit\u00e0 visive)<\/strong><\/em><\/p>\n<p style=\"text-align: left;\">Ore 15.00 speciale visita guidata: le persone con disabilit\u00e0 visiva avranno la possibilit\u00e0 di<em> &#8220;conoscere&#8221;<\/em> il viso dei Savoia grazie ad un percorso di esplorazione tattile dei busti dei personaggi che hanno abitato le stanze del castello.<\/p>\n<p><strong>La prenotazione \u00e8 obbligatoria per tutte le attivit\u00e0:<\/strong><br \/>\n<strong>Tel. 0172 84595 (dal marted\u00ec al gioved\u00ec dalle 9.00 alle 12.30)<\/strong><br \/>\n<strong>Email: sbap-to.racconigiprenotazioni@beniculturali.it<\/strong><\/p>\n<p>&nbsp;<\/p>\n<p><strong>Villa della Regina, 6 dicembre 2016, ore 10,00 \u2013 Percorso tattile agli Appartamenti del Re e della Regina.<\/strong><\/p>\n<p>Gli educatori museali di Villa della Regina, in collaborazione con la sezione cultura dell&#8217;Unione Ciechi di Torino, organizzano una speciale visita guidata che consentir\u00e0 un percorso tattile all\u2019interno degli Appartamenti del Re e della Regina grazie alle mappe tematiche appositamente create.<\/p>\n","protected":false},"excerpt":{"rendered":"<p>Il 3 dicembre \u00e8 la Giornata internazionale dei diritti delle persone con disabilit\u00e0 e il Polo museale del Piemonte promuove una serie di attivit\u00e0 volte a richiamare l\u2019attenzione del pubblico sui problemi legati alle diverse forme di accessibilit\u00e0.<\/p>\n","protected":false},"author":1,"featured_media":837,"comment_status":"closed","ping_status":"closed","sticky":false,"template":"","format":"standard","meta":{"footnotes":""},"categories":[10,4,5,6],"tags":[93,35,21,62,19,41,71,33,25,54],"class_list":["post-1301","post","type-post","status-publish","format-standard","has-post-thumbnail","hentry","category-castello-di-racconigi","category-direzione-regionale-musei","category-palazzo-carignano","category-villa-della-regina","tag-accessibilita","tag-castello","tag-news","tag-palazzo-carignano","tag-polo-museale","tag-racconigi","tag-servizi-educativi","tag-valorizzazione","tag-villa-della-regina","tag-visita-guidata"],"_links":{"self":[{"href":"https:\/\/museipiemonte.cultura.gov.it\/index.php\/wp-json\/wp\/v2\/posts\/1301","targetHints":{"allow":["GET"]}}],"collection":[{"href":"https:\/\/museipiemonte.cultura.gov.it\/index.php\/wp-json\/wp\/v2\/posts"}],"about":[{"href":"https:\/\/museipiemonte.cultura.gov.it\/index.php\/wp-json\/wp\/v2\/types\/post"}],"author":[{"embeddable":true,"href":"https:\/\/museipiemonte.cultura.gov.it\/index.php\/wp-json\/wp\/v2\/users\/1"}],"replies":[{"embeddable":true,"href":"https:\/\/museipiemonte.cultura.gov.it\/index.php\/wp-json\/wp\/v2\/comments?post=1301"}],"version-history":[{"count":8,"href":"https:\/\/museipiemonte.cultura.gov.it\/index.php\/wp-json\/wp\/v2\/posts\/1301\/revisions"}],"predecessor-version":[{"id":1317,"href":"https:\/\/museipiemonte.cultura.gov.it\/index.php\/wp-json\/wp\/v2\/posts\/1301\/revisions\/1317"}],"wp:featuredmedia":[{"embeddable":true,"href":"https:\/\/museipiemonte.cultura.gov.it\/index.php\/wp-json\/wp\/v2\/media\/837"}],"wp:attachment":[{"href":"https:\/\/museipiemonte.cultura.gov.it\/index.php\/wp-json\/wp\/v2\/media?parent=1301"}],"wp:term":[{"taxonomy":"category","embeddable":true,"href":"https:\/\/museipiemonte.cultura.gov.it\/index.php\/wp-json\/wp\/v2\/categories?post=1301"},{"taxonomy":"post_tag","embeddable":true,"href":"https:\/\/museipiemonte.cultura.gov.it\/index.php\/wp-json\/wp\/v2\/tags?post=1301"}],"curies":[{"name":"wp","href":"https:\/\/api.w.org\/{rel}","templated":true}]}}