{"id":1308,"date":"2016-11-28T11:52:24","date_gmt":"2016-11-28T10:52:24","guid":{"rendered":"http:\/\/museipiemonte.cultura.gov.it\/?p=1308"},"modified":"2016-12-06T12:14:22","modified_gmt":"2016-12-06T11:14:22","slug":"real-castello-di-racconigi-3-dicembre-2016-il-castello-e-per-tutti","status":"publish","type":"post","link":"https:\/\/museipiemonte.cultura.gov.it\/index.php\/2016\/11\/28\/real-castello-di-racconigi-3-dicembre-2016-il-castello-e-per-tutti\/","title":{"rendered":"Real Castello di Racconigi, 3 dicembre 2016 &#8211; &#8220;Il Castello \u00e8 per tutti&#8221;"},"content":{"rendered":"<p>Per la <strong>Giornata Internazionale delle persone con disabilit\u00e0<\/strong> la Direzione del Castello organizza la seconda edizione di <strong><em>&#8220;Il Castello \u00e8 per tutti&#8221; <\/em><\/strong>con iniziative dedicate ai diversi tipi di disabilit\u00e0:<\/p>\n<p>&nbsp;<\/p>\n<p style=\"text-align: left;\"><em><strong>A spasso con VIRGIL (attivit\u00e0 dedicata alle disabilit\u00e0 motorie)<\/strong><\/em><\/p>\n<p>Grazie al robot <strong>VIRGIL<\/strong> (integralmente sviluppato a Racconigi), tutti potranno &#8220;accedere&#8221; agli ambienti solitamente non visitabili. Dopo la normale visita guidata, i visitatori saranno accompagnati nella Sala Conferenze e sul video potranno seguire il robot <strong>VIRGIL<\/strong> che percorrer\u00e0 le <em>\u201cstanze delle balie\u201d<\/em> , ubicate nel piano ammezzato del palazzo e solitamente chiuse al pubblico.<\/p>\n<p><strong>Le attivit\u00e0 sono cos\u00ec organizzate:<\/strong><br \/>\n<strong>&#8211; ore 10.30 visita guidata al primo piano, ore 11.30 video nella sala conferenze <\/strong><br \/>\n<strong>&#8211; ore 15.30 visita guidata al primo piano, ore 16.30 video nella sala conferenze<\/strong><\/p>\n<p>&nbsp;<\/p>\n<p style=\"text-align: left;\"><em><strong>A contatto con l&#8217;arte &nbsp; (attivit\u00e0 dedicata alle disabilit\u00e0 visive)<\/strong><\/em><\/p>\n<p><strong>Ore 15.00 speciale visita guidata<\/strong>: le persone con disabilit\u00e0 visiva avranno la possibilit\u00e0 di <em>&#8220;conoscere&#8221;<\/em> il viso dei Savoia grazie ad un percorso di esplorazione tattile dei busti dei personaggi reali che hanno abitato le stanze del castello.<\/p>\n<p>&nbsp;<\/p>\n<p><strong>La prenotazione \u00e8 obbligatoria per tutte le attivit\u00e0<\/strong><br \/>\nTel. 0172 84595 (dal marted\u00ec al gioved\u00ec dalle 9.00 alle 12.30)<br \/>\nEmail: <a href=\"mailto:sbap-to.racconigiprenotazioni@beniculturali.it\" target=\"_blank\">sbap-to.racconigiprenotazioni@beniculturali.it<\/a><\/p>\n<p>&nbsp; &nbsp; &nbsp; &nbsp; &nbsp; &nbsp; &nbsp; &nbsp; &nbsp; &nbsp; &nbsp; &nbsp; &nbsp; &nbsp; &nbsp; &nbsp; &nbsp; &nbsp; &nbsp; &nbsp; &nbsp; &nbsp; &nbsp; &nbsp;<\/p>\n<p><a href=\"http:\/\/museipiemonte.cultura.gov.it\/wp-content\/uploads\/2016\/11\/racco-disab-locandina.jpg\"><img loading=\"lazy\" decoding=\"async\" class=\"alignnone wp-image-1339\" src=\"http:\/\/museipiemonte.cultura.gov.it\/wp-content\/uploads\/2016\/11\/racco-disab-locandina-208x300.jpg\" alt=\"racco-disab-locandina\" width=\"250\" height=\"360\" srcset=\"https:\/\/museipiemonte.cultura.gov.it\/wp-content\/uploads\/2016\/11\/racco-disab-locandina-208x300.jpg 208w, https:\/\/museipiemonte.cultura.gov.it\/wp-content\/uploads\/2016\/11\/racco-disab-locandina-711x1024.jpg 711w, https:\/\/museipiemonte.cultura.gov.it\/wp-content\/uploads\/2016\/11\/racco-disab-locandina-230x331.jpg 230w, https:\/\/museipiemonte.cultura.gov.it\/wp-content\/uploads\/2016\/11\/racco-disab-locandina-350x504.jpg 350w, https:\/\/museipiemonte.cultura.gov.it\/wp-content\/uploads\/2016\/11\/racco-disab-locandina.jpg 814w\" sizes=\"auto, (max-width: 250px) 100vw, 250px\" \/><\/a>&nbsp; &nbsp; &nbsp; &nbsp; &nbsp; &nbsp; &nbsp; &nbsp; &nbsp; &nbsp; &nbsp; &nbsp; &nbsp; &nbsp; &nbsp; &nbsp; &nbsp; &nbsp; &nbsp; &nbsp; &nbsp; &nbsp; &nbsp; &nbsp; &nbsp;<a href=\"http:\/\/museipiemonte.cultura.gov.it\/wp-content\/uploads\/2016\/11\/robot-virgil.jpg\"><img loading=\"lazy\" decoding=\"async\" class=\"alignnone wp-image-1341\" src=\"http:\/\/museipiemonte.cultura.gov.it\/wp-content\/uploads\/2016\/11\/robot-virgil-300x200.jpg\" alt=\"robot-virgil\" width=\"400\" height=\"267\" srcset=\"https:\/\/museipiemonte.cultura.gov.it\/wp-content\/uploads\/2016\/11\/robot-virgil-300x200.jpg 300w, https:\/\/museipiemonte.cultura.gov.it\/wp-content\/uploads\/2016\/11\/robot-virgil-1024x682.jpg 1024w, https:\/\/museipiemonte.cultura.gov.it\/wp-content\/uploads\/2016\/11\/robot-virgil-830x553.jpg 830w, https:\/\/museipiemonte.cultura.gov.it\/wp-content\/uploads\/2016\/11\/robot-virgil-230x153.jpg 230w, https:\/\/museipiemonte.cultura.gov.it\/wp-content\/uploads\/2016\/11\/robot-virgil-350x233.jpg 350w, https:\/\/museipiemonte.cultura.gov.it\/wp-content\/uploads\/2016\/11\/robot-virgil.jpg 1184w\" sizes=\"auto, (max-width: 400px) 100vw, 400px\" \/><\/a><\/p>\n<p>&nbsp; &nbsp; &nbsp; &nbsp; &nbsp; &nbsp; &nbsp; &nbsp; &nbsp; &nbsp; &nbsp; &nbsp; &nbsp; &nbsp; &nbsp; &nbsp; &nbsp; &nbsp; &nbsp; &nbsp; &nbsp; &nbsp; &nbsp; &nbsp; &nbsp; &nbsp; &nbsp; &nbsp; &nbsp; &nbsp; &nbsp; &nbsp; &nbsp; &nbsp; &nbsp; &nbsp; &nbsp; &nbsp; &nbsp; &nbsp; &nbsp; &nbsp; &nbsp; &nbsp; &nbsp; &nbsp; &nbsp; &nbsp; &nbsp; &nbsp; &nbsp; &nbsp;<\/p>\n","protected":false},"excerpt":{"rendered":"<p>Per la Giornata Internazionale delle persone con disabilit\u00e0 la Direzione del Castello organizza la seconda edizione di &#8220;Il Castello \u00e8 per tutti&#8221; con iniziative dedicate ai diversi tipi di disabilit\u00e0<\/p>\n","protected":false},"author":1,"featured_media":830,"comment_status":"closed","ping_status":"closed","sticky":false,"template":"","format":"standard","meta":{"footnotes":""},"categories":[10],"tags":[93,35,21,41,71,33,54],"class_list":["post-1308","post","type-post","status-publish","format-standard","has-post-thumbnail","hentry","category-castello-di-racconigi","tag-accessibilita","tag-castello","tag-news","tag-racconigi","tag-servizi-educativi","tag-valorizzazione","tag-visita-guidata"],"_links":{"self":[{"href":"https:\/\/museipiemonte.cultura.gov.it\/index.php\/wp-json\/wp\/v2\/posts\/1308","targetHints":{"allow":["GET"]}}],"collection":[{"href":"https:\/\/museipiemonte.cultura.gov.it\/index.php\/wp-json\/wp\/v2\/posts"}],"about":[{"href":"https:\/\/museipiemonte.cultura.gov.it\/index.php\/wp-json\/wp\/v2\/types\/post"}],"author":[{"embeddable":true,"href":"https:\/\/museipiemonte.cultura.gov.it\/index.php\/wp-json\/wp\/v2\/users\/1"}],"replies":[{"embeddable":true,"href":"https:\/\/museipiemonte.cultura.gov.it\/index.php\/wp-json\/wp\/v2\/comments?post=1308"}],"version-history":[{"count":9,"href":"https:\/\/museipiemonte.cultura.gov.it\/index.php\/wp-json\/wp\/v2\/posts\/1308\/revisions"}],"predecessor-version":[{"id":1342,"href":"https:\/\/museipiemonte.cultura.gov.it\/index.php\/wp-json\/wp\/v2\/posts\/1308\/revisions\/1342"}],"wp:featuredmedia":[{"embeddable":true,"href":"https:\/\/museipiemonte.cultura.gov.it\/index.php\/wp-json\/wp\/v2\/media\/830"}],"wp:attachment":[{"href":"https:\/\/museipiemonte.cultura.gov.it\/index.php\/wp-json\/wp\/v2\/media?parent=1308"}],"wp:term":[{"taxonomy":"category","embeddable":true,"href":"https:\/\/museipiemonte.cultura.gov.it\/index.php\/wp-json\/wp\/v2\/categories?post=1308"},{"taxonomy":"post_tag","embeddable":true,"href":"https:\/\/museipiemonte.cultura.gov.it\/index.php\/wp-json\/wp\/v2\/tags?post=1308"}],"curies":[{"name":"wp","href":"https:\/\/api.w.org\/{rel}","templated":true}]}}