{"id":1347,"date":"2016-12-07T09:25:24","date_gmt":"2016-12-07T08:25:24","guid":{"rendered":"http:\/\/museipiemonte.cultura.gov.it\/?p=1347"},"modified":"2016-12-07T09:32:32","modified_gmt":"2016-12-07T08:32:32","slug":"il-castello-domestico-castello-di-racconigi-dall8-all11-dicembre-2016","status":"publish","type":"post","link":"https:\/\/museipiemonte.cultura.gov.it\/index.php\/2016\/12\/07\/il-castello-domestico-castello-di-racconigi-dall8-all11-dicembre-2016\/","title":{"rendered":"Il Castello Domestico &#8211; Castello di Racconigi &#8211; dall&#8217;8 all&#8217;11 dicembre 2016"},"content":{"rendered":"<p><strong>Da gioved\u00ec 8 a domenica 11 dicembre<\/strong>&nbsp;la Direzione del &nbsp;Castello di Racconigi, in collaborazione con l&#8217;Associazione <em>Le Terre dei Savoia,<\/em> propone ai visitatori un percorso insolito e suggestivo attraverso<\/p>\n<p style=\"text-align: left;\"><strong><em>IL CASTELLO DOMESTICO<\/em><\/strong><\/p>\n<p>Vengono aperti e spiegati con visite guidate gli ambienti pi\u00f9 intimi di questa amatissima dimora di villeggiatura, dalle imponenti cucine completamente attrezzate, alle sale da pranzo, dalle stanze dei principi ai teneri appartamenti delle balie dove tutto sembra sospeso ad attendere il ritorno dei piccoli ospiti.<\/p>\n<p>Un&#8217;occasione da non perdere se si vogliono scoprire gli aspetti del vivere quotidiano dei reali che assai raramente vengono svelati all&#8217;attenzione del pubblico.<\/p>\n<p>Sono previste <strong>tre visite guidate ogni giorno&nbsp; alle 11.30 &#8211; 15.00 &#8211; 16.30.<br \/>\nLa&nbsp;prenotazione \u00e8 obbligatoria ed avviene fino ad esaurimento posti.<\/strong><\/p>\n<p><strong>Per informazioni su costi e prenotazioni: tel. 3420091460<\/strong><\/p>\n<p>&nbsp;<\/p>\n<p><a href=\"http:\/\/museipiemonte.cultura.gov.it\/wp-content\/uploads\/2016\/12\/castellodomestico.jpg\" target=\"_blank\"><img loading=\"lazy\" decoding=\"async\" class=\"alignnone wp-image-1353\" src=\"http:\/\/museipiemonte.cultura.gov.it\/wp-content\/uploads\/2016\/12\/castellodomestico-724x1024.jpg\" alt=\"castellodomestico\" width=\"400\" height=\"566\" srcset=\"https:\/\/museipiemonte.cultura.gov.it\/wp-content\/uploads\/2016\/12\/castellodomestico-724x1024.jpg 724w, https:\/\/museipiemonte.cultura.gov.it\/wp-content\/uploads\/2016\/12\/castellodomestico-212x300.jpg 212w, https:\/\/museipiemonte.cultura.gov.it\/wp-content\/uploads\/2016\/12\/castellodomestico-830x1174.jpg 830w, https:\/\/museipiemonte.cultura.gov.it\/wp-content\/uploads\/2016\/12\/castellodomestico-230x325.jpg 230w, https:\/\/museipiemonte.cultura.gov.it\/wp-content\/uploads\/2016\/12\/castellodomestico-350x495.jpg 350w, https:\/\/museipiemonte.cultura.gov.it\/wp-content\/uploads\/2016\/12\/castellodomestico.jpg 1754w\" sizes=\"auto, (max-width: 400px) 100vw, 400px\" \/><\/a><\/p>\n","protected":false},"excerpt":{"rendered":"<p>Da gioved\u00ec 8 a domenica 11 dicembre a Racconigi sar\u00e0 possibile scoprire &#8220;Il Castello Domestico&#8221;: visite guidate agli ambienti pi\u00f9 intimi di questa amatissima dimora di villeggiatura dove tutto sembra sospeso ad attendere il ritorno degli ospiti reali.<\/p>\n","protected":false},"author":1,"featured_media":830,"comment_status":"closed","ping_status":"closed","sticky":false,"template":"","format":"standard","meta":{"footnotes":""},"categories":[10],"tags":[35,36,41,33,54],"class_list":["post-1347","post","type-post","status-publish","format-standard","has-post-thumbnail","hentry","category-castello-di-racconigi","tag-castello","tag-musei","tag-racconigi","tag-valorizzazione","tag-visita-guidata"],"_links":{"self":[{"href":"https:\/\/museipiemonte.cultura.gov.it\/index.php\/wp-json\/wp\/v2\/posts\/1347","targetHints":{"allow":["GET"]}}],"collection":[{"href":"https:\/\/museipiemonte.cultura.gov.it\/index.php\/wp-json\/wp\/v2\/posts"}],"about":[{"href":"https:\/\/museipiemonte.cultura.gov.it\/index.php\/wp-json\/wp\/v2\/types\/post"}],"author":[{"embeddable":true,"href":"https:\/\/museipiemonte.cultura.gov.it\/index.php\/wp-json\/wp\/v2\/users\/1"}],"replies":[{"embeddable":true,"href":"https:\/\/museipiemonte.cultura.gov.it\/index.php\/wp-json\/wp\/v2\/comments?post=1347"}],"version-history":[{"count":6,"href":"https:\/\/museipiemonte.cultura.gov.it\/index.php\/wp-json\/wp\/v2\/posts\/1347\/revisions"}],"predecessor-version":[{"id":1359,"href":"https:\/\/museipiemonte.cultura.gov.it\/index.php\/wp-json\/wp\/v2\/posts\/1347\/revisions\/1359"}],"wp:featuredmedia":[{"embeddable":true,"href":"https:\/\/museipiemonte.cultura.gov.it\/index.php\/wp-json\/wp\/v2\/media\/830"}],"wp:attachment":[{"href":"https:\/\/museipiemonte.cultura.gov.it\/index.php\/wp-json\/wp\/v2\/media?parent=1347"}],"wp:term":[{"taxonomy":"category","embeddable":true,"href":"https:\/\/museipiemonte.cultura.gov.it\/index.php\/wp-json\/wp\/v2\/categories?post=1347"},{"taxonomy":"post_tag","embeddable":true,"href":"https:\/\/museipiemonte.cultura.gov.it\/index.php\/wp-json\/wp\/v2\/tags?post=1347"}],"curies":[{"name":"wp","href":"https:\/\/api.w.org\/{rel}","templated":true}]}}