{"id":14201,"date":"2026-04-18T13:30:16","date_gmt":"2026-04-18T11:30:16","guid":{"rendered":"https:\/\/museipiemonte.cultura.gov.it\/?p=14201"},"modified":"2026-04-18T13:34:27","modified_gmt":"2026-04-18T11:34:27","slug":"castello-di-aglie-mostra-vitae-il-sentimento-della-natura-di-jessica-r-carroll-e-rassegna-culturale-intrecci","status":"publish","type":"post","link":"https:\/\/museipiemonte.cultura.gov.it\/index.php\/2026\/04\/18\/castello-di-aglie-mostra-vitae-il-sentimento-della-natura-di-jessica-r-carroll-e-rassegna-culturale-intrecci\/","title":{"rendered":"Castello di Agli\u00e8 &#8211; mostra VITAE. Il sentimento della Natura di Jessica R. Carroll e rassegna culturale INTRECCI"},"content":{"rendered":"<p>Al Castello di Agli\u00e8 \u00e8 stata inaugurata la mostra <strong><em>Vitae. Il sentimento della Natura<\/em><\/strong> di Jessica R. Carroll,\u00a0 un momento speciale che ha segnato anche la presentazione di\u00a0<strong><em>Intrecci<\/em><\/strong>, la rassegna culturale che accompagner\u00e0 un anno di arte, suoni e natura nel Castello.<\/p>\n<p>La mostra <em>Vitae<\/em>, curata da Alessandra Gallo Orsi, Elisabetta Silvello e Lorenza Salamon, presenta le opere di Jessica R. Carroll, artista che da sempre guarda alla natura come lente privilegiata per esplorare le dinamiche sociali e le relazioni tra individui della stessa specie. Un percorso narrativo che attraversa aria, terra e acqua, intrecciando natura e artigianalit\u00e0 in dialogo con la storia del luogo che lo accoglie. <em>Vitae<\/em> diventa cos\u00ec un invito a riscoprire la natura con uno sguardo nuovo, soffermandosi sui delicati equilibri che regolano la vita collettiva, tra cooperazione e sopravvivenza. Api, acciughe e anguille \u2013 mondi apparentemente lontani ma uniti da sistemi relazionali complessi \u2013 prendono forma in opere raffinate ed eteree, sospese tra ironia e poesia.<br \/>\nL&#8217;esposizione, compresa nel percorso all&#8217;interno del Castello e dei Giardini, potr\u00e0 essere visitata fino a domenica 27 settembre e sar\u00e0 arricchita da un programma di attivit\u00e0 collaterali pensato per approfondire e vivere pienamente l\u2019esperienza.<\/p>\n<p>La rassegna culturale <em>Intrecci<\/em> trasforma il Castello di Agli\u00e8 in un luogo attraversabile, dove linguaggi diversi si incontrano e si sovrappongono: la musica abita le sale, la storia si apre al racconto, il paesaggio diventa parte dell\u2019esperienza. <em>Intrecci<\/em> \u00e8 un programma che tiene insieme stagioni concertistiche, formazione, visite tematiche ed eventi, costruendo un palinsesto continuo da aprile a dicembre 2026. Non una semplice successione di appuntamenti, ma un disegno unitario in cui il patrimonio dialoga con le pratiche contemporanee e con le tante persone che visitano la residenza.<\/p>\n<p><a href=\"http:\/\/museipiemonte.cultura.gov.it\/wp-content\/uploads\/2026\/04\/PROGRAMMA_attivita-mostra-VITAE.pdf\"><strong>SCOPRI IL PROGRAMMA DI VITAE<\/strong><\/a><br \/>\n<a href=\"http:\/\/museipiemonte.cultura.gov.it\/wp-content\/uploads\/2026\/04\/PROGRAMMA_attivita-rassegna-culturale_INTRECCI.pdf\"><strong>SCOPRI IL PROGRAMMA DI INTRECCI<\/strong><\/a><\/p>\n<p><a href=\"https:\/\/museipiemonte.cultura.gov.it\/wp-content\/uploads\/2026\/04\/CARTELLA-STAMPA-CON-IMMAGINI.zip\"><strong>SCARICA LA CARTELLA STAMPA<\/strong><\/a><\/p>\n<p>&nbsp;<\/p>\n","protected":false},"excerpt":{"rendered":"<p>Al Castello di Agli\u00e8 \u00e8 stata inaugurata la mostra Vitae. Il sentimento della Natura di Jessica R. Carroll,\u00a0 un momento speciale che ha segnato anche la presentazione di\u00a0Intrecci, la rassegna culturale che accompagner\u00e0 un anno [&hellip;]<\/p>\n","protected":false},"author":1,"featured_media":828,"comment_status":"closed","ping_status":"closed","sticky":false,"template":"","format":"standard","meta":{"footnotes":""},"categories":[7,285,254],"tags":[58,35,50,293],"class_list":["post-14201","post","type-post","status-publish","format-standard","has-post-thumbnail","hentry","category-castello-di-aglie","category-residenze-reali-sabaude-2","category-residenze-reali-sabaude","tag-aglie","tag-castello","tag-mostra","tag-rassegna-culturale"],"_links":{"self":[{"href":"https:\/\/museipiemonte.cultura.gov.it\/index.php\/wp-json\/wp\/v2\/posts\/14201","targetHints":{"allow":["GET"]}}],"collection":[{"href":"https:\/\/museipiemonte.cultura.gov.it\/index.php\/wp-json\/wp\/v2\/posts"}],"about":[{"href":"https:\/\/museipiemonte.cultura.gov.it\/index.php\/wp-json\/wp\/v2\/types\/post"}],"author":[{"embeddable":true,"href":"https:\/\/museipiemonte.cultura.gov.it\/index.php\/wp-json\/wp\/v2\/users\/1"}],"replies":[{"embeddable":true,"href":"https:\/\/museipiemonte.cultura.gov.it\/index.php\/wp-json\/wp\/v2\/comments?post=14201"}],"version-history":[{"count":4,"href":"https:\/\/museipiemonte.cultura.gov.it\/index.php\/wp-json\/wp\/v2\/posts\/14201\/revisions"}],"predecessor-version":[{"id":14207,"href":"https:\/\/museipiemonte.cultura.gov.it\/index.php\/wp-json\/wp\/v2\/posts\/14201\/revisions\/14207"}],"wp:featuredmedia":[{"embeddable":true,"href":"https:\/\/museipiemonte.cultura.gov.it\/index.php\/wp-json\/wp\/v2\/media\/828"}],"wp:attachment":[{"href":"https:\/\/museipiemonte.cultura.gov.it\/index.php\/wp-json\/wp\/v2\/media?parent=14201"}],"wp:term":[{"taxonomy":"category","embeddable":true,"href":"https:\/\/museipiemonte.cultura.gov.it\/index.php\/wp-json\/wp\/v2\/categories?post=14201"},{"taxonomy":"post_tag","embeddable":true,"href":"https:\/\/museipiemonte.cultura.gov.it\/index.php\/wp-json\/wp\/v2\/tags?post=14201"}],"curies":[{"name":"wp","href":"https:\/\/api.w.org\/{rel}","templated":true}]}}