{"id":14245,"date":"2026-04-28T08:57:18","date_gmt":"2026-04-28T06:57:18","guid":{"rendered":"https:\/\/museipiemonte.cultura.gov.it\/?p=14245"},"modified":"2026-04-28T08:57:18","modified_gmt":"2026-04-28T06:57:18","slug":"castello-di-aglie-mostra-vitae-il-sentimento-della-natura-di-jessica-r-carroll-18-aprile-27-settembre-2026","status":"publish","type":"post","link":"https:\/\/museipiemonte.cultura.gov.it\/index.php\/2026\/04\/28\/castello-di-aglie-mostra-vitae-il-sentimento-della-natura-di-jessica-r-carroll-18-aprile-27-settembre-2026\/","title":{"rendered":"Castello di Agli\u00e8 \u2013 mostra VITAE. Il sentimento della Natura di Jessica R. Carroll &#8211; 18 aprile-27 settembre 2026"},"content":{"rendered":"<p style=\"text-align: center;\"><em><strong>VITAE<br \/>\n<\/strong><strong>Il sentimento della Natura<br \/>\n<\/strong><\/em>Opere di Jessica R. Carroll<\/p>\n<p style=\"text-align: center;\">18 aprile &#8211; 27 settembre 2026<br \/>\n<a href=\"https:\/\/museipiemonte.cultura.gov.it\/index.php\/musei-e-luoghi-della-cultura\/castello-di-aglie\/visita-il-castello-di-aglie\/\" target=\"_blank\" rel=\"noopener\"><strong>Castello di Agli\u00e8<\/strong><\/a><\/p>\n<p><img loading=\"lazy\" decoding=\"async\" class=\"aligncenter size-full wp-image-164\" src=\"http:\/\/museipiemonte.cultura.gov.it\/wp-content\/uploads\/2015\/11\/hr2.png\" alt=\"\" width=\"164\" height=\"50\" \/><\/p>\n<p>La mostra <em><strong>Vitae<\/strong><\/em>, curata da Alessandra Gallo Orsi, Elisabetta Silvello e Lorenza Salamon, presenta le <strong>opere di Jessica R. Carroll<\/strong>, artista che da sempre guarda alla natura come lente privilegiata per esplorare le dinamiche sociali e le relazioni tra individui della stessa specie.<\/p>\n<p>Un percorso narrativo che attraversa aria, terra e acqua, intrecciando natura e artigianalit\u00e0 in dialogo con la storia del luogo che lo accoglie. <em>Vitae<\/em> diventa cos\u00ec un invito a riscoprire la natura con uno sguardo nuovo, soffermandosi sui delicati equilibri che regolano la vita collettiva, tra cooperazione e sopravvivenza. Api, acciughe e anguille \u2013 mondi apparentemente lontani ma uniti da sistemi relazionali complessi \u2013 prendono forma in opere raffinate ed eteree, sospese tra ironia e poesia.<\/p>\n<p>L\u2019esposizione, compresa nel percorso all\u2019interno del Castello e dei Giardini, potr\u00e0 essere visitata <strong>fino a domenica 27 settembre<\/strong> e sar\u00e0 arricchita da un programma di <strong>attivit\u00e0 collaterali<\/strong> pensato per approfondire e vivere pienamente l\u2019esperienza.<\/p>\n<p>&nbsp;<\/p>\n<p><strong>PROGRAMMA DELLE ATTIVIT\u00c0<\/strong><\/p>\n<p><strong>Sabato 18 aprile \u2013 ore 12.30<\/strong><br \/>\n<em><strong>Dentro la mostra VITAE \u2013 Il sentimento della Natura&#8230; con chi la recita<\/strong><\/em><br \/>\nIntroduzione alla mostra con letture ad alta voce del Club dei Parlapensieri<br \/>\nI ragazzi e le ragazze della scuola secondaria di primo grado C. Olivetti di Agli\u00e8 interpretano i temi della mostra raccontando \u201c13 modi di vedere e cambiare\u201d con una performance di lettura ad alta voce, realizzata nell\u2019ambito del laboratorio curato da Vanessa Lonardelli, per la regia di Davide Motto (PIANO ESTATE 2 del MiM &#8211; Programma Nazionale 2021-2027 Ministero dell&#8217;Istruzione e del Merito).<\/p>\n<p>&nbsp;<\/p>\n<p><strong>Sabato 18 aprile \u2013 ore 15.30<\/strong><br \/>\n<em><strong>Biodiversit\u00e0, segni e disegni. Disegniamo l\u2019Arte con Jessica Carroll \u2013 Il sentimento della Natura&#8230; con chi la disegna<\/strong><\/em><br \/>\nVisita con laboratorio per famiglie con la partecipazione dell\u2019artista Jessica Carroll che guider\u00e0 alla scoperta del suo lavoro, raccontandone l\u2019ispirazione e i segreti; a seguire attivit\u00e0 di disegno, in sala e in Giardino, per esplorare attraverso l&#8217;osservazione e il colore che cos&#8217;\u00e8 la biodiversit\u00e0.<\/p>\n<p>&nbsp;<\/p>\n<p><strong>Domenica 19 aprile \u2013 ore 10.30<\/strong><br \/>\n<em><strong>Arte e naturalia. Appuntamento speciale VITAE \u2013 Il sentimento della Natura&#8230; con chi la studia<\/strong><\/em><br \/>\nVisita tematica a cura dell\u2019Associazione Vivere i Parchi<br \/>\nUn percorso alla scoperta del Castello attraverso le tracce della flora e della fauna con un focus particolare sulle opere in mostra e il loro dialogo con il contesto della residenza.<\/p>\n<p>&nbsp;<\/p>\n<p><strong>Sabato 9 maggio \u2013 ore 10.00<\/strong><br \/>\n<em><strong>Lo sguardo dell\u2019alveare. Dialogo visivo tra l\u2019arte di Jessica Carroll e l\u2019illustrazione naturalistica \u2013 Il sentimento della Natura&#8230; con chi la illustra<\/strong><\/em><br \/>\nVisita guidata e workshop di acquerello a tema naturalistico a cura di Gioia Marchegiani<br \/>\nUn percorso che unisce visita guidata e pratica artistica, esplorando il rapporto tra osservazione scientifica e interpretazione creativa, con focus sull\u2019illustrazione naturalistica. Dopo un approfondimento sulle opere e sui processi creativi, \u00e8 prevista una sessione di pittura ad acquerello en plein air nel Giardino del Castello. I materiali per il laboratorio saranno gentilmente messi a disposizione da A. Gallo Colors.<\/p>\n<p>&nbsp;<\/p>\n<p><strong>Sabato 23 maggio \u2013 ore 10.00<\/strong><br \/>\n<em><strong>Letture in Castello \u2013 Il sentimento della Natura&#8230; con chi la legge<\/strong><\/em><br \/>\nAttivit\u00e0 per famiglie a cura della Biblioteca Civica di Agli\u00e8<br \/>\nLe bibliotecarie di Agli\u00e8 invitano le famiglie a scoprire il mondo della natura attraverso gli albi illustrati, in un\u2019esperienza immersiva nel Giardino del Castello, dove suoni, colori e suggestioni naturali si intrecciano con la magia della lettura.<\/p>\n<p>&nbsp;<\/p>\n<p><strong>Sabato 23 maggio \u2013 ore 18.30<\/strong><br \/>\n<em><strong>Arte e naturalia. Appuntamento speciale VITAE \u2013 Il sentimento della Natura&#8230; con chi la studia<\/strong><\/em><br \/>\nVisita tematica a cura dell\u2019Associazione Vivere i Parchi<br \/>\nIn occasione della Notte Europea dei Musei, un percorso alla scoperta del Castello attraverso le tracce della flora e della fauna con un focus particolare sulle opere in mostra e il loro dialogo con il contesto della residenza.<\/p>\n<p>&nbsp;<\/p>\n<p><strong>Domenica 24 maggio \u2013 ore 10.00 e ore 14.30<\/strong><br \/>\n<em><strong>Urban Sketching al Castello di Agli\u00e8 \u2013 Il sentimento della Natura&#8230; con chi la ritrae<\/strong><\/em><br \/>\nDisegno libero nelle sale del Castello e in Giardino in collaborazione con Urban Sketching Torino<br \/>\nLe decorazioni, gli arredi e le maestose architetture del Castello e i panorami del Giardino ispirano la sessione di disegno libero aperta a tutte e tutti. Chiunque, senza alcuna esperienza pregressa, pu\u00f2 cimentarsi nello schizzo artistico dal vivo tra le opere in mostra, in compagnia della Community di Urban Sketchers di Torino. Le persone partecipanti sono invitate a portare i propri materiali, mentre saranno messi a disposizione fogli, matite, gomme e cartelline rigide.<\/p>\n<p>&nbsp;<\/p>\n<p><strong>Domenica 24 maggio \u2013 ore 10.30 e 12.00<\/strong><br \/>\n<em><strong>In giardino. Tra ciuffi e piume: dal soffio del vento al canto degli uccelli \u2013 Il sentimento della <\/strong><\/em><em><strong>Natura&#8230; con chi la ritrae<\/strong><\/em><br \/>\nLaboratorio per famiglie in Giardino a cura di Concetta Curiello<br \/>\nLe famiglie sono invitate a unirsi alla raccolta collettiva di foglie, erbette, fiori e rametti residuali all&#8217;interno del Giardino del Castello. Con questi materiali, bambini e bambine (7-11 anni) potranno sperimentare il disegno botanico e la colorazione dal vero, attraverso tecniche miste umide e secche (pennarelli, pastelli a cera, collage e acquerelli\/tempere).<\/p>\n<p>&nbsp;<\/p>\n<p><strong>Domenica 7 giugno \u2013 ore 15.00<\/strong><br \/>\n<em><strong>Naturalista per un giorno \u2013 Il sentimento della Natura&#8230; con chi la osserva e la protegge<\/strong><\/em><br \/>\nVisita tematica e attivit\u00e0 naturalistica a cura di LIPU Torino<br \/>\nUn sentiero tra le opere di Jessica Carroll, stimolando l\u2019immaginazione con riflessioni e curiosit\u00e0 sulle dinamiche della natura. Dopo la visita, alle 16.00 e alle 17.00, attivit\u00e0 di esplorazione del Giardino del Castello, con un punto di vista \u2013 e un orecchio \u2013 attenti a tutte le piccole vite che vi si nascondono.<\/p>\n<p>&nbsp;<\/p>\n<p><strong>D<\/strong><strong>omenica 14 giugno \u2013 ore 11.00-18.00<\/strong><br \/>\n<em><strong>Conversazioni non verbali: dialoghi tra danza, scultura e animali al Castello di Agli\u00e8 \u2013 Il <\/strong><\/em><em><strong>sentimento della Natura&#8230; con chi la danza<\/strong><\/em><br \/>\nIncursioni di danza contemporanea e workshop per persone professioniste e pre-professioniste a cura di Elena Cattardico<br \/>\nLa giornata propone un percorso immersivo tra danza contemporanea e le sculture di Jessica Carroll. Attraverso workshop partecipativi e performance site-specific con Gilda De Vecchis e Rowan Schratzberger, sar\u00e0 possibile esplorare i linguaggi non verbali dei corpi e degli animali in movimento, scoprendo come la danza possa dialogare con le forme scultoree e gli spazi storici.<br \/>\nPROGRAMMA<br \/>\n\u2022 ore 11.00: visita alla mostra con incursioni di danza site-specific ispirate alle opere<br \/>\n\u2022 ore 13.00-15.00: workshop per persone professioniste e semi-professioniste della danza su pratiche di movimento ispirate alle api e al loro linguaggio non-verbale<br \/>\n\u2022 ore 15.00-15.30: restituzione finale del workshop aperta al pubblico<br \/>\n\u2022 ore 16.00: visita alla mostra con incursioni di danza site-specific ispirate alle opere<br \/>\n\u2022 ore 17.00: workshop Palmo a palmo: dialoghi al miele rivolto a tutto il pubblico senza competenze pregresse; l\u2019attivit\u00e0 \u00e8 pensata per visitatori e visitatrici interessati\/e all\u2019esperienza corporea, alla relazione e alla dimensione performativa.<\/p>\n<p>&nbsp;<\/p>\n<p><strong>Sabato 20 giugno \u2013 ore 15.00<\/strong><br \/>\n<em><strong>Dentro la mostra VITAE \u2013 Il sentimento della Natura&#8230; con chi la incide<\/strong><\/em><br \/>\nWorkshop con il sostegno della Fondazione Federica Galli sul ruolo dell\u2019arte grafica nella divulgazione scientifica; senza i multipli la conoscenza sarebbe ancora appannaggio di pochi.<br \/>\nPartendo dagli esordi di Jessica Carroll nell\u2019ambito dell&#8217;arte grafica, il workshop &#8211; condotto a due voci da Beatrice Gardella, storica dell&#8217;arte, e Giorgia Oldano, artista e stampatrice -, ripercorre i momenti salienti della storia dell&#8217;arte grafica legati alla divulgazione scientifica e accompagna i partecipanti nella diretta sperimentazione di tutte le fasi proprie di questa affascinante tecnica artistica: dall&#8217;incisione della matrice, alla magia della stampa al torchio calcografico.<\/p>\n<p>&nbsp;<\/p>\n<p><strong>Sabato 27 giugno \u2013 ore 17.30-22.30<\/strong><br \/>\n<em><strong>Cinema e natura \u2013 Il sentimento della Natura&#8230; con chi la filma<br \/>\n<\/strong><\/em>Visita alla mostra e proiezione cinematografica in collaborazione con CinemAmbiente<br \/>\nIl percorso sulla ricerca artistica di Jessica Carroll entra in dialogo con il linguaggio cinematografico: alle 17.30 si terr\u00e0 la visita guidata alla mostra, mentre alle 21.00 la Corte d&#8217;onore del Castello si trasformer\u00e0 in cinema sotto le stelle, con la visione del documentario naturalistico <em>La quercia e i suoi abitanti<\/em> di Laurent Charbonnier e Michel Seydoux, presentato da Jessica Carroll, Tiziano Fratus e Lia Furxhi, direttrice del Festival CinemAmbiente.<br \/>\n<em>La quercia e i suoi abitanti<\/em> (Le Ch\u00eane et ses habitants) di Laurent Charbonnier e Michel Seydoux (Francia 2022, 80\u2019)<br \/>\nC\u2019era una volta e c\u2019\u00e8 tuttora&#8230; una grande quercia, vecchia ben duecentodieci anni, diventata pilastro e punto di riferimento per un intero microuniverso di piccoli abitanti. Qui, lo scoiattolo raccoglie le sue provviste, le formiche edificano i loro regni e il topo selvatico trova riparo dal famelico rapace. Loro e molti altri sono i teneri protagonisti di una straordinaria avventura, una emozionante ode alla vita in cui la natura racconta s\u00e9 stessa: la propria bellezza, le proprie sfide e le splendide giornate di sole che sempre seguono i pi\u00f9 violenti acquazzoni.<\/p>\n<p>&nbsp;<\/p>\n<p><strong>Domenica 6 settembre \u2013 ore 11.00<\/strong><br \/>\n<em><strong>Alla scoperta dei mieli \u2013 Il sentimento della Natura&#8230; con chi la trasforma<\/strong><\/em><br \/>\nVisita tematica e narrazione dei mieli con Roberto Sambo<br \/>\nGrazie all\u2019ispirazione delle comunit\u00e0 di api evocate nelle opere in mostra, Roberto Sambo accompagna il pubblico nel mondo antico e multiforme dei mieli, delle loro variet\u00e0 e caratteristiche, in una storia in cui sapienza artigianale e tutela della biodiversit\u00e0 si intrecciano. Il percorso terminer\u00e0 con un\u2019esperienza di assaggio dei mieli tutelati da Slow Food con il Presidio Mieli di Alta Montagna Alpina, guidati da un apicoltore dell\u2019Albo Nazionale degli Esperti in Analisi Sensoriale del Miele. L&#8217;appuntamento si inserisce nel programma di eventi che anticipano Terra Madre \u2013 Salone del Gusto (Torino, 24-27 settembre 2026), che quest\u2019anno festeggia il 40\u00b0 anniversario di Slow Food Italia.<\/p>\n<p>&nbsp;<\/p>\n<p><strong>Domenica 6 settembre \u2013 ore 16.00<\/strong><br \/>\n<em><strong>Attivismo climatico e spazi sociali \u2013 Il sentimento della Natura&#8230; con chi la difende<\/strong><\/em><br \/>\nIl Kontiki al Castello di Agli\u00e9 \u2013 Laboratorio di difesa climatica<br \/>\nAttraversando il percorso di visita della mostra, ci si interroga insieme sul ruolo che i luoghi di socialit\u00e0 e cultura possono assumere nel contesto della crisi climatica. Come si mette in pratica la giustizia climatica e sociale ogni giorno? Con quali strumenti, ostacoli e concetti ci si deve confrontare? Gli spazi sociali sono un bene comune sempre pi\u00f9 in difficolt\u00e0, e la divulgazione della crisi climatica sta faticando in questo periodo. Come si pu\u00f2 tenere tutto assieme, guardare avanti e proporre un nuovo modello?<\/p>\n<p>&nbsp;<\/p>\n<p><strong>Domenica 13 settembre \u2013 ore 10.30<\/strong><br \/>\n<em><strong>Per indagare la scienza serve l\u2019arte \u2013 Il sentimento della Natura&#8230; con chi la sperimenta<\/strong><\/em><br \/>\nWorkshop per insegnanti, personale educativo di musei e istituzioni culturali e scientifiche a cura di Federica Buglioni<br \/>\nL\u2019arte fornisce alle giovani generazioni continui stimoli a osservare, confrontare, sperimentare, apprendere dall\u2019errore, porsi domande, cercare nuove idee e soluzioni: tutte attitudini preziose per esercitare il metodo scientifico a scuola e nel tempo libero. Utilizzando un vasto campionario di elementi naturali e numerosi libri illustrati sperimenteremo sguardi e attivit\u00e0 che costruiscono ponti tra le discipline.<\/p>\n<p>&nbsp;<\/p>\n<p><strong>Domenica 13 settembre \u2013 ore 15.30<\/strong><br \/>\n<em><strong>Alfabeti naturali in mostra \u2013 Il sentimento della Natura&#8230; con chi la esplora<\/strong><\/em><br \/>\nVisita tematica e laboratorio per famiglie a cura di Federica Buglioni<br \/>\nIspirandosi al libro <em>Alfabeti naturali<\/em>, l\u2019autrice accompagna il pubblico alla scoperta dei pattern naturali attraverso illustrazioni e materiali tattili da ritrovare durante la visita al Castello, in un percorso alla ricerca di forme e motivi ricorrenti tra architetture, decorazioni e opere di Jessica Carroll. Nel laboratorio finale di disegno, ogni partecipante rielabora un pattern osservato realizzando una propria creazione.<\/p>\n<p>&nbsp;<\/p>\n<p><strong>Sabato 19 settembre \u2013 ore 10.30<\/strong><br \/>\n<em><strong>Il mondo delle api con tutti i sensi \u2013 Il sentimento della Natura&#8230; con chi la tocca, annusa, <\/strong><strong>gusta e ascolta<\/strong><\/em><br \/>\nVisita tematica multisensoriale a cura di Monica Fissore, in collaborazione con U.I.C.I. &#8211; Unione Italiana dei Ciechi e degli Ipovedenti Piemonte e Torino<br \/>\nUn percorso esperienziale per scoprire le opere di Jessica Carroll e il mondo delle api attraverso tutti i sensi. L\u2019esperienza della visita alla mostra \u00e8 arricchita da esplorazioni tattili, olfattive, uditive e gustative che permettono di relazionarsi con l\u2019arte e la natura in modo immersivo e coinvolgente. L\u2019attivit\u00e0 \u00e8 progettata per essere accessibile anche a persone cieche e ipovedenti.<\/p>\n<p>&nbsp;<\/p>\n<p><strong>Modalit\u00e0 di partecipazione agli eventi collaterali alla mostra:<\/strong><br \/>\n\u2022 Ingresso incluso nel biglietto di accesso al Castello per tutte le attivit\u00e0 (visite guidate tematiche, laboratori, workshop, attivit\u00e0 per famiglie, ecc.), ad eccezione delle visite tematiche Arte e naturalia a cura dell\u2019Associazione Vivere i Parchi<\/p>\n<p><strong>Prenotazione obbligatoria:<\/strong><br \/>\n\u2022 per visite tematiche, workshop e laboratori acquisto del biglietto di ingresso per lo slot orario corrispondente all\u2019attivit\u00e0 sul sito web <a href=\"https:\/\/www.museiitaliani.it\" target=\"_blank\" rel=\"noopener\">www.museiitaliani.it<\/a> oppure tramite App Musei Italiani<br \/>\n\u2022 per visite e attivit\u00e0 per famiglie: <a href=\"mailto:drm-pie.aglie.sed@cultura.gov.it\">drm-pie.aglie.sed@cultura.gov.it<\/a>; 0124 330102 (\u00e8 garantita la possibilit\u00e0 di partecipare per max 1 genitore per bambino)<br \/>\n\u2022 per le visite Arte e Naturalia a cura dell\u2019Associazione Vivere i Parchi: 345 779 6413; <a href=\"mailto:vivereiparchi@gmail.com\">vivereiparchi@gmail.com<\/a><\/p>\n<p><strong>Tariffe di ingresso al Castello:<\/strong><br \/>\n\u2022 Biglietto Castello: 8,00 euro<br \/>\n\u2022 Biglietto Giardino: 3,00 euro<br \/>\n\u2022 Biglietto Parco+Giardino: 5,00 Euro<br \/>\n\u2022 Ridotto 2,00: dai 18 ai 25 anni<br \/>\n\u2022 Gratuito per: minori di 18 anni; docenti della scuola, di ruolo o con contratto a termine, su presentazione della certificazione del proprio stato di docente; docenti e studenti delle facolt\u00e0 di architettura, di conservazione dei beni culturali, di scienze della formazione e dei corsi di laurea in lettere o materie letterarie con indirizzo archeologico o storico-artistico delle facolt\u00e0 di lettere e filosofia, delle accademie di belle arti o dei corsi e degli istituti corrispondenti negli Stati membri dell\u2019Unione Europea (il biglietto gratuito \u00e8 rilasciato agli studenti mediante esibizione del certificato di iscrizione per l\u2019anno accademico in corso); titolari dell\u2019Abbonamento Musei, Torino+Piemonte Card e Royal Pass; personale Ministero della Cultura; membri ICOM; giornalisti muniti di tessera professionale; persone con disabilit\u00e0 e relativi accompagnatori; operatori delle associazioni di volontariato che svolgano, in base a convenzioni in essere stipulate con il Ministero ai sensi dell\u2019articolo 112, comma 8, del Codice, attivit\u00e0 di promozione e diffusione della conoscenza dei beni culturali; possessori di Passaporto Culturale \u2013 progetto Nati con la Cultura<br \/>\n\u2022 Gratuito l\u2019accesso al Parco e al Giardino \u00e8 gratuito per i residenti nel Comune di Agli\u00e8 (\u00e8 necessaria l\u2019esibizione di un documento attestante la residenza)<br \/>\n\u2022 Gratuito nelle domeniche 3 maggio, 7 giugno, 5 luglio, 2 agosto e 6 settembre per l\u2019iniziativa #domenicalmuseo; sabato 25 aprile per la Festa nazionale della Liberazione e sabato 2 giugno per la Festa della Repubblica<br \/>\n\u2022 Biglietto speciale \u20ac 1,00: sabato 23 maggio dalle 19.30 alle 22.30 (ultimo ingresso 21.30), in occasione della Notte Europea dei Musei; sabato 27 settembre dalle 19.30 alle 22.30 (ultimo ingresso 21.30), in occasione delle Giornate Europee del Patrimonio<\/p>\n<p><strong>Tariffe per le visite tematiche Arte e naturalia a cura dell\u2019Associazione Vivere i Parchi:<\/strong><br \/>\n\u2022 Intero: \u20ac 15,00<br \/>\n\u2022 Ridotto: \u20ac 10,00 *<br \/>\n\u2022 Ridotto (6-18 anni): \u20ac 5,00<br \/>\n\u2022 Gratuito per bambini fino a 5 anni<br \/>\n* Hanno diritto alla riduzione: persone con disabilit\u00e0 e accompagnatori; docenti delle scuole italiane pubbliche e private paritarie con presentazione della certificazione del proprio stato di docente; studenti delle facolt\u00e0 di Architettura, Lettere e Filosofia; persone in possesso di Abbonamento Musei, Torino+Piemonte Card, Royal Pass; personale MiC; membri ICOM; giornalisti muniti di tessera professionale.<\/p>\n<p>&nbsp;<\/p>\n","protected":false},"excerpt":{"rendered":"<p>VITAE Il sentimento della Natura Opere di Jessica R. Carroll 18 aprile &#8211; 27 settembre 2026 Castello di Agli\u00e8 La mostra Vitae, curata da Alessandra Gallo Orsi, Elisabetta Silvello e Lorenza Salamon, presenta le opere [&hellip;]<\/p>\n","protected":false},"author":1,"featured_media":828,"comment_status":"closed","ping_status":"closed","sticky":false,"template":"","format":"standard","meta":{"footnotes":""},"categories":[7,285],"tags":[58,50,36,21,294],"class_list":["post-14245","post","type-post","status-publish","format-standard","has-post-thumbnail","hentry","category-castello-di-aglie","category-residenze-reali-sabaude-2","tag-aglie","tag-mostra","tag-musei","tag-news","tag-vitae"],"_links":{"self":[{"href":"https:\/\/museipiemonte.cultura.gov.it\/index.php\/wp-json\/wp\/v2\/posts\/14245","targetHints":{"allow":["GET"]}}],"collection":[{"href":"https:\/\/museipiemonte.cultura.gov.it\/index.php\/wp-json\/wp\/v2\/posts"}],"about":[{"href":"https:\/\/museipiemonte.cultura.gov.it\/index.php\/wp-json\/wp\/v2\/types\/post"}],"author":[{"embeddable":true,"href":"https:\/\/museipiemonte.cultura.gov.it\/index.php\/wp-json\/wp\/v2\/users\/1"}],"replies":[{"embeddable":true,"href":"https:\/\/museipiemonte.cultura.gov.it\/index.php\/wp-json\/wp\/v2\/comments?post=14245"}],"version-history":[{"count":10,"href":"https:\/\/museipiemonte.cultura.gov.it\/index.php\/wp-json\/wp\/v2\/posts\/14245\/revisions"}],"predecessor-version":[{"id":14258,"href":"https:\/\/museipiemonte.cultura.gov.it\/index.php\/wp-json\/wp\/v2\/posts\/14245\/revisions\/14258"}],"wp:featuredmedia":[{"embeddable":true,"href":"https:\/\/museipiemonte.cultura.gov.it\/index.php\/wp-json\/wp\/v2\/media\/828"}],"wp:attachment":[{"href":"https:\/\/museipiemonte.cultura.gov.it\/index.php\/wp-json\/wp\/v2\/media?parent=14245"}],"wp:term":[{"taxonomy":"category","embeddable":true,"href":"https:\/\/museipiemonte.cultura.gov.it\/index.php\/wp-json\/wp\/v2\/categories?post=14245"},{"taxonomy":"post_tag","embeddable":true,"href":"https:\/\/museipiemonte.cultura.gov.it\/index.php\/wp-json\/wp\/v2\/tags?post=14245"}],"curies":[{"name":"wp","href":"https:\/\/api.w.org\/{rel}","templated":true}]}}