{"id":2090,"date":"2017-05-23T14:38:27","date_gmt":"2017-05-23T12:38:27","guid":{"rendered":"http:\/\/museipiemonte.cultura.gov.it\/?p=2090"},"modified":"2017-05-29T11:14:54","modified_gmt":"2017-05-29T09:14:54","slug":"tutti-gli-eventi-della-settimana-dal-24-al-28-maggio-2017","status":"publish","type":"post","link":"https:\/\/museipiemonte.cultura.gov.it\/index.php\/2017\/05\/23\/tutti-gli-eventi-della-settimana-dal-24-al-28-maggio-2017\/","title":{"rendered":"Tutti gli eventi della settimana &#8211; dal 24 al 28 maggio 2017"},"content":{"rendered":"<p>Le nostre sedi vi aspettano anche questa settimana con tante proposte.<\/p>\n<p>&nbsp;<\/p>\n<p><a href=\"http:\/\/museipiemonte.cultura.gov.it\/wp-content\/uploads\/2016\/05\/Racconigi.jpg\"><img loading=\"lazy\" decoding=\"async\" class=\"alignnone wp-image-830 size-medium\" src=\"http:\/\/museipiemonte.cultura.gov.it\/wp-content\/uploads\/2016\/05\/Racconigi-300x43.jpg\" alt=\"Racconigi\" width=\"300\" height=\"43\" srcset=\"https:\/\/museipiemonte.cultura.gov.it\/wp-content\/uploads\/2016\/05\/Racconigi-300x43.jpg 300w, https:\/\/museipiemonte.cultura.gov.it\/wp-content\/uploads\/2016\/05\/Racconigi-230x33.jpg 230w, https:\/\/museipiemonte.cultura.gov.it\/wp-content\/uploads\/2016\/05\/Racconigi-350x50.jpg 350w, https:\/\/museipiemonte.cultura.gov.it\/wp-content\/uploads\/2016\/05\/Racconigi.jpg 700w\" sizes=\"auto, (max-width: 300px) 100vw, 300px\" \/><\/a><\/p>\n<p>Al <a href=\"http:\/\/museipiemonte.cultura.gov.it\/index.php\/musei-e-luoghi-della-cultura\/castello-di-racconigi\/\"><strong>Castello di Racconigi<\/strong><\/a> si possono visitare le esposizioni<strong><a href=\"http:\/\/museipiemonte.cultura.gov.it\/index.php\/2017\/05\/02\/torna-il-fascino-del-sol-levante-al-castello-di-racconigi-dal-6-maggio-al-4-giugno-2017\/\"> <em>Nuvole di carta,&nbsp;<\/em><em>Aforismi e origami<\/em><\/a><\/strong>&nbsp;e <em><strong><a href=\"http:\/\/museipiemonte.cultura.gov.it\/index.php\/2017\/05\/08\/prigioni-della-mente-castello-di-racconigi-12-maggio-2017\/\">Prigioni della mente<\/a><\/strong>.<\/em><\/p>\n<p>Inoltre <strong>venerd\u00ec 26 maggio alle ore 10.00<\/strong>&nbsp;escursione <strong><em>Carrozze e Carrozzine <\/em><\/strong>dedicata all&#8217;illustrazione delle possibilit\u00e0 di visita per i disabili fisici. Un percorso che si snoda fra i sentieri del parco finalmente accessibili anche per chi ha difficolt\u00e0 motorie.<\/p>\n<p><strong>Sabato 27 maggio alle ore 16.00,<\/strong> per la&nbsp;VII edizione della&nbsp;<em><strong>Biennale Arteinsieme<\/strong>, cultura e culture senza barriere,<\/em> lo staff del Castello propone&nbsp;<em><strong>Sensi di corte:<\/strong><\/em>&nbsp;un&#8217;attivit\u00e0 dedicata alle persone ipovedenti o non vedenti&nbsp;che&nbsp;avranno la possibilit\u00e0 di toccare alcuni busti in stucco, marmo e bronzo delle collezioni del Castello, imparando a riconoscere le fisionomie dei membri di casa Savoia con particolare attenzione per coloro che pi\u00f9 abitarono la residenza racconigese: Carlo Alberto, primo Savoia Carignano a cingere la corona del Regno di Sardegna, e sua moglie Maria Teresa d&#8217;Asburgo-Lorena, Umberto I e la regina Margherita, protagonisti della storia della Real Casa nel primo Novecento.<br \/>\nL&#8217;esperienza tattile sui busti consentir\u00e0 ai visitatori di conoscere le acconciature dell&#8217;epoca e le fogge degli abiti &#8220;toccando con mano&#8221; la consistenza dei tessuti grazie alla presenza di stoffe e scampoli.<br \/>\nLa collaborazione con il <em><a href=\"http:\/\/www.musesaccademia.it\/it\/\" target=\"_blank\">MUSES, Accademia Europea delle essenze<\/a><\/em> di Savigliano, arricchir\u00e0 ulteriormente la visita con profumi ed essenze insegnando a riconoscere gli odori che ci circondano, da quelli pi\u00f9 comuni a quelli pi\u00f9 ricercati e di valenza storica.<br \/>\nL&#8217;attivit\u00e0 si concluder\u00e0 con la creazione di un pot-pourri con petali, fiori secchi e oli essenziali. Un viaggio nella sperimentazione per ritrovare la capacit\u00e0 di meravigliarsi.<\/p>\n<p>Per informazioni e prenotazioni: tel.&nbsp;0172 84595, e-mail: <a href=\"mailto:racconigi.prenotazioni@beniculturali.it\" target=\"_blank\">racconigi.prenotazioni@beniculturali.it<\/a><\/p>\n<p>&nbsp;<\/p>\n<p><a href=\"http:\/\/museipiemonte.cultura.gov.it\/wp-content\/uploads\/2016\/05\/Villa.jpg\"><img loading=\"lazy\" decoding=\"async\" class=\"alignnone wp-image-780 size-medium\" src=\"http:\/\/museipiemonte.cultura.gov.it\/wp-content\/uploads\/2016\/05\/Villa-300x43.jpg\" alt=\"Villa\" width=\"300\" height=\"43\" srcset=\"https:\/\/museipiemonte.cultura.gov.it\/wp-content\/uploads\/2016\/05\/Villa-300x43.jpg 300w, https:\/\/museipiemonte.cultura.gov.it\/wp-content\/uploads\/2016\/05\/Villa-230x33.jpg 230w, https:\/\/museipiemonte.cultura.gov.it\/wp-content\/uploads\/2016\/05\/Villa-350x50.jpg 350w, https:\/\/museipiemonte.cultura.gov.it\/wp-content\/uploads\/2016\/05\/Villa.jpg 700w\" sizes=\"auto, (max-width: 300px) 100vw, 300px\" \/><\/a><\/p>\n<p>A <strong><a href=\"http:\/\/museipiemonte.cultura.gov.it\/index.php\/musei-e-luoghi-della-cultura\/villa-della-regina\/\">Villa della Regina<\/a><\/strong><\/p>\n<p><strong>Mercoled\u00ec 24 maggio alle ore 11.00<\/strong> appuntamento con <em>Reali Sensi: l&#8217;udito&nbsp;<\/em><\/p>\n<p><em><strong>L&#8217;Arte dell&#8217;udito<\/strong>: <\/em>visita guidata tematica (senza supplemento al biglietto d&#8217;ingresso ordinario).&nbsp;Un&#8217;avventura tra i viali dei giardini, rievocando suoni di un passato a tratti ancora presente come il soave mormorio dell&#8217;acqua delle fontane, elemento di fascino e spettacolo. Un tripudio di suoni da scoprire e rievocare, ascoltando questo luogo di <em>Delitiae<\/em> sei-settecentesco, luogo di incontro tra natura e arte.<\/p>\n<p><strong>Sabato 27 maggio alle ore 17.00 e domenica 28 maggio alle ore 18.00<\/strong> concerto della soprano &nbsp;Maria Mitsopoulou accompagnata dalla pianista Cristina Lagan\u00e0 a cura dell&#8217;<em><a href=\"http:\/\/www.amicidivilladellaregina.org\/\" target=\"_blank\">Associazione Amici di Villa della Regina<\/a><\/em><\/p>\n<p>I posti sono limitati, \u00e8 <strong>obbligatoria<\/strong> la prenotazione: <a href=\"http:\/\/www.amicidivilladellaregina.org\/events\/concerto-di-primavera-a-villa-della-regina\/\" target=\"_blank\">clicca qui<\/a><\/p>\n<p>&nbsp;<\/p>\n<p><img loading=\"lazy\" decoding=\"async\" class=\"alignnone wp-image-1020 size-medium\" src=\"http:\/\/museipiemonte.cultura.gov.it\/wp-content\/uploads\/2016\/08\/PalazzoCarignano-300x43.jpg\" alt=\"PalazzoCarignano\" width=\"300\" height=\"43\" srcset=\"https:\/\/museipiemonte.cultura.gov.it\/wp-content\/uploads\/2016\/08\/PalazzoCarignano-300x43.jpg 300w, https:\/\/museipiemonte.cultura.gov.it\/wp-content\/uploads\/2016\/08\/PalazzoCarignano-230x33.jpg 230w, https:\/\/museipiemonte.cultura.gov.it\/wp-content\/uploads\/2016\/08\/PalazzoCarignano-350x50.jpg 350w, https:\/\/museipiemonte.cultura.gov.it\/wp-content\/uploads\/2016\/08\/PalazzoCarignano.jpg 700w\" sizes=\"auto, (max-width: 300px) 100vw, 300px\" \/><\/p>\n<p>A <strong><a href=\"http:\/\/museipiemonte.cultura.gov.it\/index.php\/musei-e-luoghi-della-cultura\/palazzo-carignano\/\" target=\"_blank\">Palazzo Carignano<\/a>&nbsp;sabato 27 e domenica 28 maggio <\/strong>arriva l&#8217;edizione 2017 del Festival <strong><em><a href=\"http:\/\/www.mettinpiazzalacultura.it\/larte-ti-da-energia\/\" target=\"_blank\">Mettinpiazzalacultura<\/a>.<\/em><\/strong><\/p>\n<p>Per l&#8217;occasione si terranno <strong>laboratori speciali a tema per i bambini<\/strong> <strong>alle ore 15.00<\/strong> di sabato e di domenica. <strong><em>L&#8217;Arte ti d\u00e0 energia!&nbsp;<\/em><\/strong>porter\u00e0 i partecipanti alla scoperta degli effetti suggestivi della luce sullo scalone curvilineo, i giochi delle ombre sulle pareti, nelle nicchie e sulle rampe. Alla parte di osservazione seguir\u00e0 una parte con attivit\u00e0 manuali che coinvolgeranno in prima persona i bambini. Laboratorio didattico per bambini dai 6 ai 10 anni (accompagnati dai genitori). Il laboratorio della durata di circa 60 minuti \u00e8 gratuito (per gli adulti ingresso con biglietto ordinario 5,00 \u20ac).<\/p>\n<p>&nbsp;<\/p>\n<p><img loading=\"lazy\" decoding=\"async\" class=\"alignnone wp-image-828 size-medium\" src=\"http:\/\/museipiemonte.cultura.gov.it\/wp-content\/uploads\/2016\/05\/Aglie-300x43.jpg\" alt=\"Aglie\" width=\"300\" height=\"43\" srcset=\"https:\/\/museipiemonte.cultura.gov.it\/wp-content\/uploads\/2016\/05\/Aglie-300x43.jpg 300w, https:\/\/museipiemonte.cultura.gov.it\/wp-content\/uploads\/2016\/05\/Aglie-230x33.jpg 230w, https:\/\/museipiemonte.cultura.gov.it\/wp-content\/uploads\/2016\/05\/Aglie-350x50.jpg 350w, https:\/\/museipiemonte.cultura.gov.it\/wp-content\/uploads\/2016\/05\/Aglie.jpg 700w\" sizes=\"auto, (max-width: 300px) 100vw, 300px\" \/><\/p>\n<p>Al <a href=\"http:\/\/museipiemonte.cultura.gov.it\/index.php\/musei-e-luoghi-della-cultura\/castello-di-aglie\/\" target=\"_blank\"><strong>Castello di Agli\u00e9<\/strong><\/a><strong> sabato 27 maggio alle ore 15.00<\/strong> nuovo appuntamento con <em>Reali Sensi: l&#8217;udito<\/em><\/p>\n<p><em><strong>Echi di note lontane<\/strong>:<\/em><strong>&nbsp;<\/strong>visita guidata tematica (senza supplemento al biglietto d&#8217;ingresso ordinario).<br \/>\nLa passione per la musica ha accompagnato la storia del Castello dal Seicento a oggi. Nella visita scopriremo le note riecheggiate tra queste stanze rivivendo le emozioni di epoche lontane: dai balletti di Filippo San Martino ai Lieder, le composizioni per voce solista e pianoforte, tanto amate dalla duchessa Isabella di Baviera, moglie di Tommaso di Savoia, passando per l&#8217;opera lirica preferita&nbsp;da Carlo Felice.<\/p>\n<p>Informazioni e prenotazioni: tel. 0124 330102; e-mail: <a href=\"mailto:pm-pie.aglie@beniculturali.it\" target=\"_blank\">pm-pie.aglie@beniculturali.it<\/a><\/p>\n<p>&nbsp;<\/p>\n<p><img loading=\"lazy\" decoding=\"async\" class=\"alignnone wp-image-1456 size-medium\" src=\"http:\/\/museipiemonte.cultura.gov.it\/wp-content\/uploads\/2017\/01\/fruttuaria-300x43.jpg\" alt=\"fruttuaria\" width=\"300\" height=\"43\" srcset=\"https:\/\/museipiemonte.cultura.gov.it\/wp-content\/uploads\/2017\/01\/fruttuaria-300x43.jpg 300w, https:\/\/museipiemonte.cultura.gov.it\/wp-content\/uploads\/2017\/01\/fruttuaria-230x33.jpg 230w, https:\/\/museipiemonte.cultura.gov.it\/wp-content\/uploads\/2017\/01\/fruttuaria-350x50.jpg 350w, https:\/\/museipiemonte.cultura.gov.it\/wp-content\/uploads\/2017\/01\/fruttuaria.jpg 700w\" sizes=\"auto, (max-width: 300px) 100vw, 300px\" \/><\/p>\n<p>All&#8217;<strong><a href=\"http:\/\/museipiemonte.cultura.gov.it\/index.php\/musei-e-luoghi-della-cultura\/abbazia-di-fruttuaria\/\" target=\"_blank\">Abbazia di Fruttuaria<\/a><\/strong> prosegue l&#8217;esposizione collettiva di scultura <strong><em>Suggestioni della Materia<\/em><\/strong>, visitabile <strong>domenica 28 maggio dalle 15.00 alle 17.00<\/strong>.<\/p>\n<p>Nel suggestivo percorso archeologico sotterraneo dell&#8217;abbazia sono esposte le opere di Giulio Agostino, Maxo della Rocca, Attilio Di Maio, David Ferro, Giuliana Garribba e Mario Giammarinaro. Visite a cura dell&#8217;Associazione Amici di Fruttuaria, ingresso gratuito.<\/p>\n<p>&nbsp;<\/p>\n<p>Il <strong><a href=\"http:\/\/museipiemonte.cultura.gov.it\/index.php\/musei-e-luoghi-della-cultura\/castello-di-serralunga\/visita-il-castello-di-serralunga\/\" target=\"_blank\">Castello di Serralunga<\/a><\/strong>, l&#8217;<strong><a href=\"http:\/\/museipiemonte.cultura.gov.it\/index.php\/musei-e-luoghi-della-cultura\/abbazia-di-vezzolano\/visita-labbazia-di-vezzolano\/\" target=\"_blank\">Abbazia di Vezzolano<\/a><\/strong> e il <strong><a href=\"http:\/\/museipiemonte.cultura.gov.it\/index.php\/musei-e-luoghi-della-cultura\/forte-di-gavi\/visita-il-forte-di-gavi\/\" target=\"_blank\">Forte di Gavi<\/a><\/strong> vi aspettano con i consueti giorni e orari di apertura.<\/p>\n","protected":false},"excerpt":{"rendered":"<p>Gli appuntamenti nei musei e nei luoghi della cultura del Polo Museale nella settimana dal 24 al 28 maggio 2017.<\/p>\n","protected":false},"author":1,"featured_media":837,"comment_status":"closed","ping_status":"closed","sticky":false,"template":"","format":"standard","meta":{"footnotes":""},"categories":[64,7,10,5,6],"tags":[52,58,35,65,50,36,21,62,41,109,71,25,54],"class_list":["post-2090","post","type-post","status-publish","format-standard","has-post-thumbnail","hentry","category-abbazia-di-fruttuaria","category-castello-di-aglie","category-castello-di-racconigi","category-palazzo-carignano","category-villa-della-regina","tag-abbazia","tag-aglie","tag-castello","tag-fruttuaria","tag-mostra","tag-musei","tag-news","tag-palazzo-carignano","tag-racconigi","tag-reali-sensi","tag-servizi-educativi","tag-villa-della-regina","tag-visita-guidata"],"_links":{"self":[{"href":"https:\/\/museipiemonte.cultura.gov.it\/index.php\/wp-json\/wp\/v2\/posts\/2090","targetHints":{"allow":["GET"]}}],"collection":[{"href":"https:\/\/museipiemonte.cultura.gov.it\/index.php\/wp-json\/wp\/v2\/posts"}],"about":[{"href":"https:\/\/museipiemonte.cultura.gov.it\/index.php\/wp-json\/wp\/v2\/types\/post"}],"author":[{"embeddable":true,"href":"https:\/\/museipiemonte.cultura.gov.it\/index.php\/wp-json\/wp\/v2\/users\/1"}],"replies":[{"embeddable":true,"href":"https:\/\/museipiemonte.cultura.gov.it\/index.php\/wp-json\/wp\/v2\/comments?post=2090"}],"version-history":[{"count":15,"href":"https:\/\/museipiemonte.cultura.gov.it\/index.php\/wp-json\/wp\/v2\/posts\/2090\/revisions"}],"predecessor-version":[{"id":2112,"href":"https:\/\/museipiemonte.cultura.gov.it\/index.php\/wp-json\/wp\/v2\/posts\/2090\/revisions\/2112"}],"wp:featuredmedia":[{"embeddable":true,"href":"https:\/\/museipiemonte.cultura.gov.it\/index.php\/wp-json\/wp\/v2\/media\/837"}],"wp:attachment":[{"href":"https:\/\/museipiemonte.cultura.gov.it\/index.php\/wp-json\/wp\/v2\/media?parent=2090"}],"wp:term":[{"taxonomy":"category","embeddable":true,"href":"https:\/\/museipiemonte.cultura.gov.it\/index.php\/wp-json\/wp\/v2\/categories?post=2090"},{"taxonomy":"post_tag","embeddable":true,"href":"https:\/\/museipiemonte.cultura.gov.it\/index.php\/wp-json\/wp\/v2\/tags?post=2090"}],"curies":[{"name":"wp","href":"https:\/\/api.w.org\/{rel}","templated":true}]}}