{"id":2104,"date":"2017-05-24T10:07:45","date_gmt":"2017-05-24T08:07:45","guid":{"rendered":"http:\/\/museipiemonte.cultura.gov.it\/?p=2104"},"modified":"2017-05-26T15:10:53","modified_gmt":"2017-05-26T13:10:53","slug":"biennale-arteinsieme-2017-castello-di-racconigi-27-maggio-2017","status":"publish","type":"post","link":"https:\/\/museipiemonte.cultura.gov.it\/index.php\/2017\/05\/24\/biennale-arteinsieme-2017-castello-di-racconigi-27-maggio-2017\/","title":{"rendered":"Biennale Arteinsieme 2017 &#8211; Castello di Racconigi, 27 maggio 2017"},"content":{"rendered":"<p><strong>Sabato 27 maggio alle ore 16.00<\/strong>&nbsp;in occasione della VII edizione della <em>Biennale Arteinsieme&nbsp;\u2013 Cultura e culture senza barriere<\/em>, il <a href=\"http:\/\/museipiemonte.cultura.gov.it\/index.php\/musei-e-luoghi-della-cultura\/castello-di-racconigi\/\">Castello di Racconigi <\/a>propone <strong><em>Sensi di corte <\/em><\/strong>: un\u2019iniziativa multisensoriale rivolta ad ipovedenti e non vedenti che potranno conoscere attraverso il tatto le fisionomie, le fogge degli abiti, le mode e il gusto di coloro che abitarono la residenza racconigese.<\/p>\n<p>La visita sar\u00e0 dedicata in particolare a Carlo Alberto, primo Savoia Carignano a cingere la corona del Regno di Sardegna, e alla consorte moglie Maria Teresa di Asburgo-Lorena e poi a Umberto I e alla regina Margherita, protagonisti della storia della Real Casa nel primo \u2018900. L\u2019esperienza tattile sui busti consentir\u00e0 ai visitatori di conoscere le acconciature dell\u2019epoca e le fogge degli abiti \u201ctoccando con mano\u201d la consistenza dei tessuti grazie alla presenza di stoffe e scampoli.<\/p>\n<p>La collaborazione con il <em><a href=\"http:\/\/www.musesaccademia.it\/it\/\" target=\"_blank\">M\u00daSES Accademia Europea delle Essenze<\/a>&nbsp;<\/em>arricchir\u00e0 ulteriormente la visita di sapori e profumi, avvicinando al mondo delle essenze per far conoscere i profumi che ci circondano, da quelli pi\u00f9 comuni a quelli pi\u00f9 ricercati di valenza storica. Un viaggio nella sperimentazione e nella capacit\u00e0 di meravigliarsi.<br \/>\nL&#8217;attivit\u00e0 gratuita \u00e8 riservata ad ipovedenti e non vedenti, e ai loro accompagnatori, muniti di biglietto castello (ingresso disabili + 1 accompagnatore gratuito), prenotazione obbligatoria.<\/p>\n<p>Per info e prenotazioni: tel. 391 7033907; e-mail <a href=\"mailto:socialracconigi@beniculturali.it\" target=\"_blank\">socialracconigi@beniculturali.it<\/a><\/p>\n<p>&nbsp;<\/p>\n<p><a href=\"http:\/\/museipiemonte.cultura.gov.it\/wp-content\/uploads\/2017\/05\/biennale-dellarte-27-maggio.jpg\"><img loading=\"lazy\" decoding=\"async\" class=\"alignnone wp-image-2106\" src=\"http:\/\/museipiemonte.cultura.gov.it\/wp-content\/uploads\/2017\/05\/biennale-dellarte-27-maggio-724x1024.jpg\" alt=\"biennale dell'arte - 27 maggio\" width=\"500\" height=\"707\" srcset=\"https:\/\/museipiemonte.cultura.gov.it\/wp-content\/uploads\/2017\/05\/biennale-dellarte-27-maggio-724x1024.jpg 724w, https:\/\/museipiemonte.cultura.gov.it\/wp-content\/uploads\/2017\/05\/biennale-dellarte-27-maggio-212x300.jpg 212w, https:\/\/museipiemonte.cultura.gov.it\/wp-content\/uploads\/2017\/05\/biennale-dellarte-27-maggio-830x1173.jpg 830w, https:\/\/museipiemonte.cultura.gov.it\/wp-content\/uploads\/2017\/05\/biennale-dellarte-27-maggio-230x325.jpg 230w, https:\/\/museipiemonte.cultura.gov.it\/wp-content\/uploads\/2017\/05\/biennale-dellarte-27-maggio-350x495.jpg 350w, https:\/\/museipiemonte.cultura.gov.it\/wp-content\/uploads\/2017\/05\/biennale-dellarte-27-maggio.jpg 1240w\" sizes=\"auto, (max-width: 500px) 100vw, 500px\" \/><\/a><\/p>\n<p>&nbsp;<\/p>\n<p>La Biennale Arteinsieme &#8211; cultura e culture senza barriere \u00e8 promossa dal <a href=\"http:\/\/www.museoomero.it\/main?pp=pagina_iniziale\" target=\"_blank\">Museo Tattile Statale Omero &#8211; TACTUS Centro per le Arti Contemporanee<\/a>, la Multisensorialit\u00e0 e l&#8217;Interculturalit\u00e0, in collaborazione con il Ministero dei Beni e delle Attivit\u00e0 Culturali e del Turismo tramite la Direzione Generale Educazione e Ricerca &#8211; Servizio I, Ufficio Studi &#8211; Centro per i Servizi Educativi del Museo e del Territorio (Sed) e la Direzione Generale arte e architettura contemporanee e periferie urbane e la Direzione Generale Musei &#8211; Servizio II &#8211; Gestione e Valorizzazione dei Musei e dei Luoghi della Cultura e con il Ministero dell&#8217;Istruzione, dell&#8217;Universit\u00e0 e della Ricerca, ed in collaborazione, per le iniziative nella Regione Marche, con il Liceo Artistico &#8220;Edgardo Mannucci&#8221; di Ancona e il Comune di Ancona.<\/p>\n","protected":false},"excerpt":{"rendered":"<p>Sensi di corte: attivit\u00e0 dedicata alle persone non vedenti e ipovedenti &#8211; Castello di Racconigi, sabato 27 maggio 2017 alle ore 16.00<\/p>\n","protected":false},"author":1,"featured_media":830,"comment_status":"closed","ping_status":"closed","sticky":false,"template":"","format":"standard","meta":{"footnotes":""},"categories":[10],"tags":[93,35,21,41,33,54],"class_list":["post-2104","post","type-post","status-publish","format-standard","has-post-thumbnail","hentry","category-castello-di-racconigi","tag-accessibilita","tag-castello","tag-news","tag-racconigi","tag-valorizzazione","tag-visita-guidata"],"_links":{"self":[{"href":"https:\/\/museipiemonte.cultura.gov.it\/index.php\/wp-json\/wp\/v2\/posts\/2104","targetHints":{"allow":["GET"]}}],"collection":[{"href":"https:\/\/museipiemonte.cultura.gov.it\/index.php\/wp-json\/wp\/v2\/posts"}],"about":[{"href":"https:\/\/museipiemonte.cultura.gov.it\/index.php\/wp-json\/wp\/v2\/types\/post"}],"author":[{"embeddable":true,"href":"https:\/\/museipiemonte.cultura.gov.it\/index.php\/wp-json\/wp\/v2\/users\/1"}],"replies":[{"embeddable":true,"href":"https:\/\/museipiemonte.cultura.gov.it\/index.php\/wp-json\/wp\/v2\/comments?post=2104"}],"version-history":[{"count":3,"href":"https:\/\/museipiemonte.cultura.gov.it\/index.php\/wp-json\/wp\/v2\/posts\/2104\/revisions"}],"predecessor-version":[{"id":2108,"href":"https:\/\/museipiemonte.cultura.gov.it\/index.php\/wp-json\/wp\/v2\/posts\/2104\/revisions\/2108"}],"wp:featuredmedia":[{"embeddable":true,"href":"https:\/\/museipiemonte.cultura.gov.it\/index.php\/wp-json\/wp\/v2\/media\/830"}],"wp:attachment":[{"href":"https:\/\/museipiemonte.cultura.gov.it\/index.php\/wp-json\/wp\/v2\/media?parent=2104"}],"wp:term":[{"taxonomy":"category","embeddable":true,"href":"https:\/\/museipiemonte.cultura.gov.it\/index.php\/wp-json\/wp\/v2\/categories?post=2104"},{"taxonomy":"post_tag","embeddable":true,"href":"https:\/\/museipiemonte.cultura.gov.it\/index.php\/wp-json\/wp\/v2\/tags?post=2104"}],"curies":[{"name":"wp","href":"https:\/\/api.w.org\/{rel}","templated":true}]}}