{"id":2123,"date":"2017-05-29T15:28:55","date_gmt":"2017-05-29T13:28:55","guid":{"rendered":"http:\/\/museipiemonte.cultura.gov.it\/?p=2123"},"modified":"2017-05-29T15:25:43","modified_gmt":"2017-05-29T13:25:43","slug":"i-giardini-artificiali-dipinti-di-santo-tomaino-castello-di-racconigi-1-25-giugno-2017","status":"publish","type":"post","link":"https:\/\/museipiemonte.cultura.gov.it\/index.php\/2017\/05\/29\/i-giardini-artificiali-dipinti-di-santo-tomaino-castello-di-racconigi-1-25-giugno-2017\/","title":{"rendered":"I Giardini artificiali, dipinti di Santo Tomaino &#8211; Castello di Racconigi, 1-25 giugno 2017"},"content":{"rendered":"<p><strong>Gioved\u00ec 1 giugno 2017<\/strong>&nbsp;negli spazi espositivi del <strong><a href=\"http:\/\/museipiemonte.cultura.gov.it\/index.php\/musei-e-luoghi-della-cultura\/castello-di-racconigi\/\" target=\"_blank\">Castello di Racconigi<\/a><\/strong> apre al pubblico la mostra <em>I Giardini artificiali. Dipinti di Santo Tomaino<\/em>, a cura di Enzo Biffi Gentili, visitabile fino al 25 giugno.<\/p>\n<p>Le opere in mostra, esposte per la prima volta al pubblico, sono spettacolari anche nelle dimensioni, affollate di una flora e di una fauna stupefacenti. L&#8217;esposizione sar\u00e0 affiancata da un percorso olfattivo curato da <a href=\"http:\/\/www.musesaccademia.it\/it\/\" target=\"_blank\"><em>M\u00daSES Accademia Europea delle Essenze<\/em><\/a> che riprende le variet\u00e0 botaniche rappresentate dall\u2019artista.&nbsp;<\/p>\n<p>Le opere di Tomaino si inseriscono nell\u2019illustre e antica tradizione di rappresentazione dei giardini nella storia dell\u2019arte; la personale interpretazione dell\u2019artista arricchisce una pittura, apparentemente e magistralmente figurativa, di oniriche alterazioni della percezione. Ed \u00e8 proprio a questa caratteristica, che avrebbe suscitato il curioso interesse della principessa Josephine di Lorena cui si deve il giardino \u201csensoriale\u201d e simbolico del castello, che rimanda il titolo dell\u2019evento, evocando esplicitamente <em>I paradisi artificiali<\/em> di Charles Baudelaire.<\/p>\n<p>Artista affermatosi a livello nazionale sin dagli anni \u201980, in polemica con il sistema dell\u2019arte contemporanea negli ultimi tempi, <strong>Santo Tomaino<\/strong> espone di rado. Si tratta quindi un\u2019interessante <em>rentr\u00e9e<\/em>, un\u2019occasione preziosa, frutto della collaborazione con l\u2019<strong>Ordine degli Architetti PPC della Provincia di Cuneo<\/strong> ed il <strong>MIAAO di Torino<\/strong>.<\/p>\n<p>L\u2019esposizione sar\u00e0 inoltre arredata coi pouf floreali <em>Magnolia<\/em> e <em>Hortensia<\/em> progettati dal designer olandese Marcel Wanders e realizzati in serie limitata da GUFRAM, manifattura celebre a livello internazionale nel campo del design che da qualche tempo ha sede a Barolo (CN).<\/p>\n<p>La mostra sar\u00e0 visitabile <strong>fino al 25 giugno<\/strong>. Aperture (mattino con orario 10.30-13.30; pomeriggio con orario 14.30-18.30): 1 giugno, pomeriggio; 2-3-4 giugno, mattino e pomeriggio; 9 giugno, pomeriggio; 10-11 giugno, mattino e pomeriggio. A partire da gioved\u00ec 15 giugno sar\u00e0 aperta dal gioved\u00ec alla domenica, mattino e pomeriggio.<br \/>\nIngresso libero per i visitatori muniti di biglietto parco (\u20ac 2,00 salvo esenzioni o riduzioni) o castello (\u20ac 5,00 salvo esenzioni o riduzioni).<\/p>\n<p>&nbsp;<\/p>\n<figure id=\"attachment_2131\" aria-describedby=\"caption-attachment-2131\" style=\"width: 400px\" class=\"wp-caption alignnone\"><a href=\"http:\/\/museipiemonte.cultura.gov.it\/wp-content\/uploads\/2017\/05\/giardini-artificiali-2.jpg\" target=\"_blank\"><img loading=\"lazy\" decoding=\"async\" class=\"wp-image-2131\" src=\"http:\/\/museipiemonte.cultura.gov.it\/wp-content\/uploads\/2017\/05\/giardini-artificiali-2.jpg\" alt=\"Santo Tomaino, Il Giardino\" width=\"400\" height=\"255\" srcset=\"https:\/\/museipiemonte.cultura.gov.it\/wp-content\/uploads\/2017\/05\/giardini-artificiali-2.jpg 1194w, https:\/\/museipiemonte.cultura.gov.it\/wp-content\/uploads\/2017\/05\/giardini-artificiali-2-300x191.jpg 300w, https:\/\/museipiemonte.cultura.gov.it\/wp-content\/uploads\/2017\/05\/giardini-artificiali-2-1024x654.jpg 1024w, https:\/\/museipiemonte.cultura.gov.it\/wp-content\/uploads\/2017\/05\/giardini-artificiali-2-830x530.jpg 830w, https:\/\/museipiemonte.cultura.gov.it\/wp-content\/uploads\/2017\/05\/giardini-artificiali-2-230x147.jpg 230w, https:\/\/museipiemonte.cultura.gov.it\/wp-content\/uploads\/2017\/05\/giardini-artificiali-2-350x223.jpg 350w\" sizes=\"auto, (max-width: 400px) 100vw, 400px\" \/><\/a><figcaption id=\"caption-attachment-2131\" class=\"wp-caption-text\">Santo Tomaino, Il Giardino<\/figcaption><\/figure>\n<p>&nbsp;<\/p>\n","protected":false},"excerpt":{"rendered":"<p>Gioved\u00ec 1 giugno 2017 negli spazi espositivi del Castello di Racconigi apre al pubblico la mostra I Giardini artificiali. Dipinti di Santo Tomaino, a cura di Enzo Biffi Gentili, visitabile fino al 25 giugno.<\/p>\n","protected":false},"author":1,"featured_media":830,"comment_status":"closed","ping_status":"closed","sticky":false,"template":"","format":"standard","meta":{"footnotes":""},"categories":[10],"tags":[35,50,40,41,124],"class_list":["post-2123","post","type-post","status-publish","format-standard","has-post-thumbnail","hentry","category-castello-di-racconigi","tag-castello","tag-mostra","tag-parco","tag-racconigi","tag-tomaino"],"_links":{"self":[{"href":"https:\/\/museipiemonte.cultura.gov.it\/index.php\/wp-json\/wp\/v2\/posts\/2123","targetHints":{"allow":["GET"]}}],"collection":[{"href":"https:\/\/museipiemonte.cultura.gov.it\/index.php\/wp-json\/wp\/v2\/posts"}],"about":[{"href":"https:\/\/museipiemonte.cultura.gov.it\/index.php\/wp-json\/wp\/v2\/types\/post"}],"author":[{"embeddable":true,"href":"https:\/\/museipiemonte.cultura.gov.it\/index.php\/wp-json\/wp\/v2\/users\/1"}],"replies":[{"embeddable":true,"href":"https:\/\/museipiemonte.cultura.gov.it\/index.php\/wp-json\/wp\/v2\/comments?post=2123"}],"version-history":[{"count":8,"href":"https:\/\/museipiemonte.cultura.gov.it\/index.php\/wp-json\/wp\/v2\/posts\/2123\/revisions"}],"predecessor-version":[{"id":2133,"href":"https:\/\/museipiemonte.cultura.gov.it\/index.php\/wp-json\/wp\/v2\/posts\/2123\/revisions\/2133"}],"wp:featuredmedia":[{"embeddable":true,"href":"https:\/\/museipiemonte.cultura.gov.it\/index.php\/wp-json\/wp\/v2\/media\/830"}],"wp:attachment":[{"href":"https:\/\/museipiemonte.cultura.gov.it\/index.php\/wp-json\/wp\/v2\/media?parent=2123"}],"wp:term":[{"taxonomy":"category","embeddable":true,"href":"https:\/\/museipiemonte.cultura.gov.it\/index.php\/wp-json\/wp\/v2\/categories?post=2123"},{"taxonomy":"post_tag","embeddable":true,"href":"https:\/\/museipiemonte.cultura.gov.it\/index.php\/wp-json\/wp\/v2\/tags?post=2123"}],"curies":[{"name":"wp","href":"https:\/\/api.w.org\/{rel}","templated":true}]}}