{"id":2170,"date":"2017-06-13T15:09:56","date_gmt":"2017-06-13T13:09:56","guid":{"rendered":"http:\/\/museipiemonte.cultura.gov.it\/?p=2170"},"modified":"2017-06-30T09:15:19","modified_gmt":"2017-06-30T07:15:19","slug":"gli-eventi-della-settimana-dal-13-al-18-giugno-2017","status":"publish","type":"post","link":"https:\/\/museipiemonte.cultura.gov.it\/index.php\/2017\/06\/13\/gli-eventi-della-settimana-dal-13-al-18-giugno-2017\/","title":{"rendered":"Gli eventi della settimana, dal 13 al 18 giugno 2017"},"content":{"rendered":"<p>Una settimana densa di eventi nelle sedi del Polo museale del Piemonte.<\/p>\n<p>&nbsp;<\/p>\n<p>A <a href=\"http:\/\/museipiemonte.cultura.gov.it\/index.php\/musei-e-luoghi-della-cultura\/palazzo-carignano\/\" target=\"_blank\"><strong>Palazzo Carignano<\/strong><\/a> e al <strong><a href=\"http:\/\/museipiemonte.cultura.gov.it\/index.php\/musei-e-luoghi-della-cultura\/castello-di-aglie\/\" target=\"_blank\">Castello di Agli\u00e9<\/a><\/strong><\/p>\n<p><strong><a href=\"http:\/\/museipiemonte.cultura.gov.it\/index.php\/2017\/06\/13\/renascence-tre-giorni-per-il-castello-di-aglie-15-16-17-giugno-2017\/\" target=\"_blank\">#RENASCENCE<\/a><\/strong> &#8211; <strong>Da gioved\u00ec 15 a sabato 17 giugno<\/strong> tre giorni sul Castello di Agli\u00e9 per presentare i progetti di valorizzazione della residenza sabauda del Canavese.<\/p>\n<p>&nbsp;<\/p>\n<p>&nbsp;<\/p>\n<p><a href=\"http:\/\/museipiemonte.cultura.gov.it\/wp-content\/uploads\/2016\/05\/Villa.jpg\"><img loading=\"lazy\" decoding=\"async\" class=\"alignnone wp-image-780 size-medium\" src=\"http:\/\/museipiemonte.cultura.gov.it\/wp-content\/uploads\/2016\/05\/Villa-300x43.jpg\" alt=\"Villa\" width=\"300\" height=\"43\" srcset=\"https:\/\/museipiemonte.cultura.gov.it\/wp-content\/uploads\/2016\/05\/Villa-300x43.jpg 300w, https:\/\/museipiemonte.cultura.gov.it\/wp-content\/uploads\/2016\/05\/Villa-230x33.jpg 230w, https:\/\/museipiemonte.cultura.gov.it\/wp-content\/uploads\/2016\/05\/Villa-350x50.jpg 350w, https:\/\/museipiemonte.cultura.gov.it\/wp-content\/uploads\/2016\/05\/Villa.jpg 700w\" sizes=\"auto, (max-width: 300px) 100vw, 300px\" \/><\/a><\/p>\n<p>A <strong><a href=\"http:\/\/museipiemonte.cultura.gov.it\/index.php\/musei-e-luoghi-della-cultura\/villa-della-regina\/\" target=\"_blank\">Villa della Regina<\/a><\/strong>,<\/p>\n<p><strong>Mercoled\u00ec 13 giugno alle ore 11.00<\/strong>&nbsp;torna <em>&#8220;Ouverture di movimenti e suoni&#8221;<\/em>, visita guidata speciale nell&#8217;ambito di <em><strong><a href=\"http:\/\/www.turismotorino.org\/prodotti\/IT\/ID156\/reali_sensi\" target=\"_blank\">Reali sensi: l&#8217;udito<\/a><\/strong><\/em><span class=\"_5afx\">&nbsp;in cui<\/span>&nbsp;i visitatori saranno accompagnati tra i viali dei giardini, rievocando suoni di un passato a tratti ancora presente come il soave mormorio dell\u2019acqua delle fontane, elemento di fascino e spettacolo. Un tripudio di suoni da scoprire e rievocare, ascoltando questo luogo di &#8220;delitiae&#8221; sei-settecentesco, luogo di incontro tra natura e arte.<\/p>\n<p><strong>Domenica 18 giugno <\/strong>i volontari dell&#8217;<em>Associazione Amici di Villa della Regina<\/em> apriranno il cancello di accesso al viale aulico&nbsp;in via Villa della Regina e offriranno visite guidate gratuite alle 12.00, alle 14.00 e alle 15.30 (previo pagamento del biglietto di ingresso). Per l&#8217;occasione saranno presentate anche le 10 panchine acquistate dall&#8217;Associazione per i giardini della Residenza.<\/p>\n<p>&nbsp;<\/p>\n<p>&nbsp;<\/p>\n<p><a href=\"http:\/\/museipiemonte.cultura.gov.it\/wp-content\/uploads\/2016\/05\/Gavi.jpg\"><img loading=\"lazy\" decoding=\"async\" class=\"alignnone wp-image-827 size-medium\" src=\"http:\/\/museipiemonte.cultura.gov.it\/wp-content\/uploads\/2016\/05\/Gavi-300x43.jpg\" alt=\"Gavi\" width=\"300\" height=\"43\" srcset=\"https:\/\/museipiemonte.cultura.gov.it\/wp-content\/uploads\/2016\/05\/Gavi-300x43.jpg 300w, https:\/\/museipiemonte.cultura.gov.it\/wp-content\/uploads\/2016\/05\/Gavi-230x33.jpg 230w, https:\/\/museipiemonte.cultura.gov.it\/wp-content\/uploads\/2016\/05\/Gavi-350x50.jpg 350w, https:\/\/museipiemonte.cultura.gov.it\/wp-content\/uploads\/2016\/05\/Gavi.jpg 700w\" sizes=\"auto, (max-width: 300px) 100vw, 300px\" \/><\/a><\/p>\n<p>Al <strong><a href=\"http:\/\/museipiemonte.cultura.gov.it\/index.php\/musei-e-luoghi-della-cultura\/forte-di-gavi\/\" target=\"_blank\">Forte di Gavi<\/a><\/strong>,&nbsp;<strong>sabato 17 giugno alle ore 15.00<\/strong><\/p>\n<p>In occasione del Primo Festival letterario delle Borgate Alpine, organizzato da Associazione Revejo,&nbsp;Saulo Lucci porta in scena<\/p>\n<p><em><strong>Hell O\u2019 Dante,<\/strong><\/em> rilettura di tre Canti dell\u2019<em>Inferno<\/em> dantesco.<\/p>\n<p>La Divina Commedia, fonte inesauribile, da secoli parla, racconta e fa riflettere. Quando viene accostata a musiche e linguaggi diversi non perde valore, anzi acquista sfumature che ne arricchiscono il significato. Ogni Canto, recitato a memoria, \u00e8 accompagnato da live voce e chitarra di brani pop-rock internazionali e italiani, per avvicinare due epoche cos\u00ec lontane attraverso un\u2019idea, una parola, un\u2019immagine, un personaggio che esce dalla Divina Commedia per rivivere in una canzone di settecento anni dopo.<\/p>\n<p>Durata: 120 minuti circa. L&#8217;attivit\u00e0 \u00e8 gratuita, \u00e8 richiesto il pagamento del biglietto &nbsp;d&#8217;ingresso.<\/p>\n<p>&nbsp;<\/p>\n<p>&nbsp;<\/p>\n<p><a href=\"http:\/\/museipiemonte.cultura.gov.it\/wp-content\/uploads\/2016\/05\/Racconigi.jpg\"><img loading=\"lazy\" decoding=\"async\" class=\"alignnone wp-image-830 size-medium\" src=\"http:\/\/museipiemonte.cultura.gov.it\/wp-content\/uploads\/2016\/05\/Racconigi-300x43.jpg\" alt=\"Racconigi\" width=\"300\" height=\"43\" srcset=\"https:\/\/museipiemonte.cultura.gov.it\/wp-content\/uploads\/2016\/05\/Racconigi-300x43.jpg 300w, https:\/\/museipiemonte.cultura.gov.it\/wp-content\/uploads\/2016\/05\/Racconigi-230x33.jpg 230w, https:\/\/museipiemonte.cultura.gov.it\/wp-content\/uploads\/2016\/05\/Racconigi-350x50.jpg 350w, https:\/\/museipiemonte.cultura.gov.it\/wp-content\/uploads\/2016\/05\/Racconigi.jpg 700w\" sizes=\"auto, (max-width: 300px) 100vw, 300px\" \/><\/a><\/p>\n<p>Al <strong><a href=\"http:\/\/museipiemonte.cultura.gov.it\/index.php\/musei-e-luoghi-della-cultura\/castello-di-racconigi\/\" target=\"_blank\">Castello di Racconigi<\/a><\/strong>&nbsp;un ricco calendario di <a href=\"http:\/\/museipiemonte.cultura.gov.it\/index.php\/2017\/06\/13\/prossimi-appuntamenti-al-castello-di-racconigi-dal-13-al-21-giugno-2017\/\" target=\"_blank\">appuntamenti culturali<\/a>&nbsp;vi aspetta <strong>fino al 25 giugno.<\/strong><\/p>\n<p>&nbsp;<\/p>\n<p>&nbsp;<\/p>\n<p><a href=\"http:\/\/museipiemonte.cultura.gov.it\/wp-content\/uploads\/2017\/01\/moncalieri.jpg\"><img loading=\"lazy\" decoding=\"async\" class=\"alignnone wp-image-1455 size-medium\" src=\"http:\/\/museipiemonte.cultura.gov.it\/wp-content\/uploads\/2017\/01\/moncalieri-300x43.jpg\" alt=\"moncalieri\" width=\"300\" height=\"43\" srcset=\"https:\/\/museipiemonte.cultura.gov.it\/wp-content\/uploads\/2017\/01\/moncalieri-300x43.jpg 300w, https:\/\/museipiemonte.cultura.gov.it\/wp-content\/uploads\/2017\/01\/moncalieri-230x33.jpg 230w, https:\/\/museipiemonte.cultura.gov.it\/wp-content\/uploads\/2017\/01\/moncalieri-350x50.jpg 350w, https:\/\/museipiemonte.cultura.gov.it\/wp-content\/uploads\/2017\/01\/moncalieri.jpg 700w\" sizes=\"auto, (max-width: 300px) 100vw, 300px\" \/><\/a><\/p>\n<p>Al <strong><a href=\"http:\/\/museipiemonte.cultura.gov.it\/index.php\/musei-e-luoghi-della-cultura\/castello-di-moncalieri\/\" target=\"_blank\">Castello di Moncalieri<\/a> sabato 17 giugno alle 16.30&nbsp;<\/strong>appuntamento con <em><strong>Reali Sensi: l&#8217;udito.<\/strong><\/em><\/p>\n<p>Presso la Cappella Regia del Castello i visitatori assisteranno al concerto organizzato in collaborazione con il <a href=\"http:\/\/www.conservatoriotorino.gov.it\/\" target=\"_blank\"><em>Conservatorio &#8220;Giuseppe Verdi&#8221;<\/em><\/a> di Torino.<\/p>\n<p>Ottavia Conte Pastorella, della Scuola di Arpa di Gabriella Bosio, eseguir\u00e0 musiche di G. F. Haendel, L. Spohr, F. Smetana, H. Trnecek.<\/p>\n<p>Ingresso gratuito fino ad esaurimento posti. Prenotazioni: 011&nbsp;6402883<\/p>\n<p>&nbsp;<\/p>\n<p>&nbsp;<\/p>\n<p><a href=\"http:\/\/museipiemonte.cultura.gov.it\/wp-content\/uploads\/2017\/01\/fruttuaria.jpg\"><img loading=\"lazy\" decoding=\"async\" class=\"alignnone wp-image-1456 size-medium\" src=\"http:\/\/museipiemonte.cultura.gov.it\/wp-content\/uploads\/2017\/01\/fruttuaria-300x43.jpg\" alt=\"fruttuaria\" width=\"300\" height=\"43\" srcset=\"https:\/\/museipiemonte.cultura.gov.it\/wp-content\/uploads\/2017\/01\/fruttuaria-300x43.jpg 300w, https:\/\/museipiemonte.cultura.gov.it\/wp-content\/uploads\/2017\/01\/fruttuaria-230x33.jpg 230w, https:\/\/museipiemonte.cultura.gov.it\/wp-content\/uploads\/2017\/01\/fruttuaria-350x50.jpg 350w, https:\/\/museipiemonte.cultura.gov.it\/wp-content\/uploads\/2017\/01\/fruttuaria.jpg 700w\" sizes=\"auto, (max-width: 300px) 100vw, 300px\" \/><\/a><\/p>\n<p>All&#8217;<em><strong><a href=\"http:\/\/museipiemonte.cultura.gov.it\/index.php\/musei-e-luoghi-della-cultura\/abbazia-di-fruttuaria\/\" target=\"_blank\">Abbazia di Fruttuaria<\/a>, <\/strong><\/em><strong>domenica 18 giugno <\/strong><\/p>\n<p><strong>Dalle ore 15.00 alle 17.00,<\/strong> ultima occasione per visitare la mostra <em><a href=\"http:\/\/museipiemonte.cultura.gov.it\/index.php\/2017\/05\/02\/suggestioni-della-materia-esposizione-collettiva-di-scultura-abbazia-di-fruttuaria-dal-5-maggio-al-18-giugno-2017\/\" target=\"_blank\">Suggestioni della materia<\/a>.<\/em><\/p>\n<p><strong>Alle 18.00, <\/strong>anticipando la&nbsp;<strong><em>Festa della musica,<\/em><\/strong>&nbsp;il Gruppo di musica antica <em>La Ghironda di Asti<\/em>&nbsp;e la Corale <em>Laeti Cantores<\/em> di Canelli propongono il concerto \u201c<em>Vinum et cibus: il vino e il cibo nel medioevo<\/em>\u201d.<\/p>\n<p>&nbsp;<\/p>\n<p><a href=\"http:\/\/museipiemonte.cultura.gov.it\/wp-content\/uploads\/2016\/07\/Vezzolano.jpg\"><img loading=\"lazy\" decoding=\"async\" class=\"alignnone wp-image-980 size-medium\" src=\"http:\/\/museipiemonte.cultura.gov.it\/wp-content\/uploads\/2016\/07\/Vezzolano-300x43.jpg\" alt=\"Vezzolano\" width=\"300\" height=\"43\" srcset=\"https:\/\/museipiemonte.cultura.gov.it\/wp-content\/uploads\/2016\/07\/Vezzolano-300x43.jpg 300w, https:\/\/museipiemonte.cultura.gov.it\/wp-content\/uploads\/2016\/07\/Vezzolano-230x33.jpg 230w, https:\/\/museipiemonte.cultura.gov.it\/wp-content\/uploads\/2016\/07\/Vezzolano-350x50.jpg 350w, https:\/\/museipiemonte.cultura.gov.it\/wp-content\/uploads\/2016\/07\/Vezzolano.jpg 700w\" sizes=\"auto, (max-width: 300px) 100vw, 300px\" \/><\/a><\/p>\n<p>All&#8217;<strong><a href=\"http:\/\/museipiemonte.cultura.gov.it\/index.php\/musei-e-luoghi-della-cultura\/abbazia-di-vezzolano\/\" target=\"_blank\">Abbazia di Vezzolano<\/a><\/strong>,<strong> domenica 18 giugno alle 15.30<\/strong>, a cura dell&#8217;<em><strong><a href=\"https:\/\/www.lacabalesta.it\/\" target=\"_blank\">Associazione La Cabalesta<\/a>&nbsp;<\/strong><\/em>in collaborazione con l&#8217;Associazione<em><strong>&nbsp;<a href=\"http:\/\/www.turismoincollina.it\/\" target=\"_blank\">Incollina<\/a>, <\/strong><\/em>organizza una&nbsp;visita guidata&nbsp;al monumento romanico-gotico pi\u00f9 importante del territorio astigiano.<\/p>\n<p>Le visite sono gratuite e non \u00e8 richiesta prenotazione.<br \/>\nI gruppi si formeranno sul sagrato della chiesa agli orari indicati.<\/p>\n<p>&nbsp;<\/p>\n<p>&nbsp;<\/p>\n<p>&nbsp;<\/p>\n","protected":false},"excerpt":{"rendered":"<p>Attivit\u00e0 nelle sedi del Polo museali dal 13 al 18 giugno 2017<\/p>\n","protected":false},"author":1,"featured_media":837,"comment_status":"closed","ping_status":"closed","sticky":false,"template":"","format":"standard","meta":{"footnotes":""},"categories":[64,12,7,9,10,8,5,6],"tags":[52,35,61,65,91,36,21,41,109,131,53,25,54],"class_list":["post-2170","post","type-post","status-publish","format-standard","has-post-thumbnail","hentry","category-abbazia-di-fruttuaria","category-abbazia-di-vezzolano","category-castello-di-aglie","category-castello-di-moncalieri","category-castello-di-racconigi","category-forte-di-gavi","category-palazzo-carignano","category-villa-della-regina","tag-abbazia","tag-castello","tag-concerto","tag-fruttuaria","tag-moncalieri","tag-musei","tag-news","tag-racconigi","tag-reali-sensi","tag-renascence","tag-vezzolano","tag-villa-della-regina","tag-visita-guidata"],"_links":{"self":[{"href":"https:\/\/museipiemonte.cultura.gov.it\/index.php\/wp-json\/wp\/v2\/posts\/2170","targetHints":{"allow":["GET"]}}],"collection":[{"href":"https:\/\/museipiemonte.cultura.gov.it\/index.php\/wp-json\/wp\/v2\/posts"}],"about":[{"href":"https:\/\/museipiemonte.cultura.gov.it\/index.php\/wp-json\/wp\/v2\/types\/post"}],"author":[{"embeddable":true,"href":"https:\/\/museipiemonte.cultura.gov.it\/index.php\/wp-json\/wp\/v2\/users\/1"}],"replies":[{"embeddable":true,"href":"https:\/\/museipiemonte.cultura.gov.it\/index.php\/wp-json\/wp\/v2\/comments?post=2170"}],"version-history":[{"count":17,"href":"https:\/\/museipiemonte.cultura.gov.it\/index.php\/wp-json\/wp\/v2\/posts\/2170\/revisions"}],"predecessor-version":[{"id":2217,"href":"https:\/\/museipiemonte.cultura.gov.it\/index.php\/wp-json\/wp\/v2\/posts\/2170\/revisions\/2217"}],"wp:featuredmedia":[{"embeddable":true,"href":"https:\/\/museipiemonte.cultura.gov.it\/index.php\/wp-json\/wp\/v2\/media\/837"}],"wp:attachment":[{"href":"https:\/\/museipiemonte.cultura.gov.it\/index.php\/wp-json\/wp\/v2\/media?parent=2170"}],"wp:term":[{"taxonomy":"category","embeddable":true,"href":"https:\/\/museipiemonte.cultura.gov.it\/index.php\/wp-json\/wp\/v2\/categories?post=2170"},{"taxonomy":"post_tag","embeddable":true,"href":"https:\/\/museipiemonte.cultura.gov.it\/index.php\/wp-json\/wp\/v2\/tags?post=2170"}],"curies":[{"name":"wp","href":"https:\/\/api.w.org\/{rel}","templated":true}]}}