{"id":2433,"date":"2017-09-04T12:35:38","date_gmt":"2017-09-04T10:35:38","guid":{"rendered":"http:\/\/museipiemonte.cultura.gov.it\/?p=2433"},"modified":"2017-09-11T12:20:30","modified_gmt":"2017-09-11T10:20:30","slug":"gli-eventi-della-settimana-dal-5-al-10-settembre-2017","status":"publish","type":"post","link":"https:\/\/museipiemonte.cultura.gov.it\/index.php\/2017\/09\/04\/gli-eventi-della-settimana-dal-5-al-10-settembre-2017\/","title":{"rendered":"Gli eventi della settimana, dal 5 al 10 settembre 2017"},"content":{"rendered":"<p>Questa sar\u00e0 una settimana ricchissima di eventi:<\/p>\n<p>&nbsp;<\/p>\n<p><a href=\"http:\/\/museipiemonte.cultura.gov.it\/wp-content\/uploads\/2016\/08\/Serralunga.jpg\"><img loading=\"lazy\" decoding=\"async\" class=\"alignnone size-medium wp-image-1052\" src=\"http:\/\/museipiemonte.cultura.gov.it\/wp-content\/uploads\/2016\/08\/Serralunga-300x43.jpg\" alt=\"Serralunga\" width=\"300\" height=\"43\" srcset=\"https:\/\/museipiemonte.cultura.gov.it\/wp-content\/uploads\/2016\/08\/Serralunga-300x43.jpg 300w, https:\/\/museipiemonte.cultura.gov.it\/wp-content\/uploads\/2016\/08\/Serralunga-230x33.jpg 230w, https:\/\/museipiemonte.cultura.gov.it\/wp-content\/uploads\/2016\/08\/Serralunga-350x50.jpg 350w, https:\/\/museipiemonte.cultura.gov.it\/wp-content\/uploads\/2016\/08\/Serralunga.jpg 700w\" sizes=\"auto, (max-width: 300px) 100vw, 300px\" \/><\/a><\/p>\n<p>al&nbsp;<strong><a href=\"http:\/\/museipiemonte.cultura.gov.it\/index.php\/musei-e-luoghi-della-cultura\/castello-di-serralunga\/\" target=\"_blank\">Castello di Serralunga<\/a><\/strong>&nbsp;gioved\u00ec 7 settembre alle ore 18.30 torna <em><strong>Famiglie al museo.<\/strong><\/em><\/p>\n<p>Un lungo e avvincente racconto si snoda tra i saloni dell&#8217;antico maniero capace di incantare grandi e bambini e permette di scoprire la sua storia, chi l\u2019ha abitato, dove mangiava, dormiva o magari nascondeva i suoi oggetti pi\u00f9 preziosi. Alle 18.30 le porte si chiuderanno per il pubblico e si apriranno esclusivamente per le Famiglie al Castello, mamme, pap\u00e0 e bimbi, curiosi di scoprire tutti i segreti del castello di Langa, unico in Italia per forma architettonica, storia e bellezza. L\u2019attivit\u00e0 \u00e8 proposta dalla <em>Barolo &amp; Castles Foundation<\/em> in collaborazione con il Polo Museale del Piemonte.<\/p>\n<p>La visita, con una guida esperta che racconter\u00e0 gli antichi e misteriosi ambienti del maniero trecentesco che svetta sulla collina di Serralunga, \u00e8 fatta su misura per i bambini (consigliata in particolare dai 6 ai 12 anni), che potranno intervenire e fare domande.&nbsp;Partendo dall\u2019esterno per scoprire le colline Patrimonio dell\u2019Unesco, ricche di preziosi prodotti come l\u2019uva e le nocciole, saranno tanti gli aneddoti e le curiosit\u00e0 che l\u2019accompagnatore racconter\u00e0 ai visitatori, come i trabocchetti in uso un tempo per difendersi dai nemici e la cisterna di raccolta della pioggia, che si potr\u00e0 vedere e addirittura provare, versando dell\u2019acqua per sentirne il rumore mentre scorre via.<\/p>\n<p>Tra i giochi proposti dalla guida ai pi\u00f9 piccoli, anche quello di riconoscere gli alimenti (frutti e ortaggi) che erano realmente presenti nella tavola del signore, nel 1350, nella famosa sala dei<em> Tre camini<\/em>. Per arrivare all\u2019ultimo piano e posare per una fotografia con elmo, scudo e spada, proprio come i cavalieri medievali. Al termine del giro, per ogni famiglia ci sar\u00e0 un piccolo omaggio da portare a casa per continuare a giocare con il castello.<\/p>\n<p>La visita \u00e8 speciale anche nel prezzo, ridotto rispetto a quello dell\u2019abituale accompagnamento guidato: 4 euro per gli adulti e 2 euro per i bambini.<\/p>\n<p>Telefono biglietteria\/prenotazioni: Barolo &amp; Castles Foundation \u2013 0173 613358; mail: <a href=\"mailto:info@castellodiserralunga.it\" target=\"_blank\">info@castellodiserralunga.it<\/a><\/p>\n<p>&nbsp;<\/p>\n<p><a href=\"http:\/\/museipiemonte.cultura.gov.it\/wp-content\/uploads\/2016\/05\/Villa.jpg\"><img loading=\"lazy\" decoding=\"async\" class=\"alignnone size-medium wp-image-780\" src=\"http:\/\/museipiemonte.cultura.gov.it\/wp-content\/uploads\/2016\/05\/Villa-300x43.jpg\" alt=\"Villa\" width=\"300\" height=\"43\" srcset=\"https:\/\/museipiemonte.cultura.gov.it\/wp-content\/uploads\/2016\/05\/Villa-300x43.jpg 300w, https:\/\/museipiemonte.cultura.gov.it\/wp-content\/uploads\/2016\/05\/Villa-230x33.jpg 230w, https:\/\/museipiemonte.cultura.gov.it\/wp-content\/uploads\/2016\/05\/Villa-350x50.jpg 350w, https:\/\/museipiemonte.cultura.gov.it\/wp-content\/uploads\/2016\/05\/Villa.jpg 700w\" sizes=\"auto, (max-width: 300px) 100vw, 300px\" \/><\/a><\/p>\n<p>A <strong><a href=\"http:\/\/museipiemonte.cultura.gov.it\/index.php\/musei-e-luoghi-della-cultura\/villa-della-regina\/\" target=\"_blank\">Villa della Regina<\/a><\/strong>&nbsp;il fine settimana offrir\u00e0 la suggestiva possibilit\u00e0 di assistere alle performances di <em><strong><a href=\"http:\/\/museipiemonte.cultura.gov.it\/index.php\/2017\/09\/01\/musica-in-villa-corsi-e-concerti-a-villa-della-regina-dal-3-al-10-settembre-2017\/\" target=\"_blank\">Musica in Villa<\/a>.<\/strong><\/em><\/p>\n<p>&nbsp;<\/p>\n<p><a href=\"http:\/\/museipiemonte.cultura.gov.it\/wp-content\/uploads\/2016\/05\/Gavi.jpg\"><img loading=\"lazy\" decoding=\"async\" class=\"alignnone size-medium wp-image-827\" src=\"http:\/\/museipiemonte.cultura.gov.it\/wp-content\/uploads\/2016\/05\/Gavi-300x43.jpg\" alt=\"Gavi\" width=\"300\" height=\"43\" srcset=\"https:\/\/museipiemonte.cultura.gov.it\/wp-content\/uploads\/2016\/05\/Gavi-300x43.jpg 300w, https:\/\/museipiemonte.cultura.gov.it\/wp-content\/uploads\/2016\/05\/Gavi-230x33.jpg 230w, https:\/\/museipiemonte.cultura.gov.it\/wp-content\/uploads\/2016\/05\/Gavi-350x50.jpg 350w, https:\/\/museipiemonte.cultura.gov.it\/wp-content\/uploads\/2016\/05\/Gavi.jpg 700w\" sizes=\"auto, (max-width: 300px) 100vw, 300px\" \/><\/a><\/p>\n<p>Al <strong><a href=\"http:\/\/museipiemonte.cultura.gov.it\/index.php\/musei-e-luoghi-della-cultura\/forte-di-gavi\/\" target=\"_blank\">Forte di Gavi<\/a><\/strong>, marted\u00ec 5, gioved\u00ec 7, venerd\u00ec 8 e sabato&nbsp;9 settembre<em><strong>&nbsp;<\/strong><\/em>\u00e8 possibile visitare la mostra&nbsp;<em><strong>Il Forte in armi: armi bianche italiane dal XV al XIX secolo, <\/strong><\/em>realizzata grazie alla collaborazione della Soprintendenza Archeologia Belle Arti e Paesaggio dell\u2019Abruzzo.<\/p>\n<p>L\u2019esposizione pone all\u2019attenzione del pubblico circa settanta oggetti collegati cronologicamente e tipologicamente a sottolineare l\u2019evoluzione dell\u2019arma bianca da fianco, dal pugnale cinquecentesco ai coltelli da caccia finemente decorati del XVIII secolo ed oltre.<br \/>\nAltri oggetti li accompagnano e meglio ne chiariscono l\u2019uso; tra questi: accendiesca, ganci portaspade, maglie di acciaio del XV secolo, parti di armi da fuoco, oggetti cio\u00e8 che mostrano a grandi linee le contemporanee abitudini della societ\u00e0 e la produzione armiera dell\u2019epoca.<\/p>\n<p>Per informazioni: tel. 0143 643554 \u2013 <a href=\"mailto:pm-pie.gavi@beniculturali.it\" target=\"_blank\">pm-pie.gavi@beniculturali.it<\/a><\/p>\n<p>&nbsp;<\/p>\n<p><a href=\"http:\/\/museipiemonte.cultura.gov.it\/wp-content\/uploads\/2016\/05\/Racconigi.jpg\"><img loading=\"lazy\" decoding=\"async\" class=\"alignnone size-medium wp-image-830\" src=\"http:\/\/museipiemonte.cultura.gov.it\/wp-content\/uploads\/2016\/05\/Racconigi-300x43.jpg\" alt=\"Racconigi\" width=\"300\" height=\"43\" srcset=\"https:\/\/museipiemonte.cultura.gov.it\/wp-content\/uploads\/2016\/05\/Racconigi-300x43.jpg 300w, https:\/\/museipiemonte.cultura.gov.it\/wp-content\/uploads\/2016\/05\/Racconigi-230x33.jpg 230w, https:\/\/museipiemonte.cultura.gov.it\/wp-content\/uploads\/2016\/05\/Racconigi-350x50.jpg 350w, https:\/\/museipiemonte.cultura.gov.it\/wp-content\/uploads\/2016\/05\/Racconigi.jpg 700w\" sizes=\"auto, (max-width: 300px) 100vw, 300px\" \/><\/a><\/p>\n<p>Al <a href=\"http:\/\/museipiemonte.cultura.gov.it\/index.php\/musei-e-luoghi-della-cultura\/castello-di-racconigi\/\" target=\"_blank\"><strong>Castello di Racconigi<\/strong><\/a> sabato 9 settembre vanno in scena le <em><strong>Nozze combinate<\/strong><\/em>, vere e proprie unioni matrimoniali messe in scena tra gli eredi di una casata italiana e i corrispettivi di una casata straniera europea. La rassegna si svolge in quattro puntate in alcune residenze sabaude, nella quale i protagonisti non sono soltanto gli sposi ma l\u2019intero pubblico.<br \/>\nSabato 9 settembre alle ore 18 a Racconigi, l\u2019artista Enzo Cucchi sposer\u00e0 Jos\u00e9phine de Lorraine-Armagnac, Principessa di Carignano, indagando il tema di Naturae \u2013 arte e poesia davanti alla poetessa Patrizia Cavalli e alla cantautrice Chiara Civello.<br \/>\nNello svolgimento dell&#8217;evento il pubblico \u00e8 invitato alle nozze attraverso vere e proprie partecipazioni; \u00e8 chiamato a indossare delle cuffie wireless e guidato nel percorso attraverso un racconto d\u2019amore a episodi composto da Valentina Diana. Una processione al cospetto degli sposi guida poi verso il momento clou di Nozze Combinate: il discorso degli sposi, che di volta in volta \u00e8 una testimonianza parlata cos\u00ec come un atto artistico di canto, musica o poesia. L\u2019evento termina con l\u2019apertura delle danze e un DJ set finale.<br \/>\nL&#8217;evento \u00e8 organizzato dalla <strong>Fondazione Piemonte dal vivo<\/strong>.<br \/>\nPer informazioni:&nbsp;<a href=\"http:\/\/www.piemontedalvivo.it\/event\/nozze-combinate\/\">www.piemontedalvivo.it\/event\/nozze-combinate\/<\/a><\/p>\n<p>Continuano&nbsp;nelle sale espositive due mostre fotografiche organizzate dall\u2019associazione <em>Il Terzo Occhio Photography<\/em>: <strong><em>I figli del sogno <\/em><\/strong>e<strong><em> Notes du Maroc.<br \/>\n<\/em><\/strong>In un viaggio ideale che, attraverso i voli migratori delle cicogne simbolo di Racconigi, giunge sino in Marocco,&nbsp;<strong><em>Notes du Maroc<\/em><\/strong>&nbsp;offrir\u00e0 un tuffo nei profumi e nelle atmosfere di questo affascinante paese, uno sguardo sui volti espressivi della sua gente. La scelta del bianco e nero regala a queste immagini un carattere atemporale, esaltando il senso profondo di una civilt\u00e0 antica e di un territorio dominato da una luce abbagliante in contrasto con ombre profonde. Se il Marocco \u00e8 terra di colori, il bianco e nero ne coglie gli aspetti pi\u00f9 intimi e profondi dando vita ad un emozionante <em>carnet de voyage<\/em> lontano dai clich\u00e9 esotici.<br \/>\n&nbsp;<strong><em>I figli del sogno<\/em><\/strong> \u00e8 un progetto dedicato ai bambini di Israele, alla quotidianit\u00e0 di un luogo impregnato di senso del sacro, ma anche di tensioni, dove i pi\u00f9 piccoli giocano, vivono, studiano tra memorie e testimonianze di una terra santa aspramente contesa. I bambini si somigliano tutti, hanno occhi che sprizzano vita, esprimono l\u2019allegria e la forza della natura umana, mentre a distinguere i bambini arabi da quelli ebrei sono solo le divise e le acconciature.<\/p>\n<p>Visite dal marted\u00ec alla domenica dalle 10.00 alle 18.30. Accesso gratuito previo pagamento biglietto di ingresso castello o parco.<br \/>\nPer informazioni: <a href=\"http:\/\/www.ilterzoocchiophoto.it\/\" target=\"_blank\">www.ilterzoocchiophoto.it<\/a><\/p>\n<p><a href=\"http:\/\/museipiemonte.cultura.gov.it\/wp-content\/uploads\/2015\/11\/hr.png\"><img loading=\"lazy\" decoding=\"async\" class=\"alignnone size-full wp-image-157\" src=\"http:\/\/museipiemonte.cultura.gov.it\/wp-content\/uploads\/2015\/11\/hr.png\" alt=\"hr1\" width=\"50\" height=\"50\"><\/a><\/p>\n<p><a href=\"http:\/\/museipiemonte.cultura.gov.it\/wp-content\/uploads\/2017\/02\/Realisensi.jpg\"><img loading=\"lazy\" decoding=\"async\" class=\"alignnone size-medium wp-image-1567\" src=\"http:\/\/museipiemonte.cultura.gov.it\/wp-content\/uploads\/2017\/02\/Realisensi-300x43.jpg\" alt=\"Realisensi\" width=\"300\" height=\"43\" srcset=\"https:\/\/museipiemonte.cultura.gov.it\/wp-content\/uploads\/2017\/02\/Realisensi-300x43.jpg 300w, https:\/\/museipiemonte.cultura.gov.it\/wp-content\/uploads\/2017\/02\/Realisensi-230x33.jpg 230w, https:\/\/museipiemonte.cultura.gov.it\/wp-content\/uploads\/2017\/02\/Realisensi-350x50.jpg 350w, https:\/\/museipiemonte.cultura.gov.it\/wp-content\/uploads\/2017\/02\/Realisensi.jpg 700w\" sizes=\"auto, (max-width: 300px) 100vw, 300px\" \/><\/a><\/p>\n<p>&nbsp;<\/p>\n<p>Inoltre sempre al <strong>Castello di Racconigi<\/strong>, <strong>sabato 9 e domenica 10 settembre, alle ore 17.00 e alle ore 17.30<\/strong>&nbsp;inizia l&#8217;attivit\u00e0 di<em><strong> Reali sensi: il gusto.<\/strong><\/em><\/p>\n<p>Con le visite guidate dal titolo <em><strong>Il castello sotterraneo <\/strong><\/em>viene proposto un inedito itinerario di esplorazione dei sotterranei del Castello, che dalle cucine settecentesche condurr\u00e0 i visitatori fino alle cucine ottocentesche, passando per i locali di confetteria, di frutteria, dalle cantine alle ghiacciaie. Il percorso attraverser\u00e0 luoghi mai aperti al pubblico e porter\u00e0 alla scoperta dei segreti degli<em> \u201cUffici di Bocca\u201d<\/em> concludendosi con una piacevole degustazione di prodotti del territorio e di una selezione di vini.<\/p>\n<p>L&#8217;iniziativa si avvale della collaborazione con la <em>Bottega Reale di Terre dei Savoia<\/em>.<br \/>\nCosto: \u20ac 10 (compresa degustazione) oltre biglietto castello (\u20ac 5,00 salvo riduzioni e gratuit\u00e0).<\/p>\n<p>Prenotazione obbligatoria <a href=\"mailto:socialracconigi@beniculturali.it\" target=\"_blank\">socialracconigi@beniculturali.it<\/a>, cell 391 7033907 attivo nei seguenti orari 10.00-12.00 e 15.00-17.00.<\/p>\n<p>&nbsp;<\/p>\n<p><a href=\"http:\/\/museipiemonte.cultura.gov.it\/wp-content\/uploads\/2016\/05\/Aglie.jpg\"><img loading=\"lazy\" decoding=\"async\" class=\"alignnone size-medium wp-image-828\" src=\"http:\/\/museipiemonte.cultura.gov.it\/wp-content\/uploads\/2016\/05\/Aglie-300x43.jpg\" alt=\"Aglie\" width=\"300\" height=\"43\" srcset=\"https:\/\/museipiemonte.cultura.gov.it\/wp-content\/uploads\/2016\/05\/Aglie-300x43.jpg 300w, https:\/\/museipiemonte.cultura.gov.it\/wp-content\/uploads\/2016\/05\/Aglie-230x33.jpg 230w, https:\/\/museipiemonte.cultura.gov.it\/wp-content\/uploads\/2016\/05\/Aglie-350x50.jpg 350w, https:\/\/museipiemonte.cultura.gov.it\/wp-content\/uploads\/2016\/05\/Aglie.jpg 700w\" sizes=\"auto, (max-width: 300px) 100vw, 300px\" \/><\/a><\/p>\n<p>Al <strong><a href=\"http:\/\/museipiemonte.cultura.gov.it\/index.php\/musei-e-luoghi-della-cultura\/castello-di-aglie\/\" target=\"_blank\">Castello di Agli\u00e9<\/a><\/strong>&nbsp;<strong>sabato 9 settembre, alle ore 15.00&nbsp;<\/strong>primo appuntamento con<em><strong>&nbsp;Reali sensi: il gusto.<\/strong><\/em><\/p>\n<p><em><strong>I men\u00f9 del Re<\/strong><\/em>: la visita guidata illustrer\u00e0 le tradizioni culinarie e l&#8217;arte di presentare i cibi. La tavola ai tempi di Carlo Felice: un percorso suggestivo fra sale di rappresentanza e cucine per raccontare le consuetudini della cucina dei Savoia.<\/p>\n<p>Per informazioni: tel. 0124 330102 \u2013&nbsp;<a href=\"mailto:pm-pie.aglie@beniculturali.it\" target=\"_blank\">pm-pie.aglie@beniculturali.it<\/a><\/p>\n<p>&nbsp;<\/p>\n<p><a href=\"http:\/\/museipiemonte.cultura.gov.it\/wp-content\/uploads\/2016\/05\/Villa.jpg\"><img loading=\"lazy\" decoding=\"async\" class=\"alignnone size-medium wp-image-780\" src=\"http:\/\/museipiemonte.cultura.gov.it\/wp-content\/uploads\/2016\/05\/Villa-300x43.jpg\" alt=\"Villa\" width=\"300\" height=\"43\" srcset=\"https:\/\/museipiemonte.cultura.gov.it\/wp-content\/uploads\/2016\/05\/Villa-300x43.jpg 300w, https:\/\/museipiemonte.cultura.gov.it\/wp-content\/uploads\/2016\/05\/Villa-230x33.jpg 230w, https:\/\/museipiemonte.cultura.gov.it\/wp-content\/uploads\/2016\/05\/Villa-350x50.jpg 350w, https:\/\/museipiemonte.cultura.gov.it\/wp-content\/uploads\/2016\/05\/Villa.jpg 700w\" sizes=\"auto, (max-width: 300px) 100vw, 300px\" \/><\/a><\/p>\n<p>A <a href=\"http:\/\/museipiemonte.cultura.gov.it\/index.php\/musei-e-luoghi-della-cultura\/villa-della-regina\/\"><strong>Villa della Regina<\/strong><\/a> <strong>sabato 9 settembre alle 15.00<\/strong>&nbsp;<strong><em>La vigna delle delitiae<\/em><\/strong><br \/>\nL&#8217;alimentazione della corte e dei contadini, abitudini alimentari a confronto con la diffusione e influenza di prodotti provenienti dalle americhe e dall&#8217;antico oriente. Una piccola degustazione delle deliziose &#8220;bacche rosse&#8221; d&#8217;uva freisa allieter\u00e0 il percorso di visita.<\/p>\n","protected":false},"excerpt":{"rendered":"<p>Settimana con molteplici offerte nelle nostre sedi, un&#8217;ottima occasione per farci visita.<\/p>\n","protected":false},"author":1,"featured_media":837,"comment_status":"closed","ping_status":"closed","sticky":false,"template":"","format":"standard","meta":{"footnotes":""},"categories":[7,10,11,8,6],"tags":[58,35,61,43,44,50,36,66,21,41,109,31,33,25,54],"class_list":["post-2433","post","type-post","status-publish","format-standard","has-post-thumbnail","hentry","category-castello-di-aglie","category-castello-di-racconigi","category-castello-di-serralunga","category-forte-di-gavi","category-villa-della-regina","tag-aglie","tag-castello","tag-concerto","tag-forte","tag-gavi","tag-mostra","tag-musei","tag-musica-in-villa","tag-news","tag-racconigi","tag-reali-sensi","tag-serralunga","tag-valorizzazione","tag-villa-della-regina","tag-visita-guidata"],"_links":{"self":[{"href":"https:\/\/museipiemonte.cultura.gov.it\/index.php\/wp-json\/wp\/v2\/posts\/2433","targetHints":{"allow":["GET"]}}],"collection":[{"href":"https:\/\/museipiemonte.cultura.gov.it\/index.php\/wp-json\/wp\/v2\/posts"}],"about":[{"href":"https:\/\/museipiemonte.cultura.gov.it\/index.php\/wp-json\/wp\/v2\/types\/post"}],"author":[{"embeddable":true,"href":"https:\/\/museipiemonte.cultura.gov.it\/index.php\/wp-json\/wp\/v2\/users\/1"}],"replies":[{"embeddable":true,"href":"https:\/\/museipiemonte.cultura.gov.it\/index.php\/wp-json\/wp\/v2\/comments?post=2433"}],"version-history":[{"count":9,"href":"https:\/\/museipiemonte.cultura.gov.it\/index.php\/wp-json\/wp\/v2\/posts\/2433\/revisions"}],"predecessor-version":[{"id":2477,"href":"https:\/\/museipiemonte.cultura.gov.it\/index.php\/wp-json\/wp\/v2\/posts\/2433\/revisions\/2477"}],"wp:featuredmedia":[{"embeddable":true,"href":"https:\/\/museipiemonte.cultura.gov.it\/index.php\/wp-json\/wp\/v2\/media\/837"}],"wp:attachment":[{"href":"https:\/\/museipiemonte.cultura.gov.it\/index.php\/wp-json\/wp\/v2\/media?parent=2433"}],"wp:term":[{"taxonomy":"category","embeddable":true,"href":"https:\/\/museipiemonte.cultura.gov.it\/index.php\/wp-json\/wp\/v2\/categories?post=2433"},{"taxonomy":"post_tag","embeddable":true,"href":"https:\/\/museipiemonte.cultura.gov.it\/index.php\/wp-json\/wp\/v2\/tags?post=2433"}],"curies":[{"name":"wp","href":"https:\/\/api.w.org\/{rel}","templated":true}]}}