{"id":2639,"date":"2017-10-06T09:40:25","date_gmt":"2017-10-06T07:40:25","guid":{"rendered":"http:\/\/museipiemonte.cultura.gov.it\/?p=2639"},"modified":"2017-10-16T15:08:46","modified_gmt":"2017-10-16T13:08:46","slug":"voltati-guarda-ascolta-palazzo-carignano-giovedi-12-ottobre-2017","status":"publish","type":"post","link":"https:\/\/museipiemonte.cultura.gov.it\/index.php\/2017\/10\/06\/voltati-guarda-ascolta-palazzo-carignano-giovedi-12-ottobre-2017\/","title":{"rendered":"Voltati. Guarda. Ascolta. &#8211; Palazzo Carignano, gioved\u00ec 12 ottobre 2017"},"content":{"rendered":"<p><strong>Gioved\u00ec 12 ottobre alle ore 11.30<\/strong>, il Polo Museale del Piemonte \u00e8 lieto ed orgoglioso di ospitare nel <strong>Salone d&#8217;onore di Palazzo Carignano<\/strong> l&#8217;incontro di presentazione della campagna<\/p>\n<p><em><strong>Voltati. Guarda. Ascolta.&nbsp;Ascoltiamo le storie delle donne con tumore al seno metastatico.<\/strong><\/em><\/p>\n<p>La campagna &#8211;&nbsp;promossa da <em>Pfizer<\/em> in collaborazione con <em>Fondazione AIOM<\/em> e <em>Europa Donna Italia<\/em> e con il patrocinio della Citt\u00e0 di Torino &#8211; si svolger\u00e0 dal 12 al 15 ottobre ed avr\u00e0 il proprio punto informativo in piazza San Carlo.&nbsp;<\/p>\n<p>L&#8217;intento \u00e8 quello di&nbsp;<em>&#8220;rompere il silenzio che circonda il tumore al seno metastatico. Dare voce alle migliaia di donne italiane affette da questa malattia, persone \u201cinvisibili\u201d agli occhi dei media e dell\u2019opinione pubblica, che ancora non trovano l\u2019ascolto e l\u2019assistenza di cui hanno bisogno. Ribadire l\u2019importanza di garantire, a tutte le donne che convivono con un tumore al seno in fase avanzata, il diritto alla migliore qualit\u00e0 di vita possibile, l\u2019accesso alle migliori terapie innovative oggi disponibili, la continuit\u00e0 o il reinserimento lavorativo.&#8221;<\/em><\/p>\n<p><a href=\"http:\/\/museipiemonte.cultura.gov.it\/wp-content\/uploads\/2017\/10\/VOLTATI-GUARDA-ASCOLTA_Invito_12ottobre-TORINO.jpg\"><img loading=\"lazy\" decoding=\"async\" class=\"alignnone wp-image-2641 size-full\" src=\"http:\/\/museipiemonte.cultura.gov.it\/wp-content\/uploads\/2017\/10\/VOLTATI-GUARDA-ASCOLTA_Invito_12ottobre-TORINO.jpg\" alt=\"VOLTATI GUARDA ASCOLTA_Invito_12ottobre TORINO\" width=\"566\" height=\"566\" srcset=\"https:\/\/museipiemonte.cultura.gov.it\/wp-content\/uploads\/2017\/10\/VOLTATI-GUARDA-ASCOLTA_Invito_12ottobre-TORINO.jpg 566w, https:\/\/museipiemonte.cultura.gov.it\/wp-content\/uploads\/2017\/10\/VOLTATI-GUARDA-ASCOLTA_Invito_12ottobre-TORINO-150x150.jpg 150w, https:\/\/museipiemonte.cultura.gov.it\/wp-content\/uploads\/2017\/10\/VOLTATI-GUARDA-ASCOLTA_Invito_12ottobre-TORINO-300x300.jpg 300w, https:\/\/museipiemonte.cultura.gov.it\/wp-content\/uploads\/2017\/10\/VOLTATI-GUARDA-ASCOLTA_Invito_12ottobre-TORINO-230x230.jpg 230w, https:\/\/museipiemonte.cultura.gov.it\/wp-content\/uploads\/2017\/10\/VOLTATI-GUARDA-ASCOLTA_Invito_12ottobre-TORINO-350x350.jpg 350w\" sizes=\"auto, (max-width: 566px) 100vw, 566px\" \/><\/a><\/p>\n<p>&nbsp;<\/p>\n<p>Gli ingressi saranno consentiti fino ad esaurimento posti.<\/p>\n<p>Per informazione e prenotazioni: tel.&nbsp;3471658586 o&nbsp;3356505656<\/p>\n","protected":false},"excerpt":{"rendered":"<p>Nel Salone d&#8217;onore di Palazzo Carignano presentazione della campagna di sensibilizzazione VOLTATI. GUARDA. ASCOLTA.<\/p>\n","protected":false},"author":1,"featured_media":837,"comment_status":"closed","ping_status":"closed","sticky":false,"template":"","format":"standard","meta":{"footnotes":""},"categories":[4,5],"tags":[51,21,62],"class_list":["post-2639","post","type-post","status-publish","format-standard","has-post-thumbnail","hentry","category-direzione-regionale-musei","category-palazzo-carignano","tag-conferenza","tag-news","tag-palazzo-carignano"],"_links":{"self":[{"href":"https:\/\/museipiemonte.cultura.gov.it\/index.php\/wp-json\/wp\/v2\/posts\/2639","targetHints":{"allow":["GET"]}}],"collection":[{"href":"https:\/\/museipiemonte.cultura.gov.it\/index.php\/wp-json\/wp\/v2\/posts"}],"about":[{"href":"https:\/\/museipiemonte.cultura.gov.it\/index.php\/wp-json\/wp\/v2\/types\/post"}],"author":[{"embeddable":true,"href":"https:\/\/museipiemonte.cultura.gov.it\/index.php\/wp-json\/wp\/v2\/users\/1"}],"replies":[{"embeddable":true,"href":"https:\/\/museipiemonte.cultura.gov.it\/index.php\/wp-json\/wp\/v2\/comments?post=2639"}],"version-history":[{"count":6,"href":"https:\/\/museipiemonte.cultura.gov.it\/index.php\/wp-json\/wp\/v2\/posts\/2639\/revisions"}],"predecessor-version":[{"id":2660,"href":"https:\/\/museipiemonte.cultura.gov.it\/index.php\/wp-json\/wp\/v2\/posts\/2639\/revisions\/2660"}],"wp:featuredmedia":[{"embeddable":true,"href":"https:\/\/museipiemonte.cultura.gov.it\/index.php\/wp-json\/wp\/v2\/media\/837"}],"wp:attachment":[{"href":"https:\/\/museipiemonte.cultura.gov.it\/index.php\/wp-json\/wp\/v2\/media?parent=2639"}],"wp:term":[{"taxonomy":"category","embeddable":true,"href":"https:\/\/museipiemonte.cultura.gov.it\/index.php\/wp-json\/wp\/v2\/categories?post=2639"},{"taxonomy":"post_tag","embeddable":true,"href":"https:\/\/museipiemonte.cultura.gov.it\/index.php\/wp-json\/wp\/v2\/tags?post=2639"}],"curies":[{"name":"wp","href":"https:\/\/api.w.org\/{rel}","templated":true}]}}