{"id":2645,"date":"2017-10-09T11:39:22","date_gmt":"2017-10-09T09:39:22","guid":{"rendered":"http:\/\/museipiemonte.cultura.gov.it\/?p=2645"},"modified":"2017-10-16T15:08:38","modified_gmt":"2017-10-16T13:08:38","slug":"eventi-della-settimana-dal-10-al-15-ottobre-2017","status":"publish","type":"post","link":"https:\/\/museipiemonte.cultura.gov.it\/index.php\/2017\/10\/09\/eventi-della-settimana-dal-10-al-15-ottobre-2017\/","title":{"rendered":"Eventi della settimana, dal 10 al 15 ottobre 2017"},"content":{"rendered":"<p>Dopo il grande successo della Giornata Nazionale delle #famigliealmuseo nuove proposte e piacevoli occasioni di visita vi attendono nelle nostre sedi:<\/p>\n<p><a href=\"http:\/\/museipiemonte.cultura.gov.it\/wp-content\/uploads\/2016\/05\/Aglie.jpg\"><img loading=\"lazy\" decoding=\"async\" class=\"alignnone size-medium wp-image-828\" src=\"http:\/\/museipiemonte.cultura.gov.it\/wp-content\/uploads\/2016\/05\/Aglie-300x43.jpg\" alt=\"Aglie\" width=\"300\" height=\"43\" srcset=\"https:\/\/museipiemonte.cultura.gov.it\/wp-content\/uploads\/2016\/05\/Aglie-300x43.jpg 300w, https:\/\/museipiemonte.cultura.gov.it\/wp-content\/uploads\/2016\/05\/Aglie-230x33.jpg 230w, https:\/\/museipiemonte.cultura.gov.it\/wp-content\/uploads\/2016\/05\/Aglie-350x50.jpg 350w, https:\/\/museipiemonte.cultura.gov.it\/wp-content\/uploads\/2016\/05\/Aglie.jpg 700w\" sizes=\"auto, (max-width: 300px) 100vw, 300px\" \/><\/a><\/p>\n<p>Al <strong><a href=\"http:\/\/museipiemonte.cultura.gov.it\/index.php\/musei-e-luoghi-della-cultura\/castello-di-aglie\/\" target=\"_blank\">Castello di Agli\u00e9<\/a>:<\/strong><\/p>\n<p><strong>sabato 14 ottobre alle ore 9.00,<\/strong> a cura della Pro Loco ed in collaborazione con il Comune di Agli\u00e9, si svolger\u00e0 il convegno<strong>&nbsp;<\/strong><em><strong>&#8220;1667-2017,&nbsp;350 anni dalla morte del Conte Filippo San Martino d\u2019Agli\u00e8&#8221;<\/strong><\/em><\/p>\n<p>Programma:<br \/>\nore 9.00 Accoglienza e welcome coffee<br \/>\nSaluti di&nbsp;Alessandra Guerrini, Direttrice del Castello;&nbsp;Marco Succio, Sindaco di Agli\u00e8;&nbsp;Simona Appino, Presidente della Pro Loco di Agli\u00e8<br \/>\nIntroduzione e moderazione a cura di Giorgio Guabello<\/p>\n<p>Interventi:<br \/>\n<em>Il Conte Filippo e gli acquisti di terreni in Agli\u00e8 per l\u2019ampliamento del Castello,<\/em>&nbsp;Gianluigi Alzona<br \/>\n<em>Il conte Filippo d&#8217;Agli\u00e8: immagini e ritratti,<\/em>&nbsp;Giusi Audiberti<br \/>\n<em>L&#8217;istituzione del beneficio sacerdotale nella Parrocchia di Agli\u00e8,&nbsp;<\/em>Don Melino Quilico<br \/>\n<em>Il testamento del conte Filippo e la sua sepoltura al Monte dei Cappuccini a Torino,&nbsp;<\/em>Fra Luca Isella<\/p>\n<p>Ingresso consentito fino ad esaurimento posti.<\/p>\n<p><a href=\"http:\/\/museipiemonte.cultura.gov.it\/wp-content\/uploads\/2015\/11\/hr.png\"><img loading=\"lazy\" decoding=\"async\" class=\"alignnone size-full wp-image-157\" src=\"http:\/\/museipiemonte.cultura.gov.it\/wp-content\/uploads\/2015\/11\/hr.png\" alt=\"hr1\" width=\"50\" height=\"50\"><\/a><\/p>\n<p><strong>sabato 14 ottobre alle ore 15.00,&nbsp;<\/strong>continuano gli appuntamenti con<em><strong>&nbsp;Reali sensi: il gusto:&nbsp;<\/strong><\/em>la visita guidata&nbsp;<em><strong>I men\u00f9 del Re<\/strong><\/em>&nbsp; illustrer\u00e0 le tradizioni culinarie e l&#8217;arte di presentare i cibi. La tavola ai tempi di Carlo Felice: un percorso suggestivo fra sale di rappresentanza e cucine per raccontare le consuetudini della cucina dei Savoia.<br \/>\nLa visita \u00e8 gratuita previo pagamento del biglietto d&#8217;ingresso alle cucine, 4,00 \u20ac.<\/p>\n<p>Informazioni: tel. 0124330102, e-mail <a href=\"mailto:pm-pie.aglie@beniculturali.it\" target=\"_blank\">pm-pie.aglie@beniculturali.it<\/a><\/p>\n<p>&nbsp;<\/p>\n<p><a href=\"http:\/\/museipiemonte.cultura.gov.it\/wp-content\/uploads\/2016\/05\/Racconigi.jpg\"><img loading=\"lazy\" decoding=\"async\" class=\"alignnone size-medium wp-image-830\" src=\"http:\/\/museipiemonte.cultura.gov.it\/wp-content\/uploads\/2016\/05\/Racconigi-300x43.jpg\" alt=\"Racconigi\" width=\"300\" height=\"43\" srcset=\"https:\/\/museipiemonte.cultura.gov.it\/wp-content\/uploads\/2016\/05\/Racconigi-300x43.jpg 300w, https:\/\/museipiemonte.cultura.gov.it\/wp-content\/uploads\/2016\/05\/Racconigi-230x33.jpg 230w, https:\/\/museipiemonte.cultura.gov.it\/wp-content\/uploads\/2016\/05\/Racconigi-350x50.jpg 350w, https:\/\/museipiemonte.cultura.gov.it\/wp-content\/uploads\/2016\/05\/Racconigi.jpg 700w\" sizes=\"auto, (max-width: 300px) 100vw, 300px\" \/><\/a><\/p>\n<p>Al <strong><a href=\"http:\/\/museipiemonte.cultura.gov.it\/index.php\/musei-e-luoghi-della-cultura\/castello-di-racconigi\/\" target=\"_blank\">Castello di Racconigi<\/a><\/strong><\/p>\n<p><strong>sabato 14 ottobre dalle ore 12.30<\/strong> il castello sar\u00e0 preziosa cornice del raduno auto storiche Alfa Romeo<\/p>\n<p><a href=\"http:\/\/museipiemonte.cultura.gov.it\/wp-content\/uploads\/2015\/11\/hr.png\"><img loading=\"lazy\" decoding=\"async\" class=\"alignnone size-full wp-image-157\" src=\"http:\/\/museipiemonte.cultura.gov.it\/wp-content\/uploads\/2015\/11\/hr.png\" alt=\"hr1\" width=\"50\" height=\"50\"><\/a><\/p>\n<p><strong>da domenica 15 ottobre a domenica 19 novembre<\/strong> doppio evento:<\/p>\n<p><em><strong>\u201cI Savoia e il Portogallo. Una storia lunga una dinastia\u201d<\/strong><\/em>, esposizione a cura di Maura Aimar.<\/p>\n<p>In occasione del 170\u00b0 anniversario della nascita di Maria Pia di Savoia, Regina del Portogallo, la mostra ripercorre i molteplici rapporti con la Casa Portoghese nel corso della millenaria storia di Casa Savoia, dal matrimonio di Mafalda di Savoia e Alfonso Henrique nel 1146, fino all\u2019esilio di Umberto II all&#8217;indomani del referendum che decreta la fine della monarchia in Italia.&nbsp;I lunghi rapporti tra i Savoia e il Portogallo saranno raccontati attraverso l\u2019esposizione di alcune opere simbolo del Castello di Racconigi, tra le quali lo splendido busto in marmo di Maria Pia di Santo Varni e il ritratto giovanile di Beatrice di Portogallo.<br \/>\nLa visita all&#8217;esposizione \u00e8 resa possibile grazie alla gentile collaborazione con il <em>Centro Studi Principe Oddone<\/em> che effettuer\u00e0 gratuitamente le visite guidate il sabato e la domenica alle ore 15.30 e alle ore 17.00 e in settimana su prenotazione.<br \/>\nLa visita all&#8217;esposizione \u00e8 compresa nel&nbsp;biglietto d&#8217;ingresso al castello.<\/p>\n<p>Per informazioni e prenotazioni: <a href=\"mailto:presidenza_c.s.oddone@virgilio.it\" target=\"_blank\">presidenza_c.s.oddone@virgilio.it<\/a><\/p>\n<p><a href=\"http:\/\/museipiemonte.cultura.gov.it\/wp-content\/uploads\/2015\/11\/hr.png\"><img loading=\"lazy\" decoding=\"async\" class=\"alignnone size-full wp-image-157\" src=\"http:\/\/museipiemonte.cultura.gov.it\/wp-content\/uploads\/2015\/11\/hr.png\" alt=\"hr1\" width=\"50\" height=\"50\"><\/a><\/p>\n<p><strong><em>ArtSite 2017 RESIDENZE REALI<\/em><\/strong>, mostra a cura di Domenico Papa, realizzata dall\u2019Associazione Phanes.<\/p>\n<p>Mettendo in dialogo luoghi aulici e arte contemporanea, la mostra si sviluppa nelle residenze di Govone, Venaria Reale, Vinovo e Racconigi. In questi contesti di grande fascino, 120 opere di 45 artisti di diverse generazioni si confrontano con arredi, decorazioni e spazi aulici. Scultura, pittura, fotografia, installazione e performances si inseriscono nei percorsi museali delle residenze e, uscendo dal contesto abituale della galleria e del museo d\u2019arte contemporanea, assumono un nuovo e suggestivo significato.<br \/>\nIl parco e il castello di Racconigi accoglieranno le opere di Maura Banfo, Domenico Borrelli, Francesco Campanile, Jessica Carroll, Piergiorgio Colombara, Aron Demetz, Carlo D\u2019Oria, Raffaele Fiorella, Paolo Grassino, Monika Grycko, Mirsad Herad, Francesco Messina, Walter Moroder, Peter Simon M\u00fchlh\u00e4u\u00dfer Klaus Munch, Park Eon Youl, Alex Rane, Francesco Sena, Peter Senoner, Luisa Valentini, Bruno Walpoth.&nbsp;La mostra, a cura di Domenico M. Papa, \u00e8 realizzata dall\u2019<em>Associazione Phanes<\/em>, con il patrocinio&nbsp;della Regione Piemonte e il supporto di Fondazione CRT.<\/p>\n<p>Domenica 15 ottobre alle ore 17.00 inaugurazione&nbsp;con performance&nbsp;di Stefano Giorgi, MOLYS, sound sculpture.<br \/>\nLa visita all&#8217;esposizione \u00e8 compresa nel&nbsp;biglietto d&#8217;ingresso al castello.<\/p>\n<p>Per informazioni: <a href=\"mailto:associazionephanes@gmail.com\" target=\"_blank\">associazionephanes@gmail.com<\/a><\/p>\n<p>&nbsp;<\/p>\n<p><a href=\"http:\/\/museipiemonte.cultura.gov.it\/wp-content\/uploads\/2016\/05\/Villa.jpg\"><img loading=\"lazy\" decoding=\"async\" class=\"alignnone size-medium wp-image-780\" src=\"http:\/\/museipiemonte.cultura.gov.it\/wp-content\/uploads\/2016\/05\/Villa-300x43.jpg\" alt=\"Villa\" width=\"300\" height=\"43\" srcset=\"https:\/\/museipiemonte.cultura.gov.it\/wp-content\/uploads\/2016\/05\/Villa-300x43.jpg 300w, https:\/\/museipiemonte.cultura.gov.it\/wp-content\/uploads\/2016\/05\/Villa-230x33.jpg 230w, https:\/\/museipiemonte.cultura.gov.it\/wp-content\/uploads\/2016\/05\/Villa-350x50.jpg 350w, https:\/\/museipiemonte.cultura.gov.it\/wp-content\/uploads\/2016\/05\/Villa.jpg 700w\" sizes=\"auto, (max-width: 300px) 100vw, 300px\" \/><\/a><\/p>\n<p>A <strong><a href=\"http:\/\/museipiemonte.cultura.gov.it\/index.php\/musei-e-luoghi-della-cultura\/villa-della-regina\/\" target=\"_blank\">Villa della Regina<\/a>&nbsp;<\/strong><\/p>\n<p><strong>Sabato 14 ottobre alle ore 15.00<\/strong>&nbsp;torna&nbsp;<em><strong>Reali Sensi: il gusto<\/strong><\/em>&nbsp;e la visita guidata speciale &nbsp;<strong><em>La vigna delle delitiae.<\/em><\/strong><br \/>\nL&#8217;alimentazione della corte e dei contadini, abitudini alimentari a confronto con la diffusione e influenza di prodotti provenienti dalle americhe e dall&#8217;antico oriente. Una piccola degustazione delle deliziose &#8220;bacche rosse&#8221; d&#8217;uva freisa allieter\u00e0 il percorso di visita.<br \/>\nLa visita \u00e8 gratuita previo pagamento del biglietto d&#8217;ingresso.<\/p>\n<p>Per informazioni: tel. 011 8194484, e-mail&nbsp;<a href=\"mailto:pm-pie.villadellaregina@beniculturali.it\" target=\"_blank\">pm-pie.villadellaregina@beniculturali.it<\/a><\/p>\n<p><strong>Sabato 14 ottobre e domenica 15 ottobre<\/strong> tante attivit\u00e0 saranno offerte ai visitatori nell&#8217;ambito di <em><strong><a href=\"http:\/\/www.vendemmiatorino.it\/index.html\" target=\"_blank\">La vendemmia a Torino<\/a>,<\/strong><\/em>&nbsp;progetto promosso dalla Regione Piemonte.<\/p>\n<p>&nbsp;<\/p>\n<p><a href=\"http:\/\/museipiemonte.cultura.gov.it\/wp-content\/uploads\/2016\/08\/PalazzoCarignano.jpg\"><img loading=\"lazy\" decoding=\"async\" class=\"alignnone size-medium wp-image-1020\" src=\"http:\/\/museipiemonte.cultura.gov.it\/wp-content\/uploads\/2016\/08\/PalazzoCarignano-300x43.jpg\" alt=\"PalazzoCarignano\" width=\"300\" height=\"43\" srcset=\"https:\/\/museipiemonte.cultura.gov.it\/wp-content\/uploads\/2016\/08\/PalazzoCarignano-300x43.jpg 300w, https:\/\/museipiemonte.cultura.gov.it\/wp-content\/uploads\/2016\/08\/PalazzoCarignano-230x33.jpg 230w, https:\/\/museipiemonte.cultura.gov.it\/wp-content\/uploads\/2016\/08\/PalazzoCarignano-350x50.jpg 350w, https:\/\/museipiemonte.cultura.gov.it\/wp-content\/uploads\/2016\/08\/PalazzoCarignano.jpg 700w\" sizes=\"auto, (max-width: 300px) 100vw, 300px\" \/><\/a><\/p>\n<p>Infine a <strong><a href=\"http:\/\/museipiemonte.cultura.gov.it\/index.php\/musei-e-luoghi-della-cultura\/palazzo-carignano\/\" target=\"_blank\">Palazzo Carignano<\/a><\/strong><\/p>\n<p><strong>Gioved\u00ec 12 ottobre alle ore 11.30<\/strong>&nbsp;presentazione della campagna&nbsp;<a href=\"http:\/\/museipiemonte.cultura.gov.it\/index.php\/2017\/10\/06\/voltati-guarda-ascolta-palazzo-carignano-giovedi-12-ottobre-2017\/\" target=\"_blank\"><em><strong>Voltati. Guarda. Ascolta.<\/strong>&nbsp;<\/em><\/a><\/p>\n<p><a href=\"http:\/\/museipiemonte.cultura.gov.it\/wp-content\/uploads\/2015\/11\/hr.png\"><img loading=\"lazy\" decoding=\"async\" class=\"alignnone size-full wp-image-157\" src=\"http:\/\/museipiemonte.cultura.gov.it\/wp-content\/uploads\/2015\/11\/hr.png\" alt=\"hr1\" width=\"50\" height=\"50\"><\/a><\/p>\n<p><strong>Domenica 15 ottobre alle ore 16.00<\/strong>&nbsp;nel Salone d&#8217;onore si terr\u00e0, a cura dell&#8217;Associazione Culturale <em><a href=\"https:\/\/invaghiti.wordpress.com\/\" target=\"_blank\">Gli invaghiti,<\/a><\/em>&nbsp;il concerto dal titolo&nbsp;<em><strong>La perla irregolare. Antonio Vivaldi e i gioielli del barocco italiano.<br \/>\n<\/strong><\/em>L&#8217;ingresso \u00e8 gratuito e consentito fino ad esaurimento posti.<\/p>\n<p>La prenotazione \u00e8 vivamente consigliata: <a href=\"mailto:segreteria@invaghiti.info\" target=\"_blank\">segreteria@invaghiti.info<\/a><\/p>\n<p>&nbsp;<\/p>\n<p><a href=\"http:\/\/museipiemonte.cultura.gov.it\/wp-content\/uploads\/2016\/07\/Vezzolano.jpg\"><img loading=\"lazy\" decoding=\"async\" class=\"alignnone size-medium wp-image-980\" src=\"http:\/\/museipiemonte.cultura.gov.it\/wp-content\/uploads\/2016\/07\/Vezzolano-300x43.jpg\" alt=\"Vezzolano\" width=\"300\" height=\"43\" srcset=\"https:\/\/museipiemonte.cultura.gov.it\/wp-content\/uploads\/2016\/07\/Vezzolano-300x43.jpg 300w, https:\/\/museipiemonte.cultura.gov.it\/wp-content\/uploads\/2016\/07\/Vezzolano-230x33.jpg 230w, https:\/\/museipiemonte.cultura.gov.it\/wp-content\/uploads\/2016\/07\/Vezzolano-350x50.jpg 350w, https:\/\/museipiemonte.cultura.gov.it\/wp-content\/uploads\/2016\/07\/Vezzolano.jpg 700w\" sizes=\"auto, (max-width: 300px) 100vw, 300px\" \/><\/a><\/p>\n<p>All&#8217; <a href=\"http:\/\/museipiemonte.cultura.gov.it\/index.php\/musei-e-luoghi-della-cultura\/abbazia-di-vezzolano\/\" target=\"_blank\"><strong>Abbazia di Vezzolano<\/strong><\/a> <strong>domenica 15 ottobre dalle ore 14.30<\/strong> visite guidate gratuite al complesso canonicale nell&#8217;ambito di un percorso legato alla imminente ricorrenza della <em>Giornata Mondiale dell\u2019alimentazione<\/em> promossa dalla FAO con l\u2019obiettivo di sensibilizzare alla conservazione del paesaggio agrario ai fini di una alimentazione corretta e sostenibile per il pianeta (il percorso prevede poi anche la visita ai produttori locali).<br \/>\nL&#8217;attivit\u00e0 si svolge a cura di <em>Orizzonti Culturali<\/em> e <em>Associazione Itineraria<\/em> in collaborazione con il Polo Museale.<\/p>\n<p>Per ulteriori informazioni: <a href=\"mailto:info@orizzonticulturali.com\" target=\"_blank\">info@orizzonticulturali.com<\/a>, 3338322000; <a href=\"mailto:itineraria@tiscali.it\" target=\"_blank\">itineraria@tiscali.it<\/a>, 0114347954-0114331574<\/p>\n","protected":false},"excerpt":{"rendered":"<p>Dopo il successo della Giornata nazionale delle #famigliealmuseo, tanti altri eventi organizzati per voi nelle nostre sedi.<\/p>\n","protected":false},"author":1,"featured_media":837,"comment_status":"closed","ping_status":"closed","sticky":false,"template":"","format":"standard","meta":{"footnotes":""},"categories":[12,7,10,5,6],"tags":[52,58,35,61,51,50,36,21,62,41,109,53,25,54],"class_list":["post-2645","post","type-post","status-publish","format-standard","has-post-thumbnail","hentry","category-abbazia-di-vezzolano","category-castello-di-aglie","category-castello-di-racconigi","category-palazzo-carignano","category-villa-della-regina","tag-abbazia","tag-aglie","tag-castello","tag-concerto","tag-conferenza","tag-mostra","tag-musei","tag-news","tag-palazzo-carignano","tag-racconigi","tag-reali-sensi","tag-vezzolano","tag-villa-della-regina","tag-visita-guidata"],"_links":{"self":[{"href":"https:\/\/museipiemonte.cultura.gov.it\/index.php\/wp-json\/wp\/v2\/posts\/2645","targetHints":{"allow":["GET"]}}],"collection":[{"href":"https:\/\/museipiemonte.cultura.gov.it\/index.php\/wp-json\/wp\/v2\/posts"}],"about":[{"href":"https:\/\/museipiemonte.cultura.gov.it\/index.php\/wp-json\/wp\/v2\/types\/post"}],"author":[{"embeddable":true,"href":"https:\/\/museipiemonte.cultura.gov.it\/index.php\/wp-json\/wp\/v2\/users\/1"}],"replies":[{"embeddable":true,"href":"https:\/\/museipiemonte.cultura.gov.it\/index.php\/wp-json\/wp\/v2\/comments?post=2645"}],"version-history":[{"count":13,"href":"https:\/\/museipiemonte.cultura.gov.it\/index.php\/wp-json\/wp\/v2\/posts\/2645\/revisions"}],"predecessor-version":[{"id":2666,"href":"https:\/\/museipiemonte.cultura.gov.it\/index.php\/wp-json\/wp\/v2\/posts\/2645\/revisions\/2666"}],"wp:featuredmedia":[{"embeddable":true,"href":"https:\/\/museipiemonte.cultura.gov.it\/index.php\/wp-json\/wp\/v2\/media\/837"}],"wp:attachment":[{"href":"https:\/\/museipiemonte.cultura.gov.it\/index.php\/wp-json\/wp\/v2\/media?parent=2645"}],"wp:term":[{"taxonomy":"category","embeddable":true,"href":"https:\/\/museipiemonte.cultura.gov.it\/index.php\/wp-json\/wp\/v2\/categories?post=2645"},{"taxonomy":"post_tag","embeddable":true,"href":"https:\/\/museipiemonte.cultura.gov.it\/index.php\/wp-json\/wp\/v2\/tags?post=2645"}],"curies":[{"name":"wp","href":"https:\/\/api.w.org\/{rel}","templated":true}]}}