{"id":2701,"date":"2017-10-16T15:07:39","date_gmt":"2017-10-16T13:07:39","guid":{"rendered":"http:\/\/museipiemonte.cultura.gov.it\/?p=2701"},"modified":"2017-10-23T13:26:32","modified_gmt":"2017-10-23T11:26:32","slug":"eventi-della-settimana-dal-17-al-22-ottobre-2017","status":"publish","type":"post","link":"https:\/\/museipiemonte.cultura.gov.it\/index.php\/2017\/10\/16\/eventi-della-settimana-dal-17-al-22-ottobre-2017\/","title":{"rendered":"Eventi della settimana &#8211; dal 17 al 22 ottobre 2017"},"content":{"rendered":"<p><a href=\"http:\/\/museipiemonte.cultura.gov.it\/wp-content\/uploads\/2016\/07\/Vezzolano.jpg\"><img loading=\"lazy\" decoding=\"async\" class=\"alignnone size-medium wp-image-980\" src=\"http:\/\/museipiemonte.cultura.gov.it\/wp-content\/uploads\/2016\/07\/Vezzolano-300x43.jpg\" alt=\"Vezzolano\" width=\"300\" height=\"43\" srcset=\"https:\/\/museipiemonte.cultura.gov.it\/wp-content\/uploads\/2016\/07\/Vezzolano-300x43.jpg 300w, https:\/\/museipiemonte.cultura.gov.it\/wp-content\/uploads\/2016\/07\/Vezzolano-230x33.jpg 230w, https:\/\/museipiemonte.cultura.gov.it\/wp-content\/uploads\/2016\/07\/Vezzolano-350x50.jpg 350w, https:\/\/museipiemonte.cultura.gov.it\/wp-content\/uploads\/2016\/07\/Vezzolano.jpg 700w\" sizes=\"auto, (max-width: 300px) 100vw, 300px\" \/><\/a><\/p>\n<p>All&#8217;<strong><a href=\"http:\/\/museipiemonte.cultura.gov.it\/index.php\/musei-e-luoghi-della-cultura\/abbazia-di-vezzolano\/\" target=\"_blank\">Abbazia di Vezzolano<\/a>&nbsp;sabato 21 ottobre alle ore 17.00 <\/strong>inaugurazione della mostra<\/p>\n<p><em><strong><a href=\"http:\/\/museipiemonte.cultura.gov.it\/?p=2706\" target=\"_blank\">Tra Grottesco e Fantastico: l\u2019universo dell\u2019immaginario<\/a><\/strong><\/em><\/p>\n<p>Dalle 15.00&nbsp;visite guidate all&#8217;Abbazia a cura del Polo Museale e apertura straordinaria fino alle 21.00.<\/p>\n<p>&nbsp;<\/p>\n<p><a href=\"http:\/\/museipiemonte.cultura.gov.it\/wp-content\/uploads\/2016\/05\/Villa.jpg\"><img loading=\"lazy\" decoding=\"async\" class=\"alignnone size-medium wp-image-780\" src=\"http:\/\/museipiemonte.cultura.gov.it\/wp-content\/uploads\/2016\/05\/Villa-300x43.jpg\" alt=\"Villa\" width=\"300\" height=\"43\" srcset=\"https:\/\/museipiemonte.cultura.gov.it\/wp-content\/uploads\/2016\/05\/Villa-300x43.jpg 300w, https:\/\/museipiemonte.cultura.gov.it\/wp-content\/uploads\/2016\/05\/Villa-230x33.jpg 230w, https:\/\/museipiemonte.cultura.gov.it\/wp-content\/uploads\/2016\/05\/Villa-350x50.jpg 350w, https:\/\/museipiemonte.cultura.gov.it\/wp-content\/uploads\/2016\/05\/Villa.jpg 700w\" sizes=\"auto, (max-width: 300px) 100vw, 300px\" \/><\/a><\/p>\n<p>A<strong> <a href=\"http:\/\/museipiemonte.cultura.gov.it\/index.php\/musei-e-luoghi-della-cultura\/villa-della-regina\/\" target=\"_blank\">Villa della Regina<\/a>&nbsp; <\/strong><\/p>\n<p><strong>Sabato 21 ottobre alle ore 15.00&nbsp;<\/strong>una suggestiva visita guidata dal titolo <strong><em>Dal principe alla regina<\/em><\/strong><\/p>\n<p><em>&#8220;Poco distante dal Monte dei Cappuccini siede la Vigna della Regina.&nbsp;Una bella strada, ombrata da pioppi, vi conduce direttamente dal Po con dolce salita.&nbsp;L\u2019adornano orti e boschi a forma di anfiteatro con fontane e sontuosi ornamenti d\u2019architettura.&#8221;<\/em><br \/>\nCos\u00ec veniva descritta Villa della Regina in una guida del 1840.<br \/>\nLa collina di Torino \u00e8 molto cambiata da allora, ma a Villa della Regina il tempo sembra essersi fermato: oggi, come allora, i visitatori potranno godere dei colori del bosco in autunno, degli ordinati filari del vigneto, dei giardini all&#8217;italiana e dei suoi simboli legati alla mitologia classica.&nbsp;I visitatori saranno accompagnati all\u2019interno della Grotta del Re Selvaggio e del Padiglione dei Solinghi, angoli dei giardini normalmente chiusi al pubblico.<\/p>\n<p>Si raccomanda di indossare calzature comode.<\/p>\n<p>Informazioni: tel. 011 8194484; e-mail: <a href=\"mailto:pm-pie.villadellaregina@beniculturali.it\" target=\"_blank\">pm-pie.villadellaregina@beniculturali.it<\/a><\/p>\n<p><a href=\"http:\/\/museipiemonte.cultura.gov.it\/wp-content\/uploads\/2015\/11\/hr.png\"><img loading=\"lazy\" decoding=\"async\" class=\"alignnone size-full wp-image-157\" src=\"http:\/\/museipiemonte.cultura.gov.it\/wp-content\/uploads\/2015\/11\/hr.png\" alt=\"hr1\" width=\"50\" height=\"50\"><\/a><\/p>\n<p>Inoltre,<strong> fino a domenica 7 gennaio 2018<\/strong>, nel piano terreno \u00e8 visitabile la mostra&nbsp;<strong><em>Mira vitium natura&nbsp;<\/em><\/strong>in cui \u00e8 possibile ammirare una trentina di incisioni dei piemontesi Gianfranco Schialvino e Gianni Verna, fondatori dell\u2019<em>Associazione Nuova Xilografia<\/em>, che con i loro lavori intendono rivalutare l\u2019antica tecnica di stampa.<br \/>\nSi tratta di una raccolta di xilografie sul tema della vigna. Le viti nei loro filari, i pampini, i grappoli, gli acini, momenti delle diverse stagioni dell\u2019anno.<br \/>\nLa collaborazione col Polo museale del Piemonte assicura alla mostra una cornice eccezionale: a Villa della Regina si trova l\u2019unico esempio italiano di vigneto cittadino.<\/p>\n<p>L\u2019Associazione Amici di Villa della Regina ha finanziato la pubblicazione del catalogo della mostra.<\/p>\n<p>&nbsp;<\/p>\n<p><a href=\"http:\/\/museipiemonte.cultura.gov.it\/wp-content\/uploads\/2016\/05\/Racconigi.jpg\"><img loading=\"lazy\" decoding=\"async\" class=\"alignnone size-medium wp-image-830\" src=\"http:\/\/museipiemonte.cultura.gov.it\/wp-content\/uploads\/2016\/05\/Racconigi-300x43.jpg\" alt=\"Racconigi\" width=\"300\" height=\"43\" srcset=\"https:\/\/museipiemonte.cultura.gov.it\/wp-content\/uploads\/2016\/05\/Racconigi-300x43.jpg 300w, https:\/\/museipiemonte.cultura.gov.it\/wp-content\/uploads\/2016\/05\/Racconigi-230x33.jpg 230w, https:\/\/museipiemonte.cultura.gov.it\/wp-content\/uploads\/2016\/05\/Racconigi-350x50.jpg 350w, https:\/\/museipiemonte.cultura.gov.it\/wp-content\/uploads\/2016\/05\/Racconigi.jpg 700w\" sizes=\"auto, (max-width: 300px) 100vw, 300px\" \/><\/a><\/p>\n<p>Al <strong><a href=\"http:\/\/museipiemonte.cultura.gov.it\/index.php\/musei-e-luoghi-della-cultura\/castello-di-racconigi\/\" target=\"_blank\">Castello di Racconigi<\/a>&nbsp;<\/strong><\/p>\n<p><strong>Domenica 22 ottobre a partire dalle ore 14.30<\/strong> il castello ricorda la visita dello zar Nicola II Romanov, avvenuta il 23 ottobre 1909.&nbsp;<\/p>\n<p>A cura del gruppo storico <em>Historia Subalpina<\/em>&nbsp;saranno proposti nel percorso di visita momenti teatrali dedicati alla preparazione della residenza e all\u2019accoglienza dello zar. Sin dalla scalinata d\u2019onore i visitatori potranno rivivere l\u2019atmosfera frenetica dei preparativi, entrando nel salone d\u2019Ercole scopriranno i segreti dell\u2019etichetta e del cerimoniale, il \u201c<em>codice d&#8217;abbigliamento<\/em>\u201d di dame e cavalieri, ma anche le disposizioni per le livree dei valletti e per le uniformi dei militari ammessi alla presenza dello zar. Potranno poi assistere ad un momento della festa danzante in onore dello zar, osservando alcuni ospiti volteggiare sulle note delle opere e delle operette pi\u00f9 in voga, e conoscere le ragioni e l\u2019importanza storica del Trattato di Racconigi. Procedendo nella visita, gli indaffarati membri della Brigata di Bocca illustreranno il menu della serata di gala.<\/p>\n<p>Informazioni e prenotazioni: tel. 0172 84595, e-mail <a href=\"mailto:racconigi.prenotazioni@beniculturali.it\" target=\"_blank\">racconigi.prenotazioni@beniculturali.it<\/a><\/p>\n<p><a href=\"http:\/\/museipiemonte.cultura.gov.it\/wp-content\/uploads\/2017\/10\/Romanoff.jpg\"><img loading=\"lazy\" decoding=\"async\" class=\"alignnone wp-image-2709\" src=\"http:\/\/museipiemonte.cultura.gov.it\/wp-content\/uploads\/2017\/10\/Romanoff-300x179.jpg\" alt=\"Romanoff\" width=\"400\" height=\"238\" srcset=\"https:\/\/museipiemonte.cultura.gov.it\/wp-content\/uploads\/2017\/10\/Romanoff-300x179.jpg 300w, https:\/\/museipiemonte.cultura.gov.it\/wp-content\/uploads\/2017\/10\/Romanoff-230x137.jpg 230w, https:\/\/museipiemonte.cultura.gov.it\/wp-content\/uploads\/2017\/10\/Romanoff-350x209.jpg 350w, https:\/\/museipiemonte.cultura.gov.it\/wp-content\/uploads\/2017\/10\/Romanoff.jpg 733w\" sizes=\"auto, (max-width: 400px) 100vw, 400px\" \/><\/a><\/p>\n<p><a href=\"http:\/\/museipiemonte.cultura.gov.it\/wp-content\/uploads\/2015\/11\/hr.png\"><img loading=\"lazy\" decoding=\"async\" class=\"alignnone size-full wp-image-157\" src=\"http:\/\/museipiemonte.cultura.gov.it\/wp-content\/uploads\/2015\/11\/hr.png\" alt=\"hr1\" width=\"50\" height=\"50\"><\/a><\/p>\n<p>Inoltre <strong>fino&nbsp;a domenica 19 novembre<\/strong> doppio evento:<\/p>\n<p><strong><em>\u201cI Savoia e il Portogallo. Una storia lunga una dinastia\u201d<\/em><\/strong>, esposizione a cura di Maura Aimar.<\/p>\n<p>In occasione del 170\u00b0 anniversario della nascita di Maria Pia di Savoia, Regina del Portogallo, la mostra ripercorre i molteplici rapporti con la Casa Portoghese nel corso della millenaria storia di Casa Savoia, dal matrimonio di Mafalda di Savoia e Alfonso Henrique nel 1146, fino all\u2019esilio di Umberto II all&#8217;indomani del referendum che decreta la fine della monarchia in Italia. I lunghi rapporti tra i Savoia e il Portogallo saranno raccontati attraverso l\u2019esposizione di alcune opere simbolo del Castello di Racconigi, tra le quali lo splendido busto in marmo di Maria Pia di Santo Varni e il ritratto giovanile di Beatrice di Portogallo.<br \/>\nLa visita all&#8217;esposizione \u00e8 resa possibile grazie alla gentile collaborazione con il Centro Studi Principe Oddone che effettuer\u00e0 gratuitamente le visite guidate il sabato e la domenica alle ore 15.30 e alle ore 17.00 e in settimana su prenotazione.<br \/>\nLa visita all&#8217;esposizione \u00e8 compresa nel biglietto d&#8217;ingresso al castello.<\/p>\n<p>Per informazioni e prenotazioni: <a href=\"mailto:presidenza_c.s.oddone@virgilio.it\" target=\"_blank\">presidenza_c.s.oddone@virgilio.it<\/a><\/p>\n<p><em><strong>ArtSite 2017 RESIDENZE REALI<\/strong><\/em>, mostra a cura di Domenico Papa, realizzata dall\u2019<em>Associazione Phanes<\/em>.<\/p>\n<p>Mettendo in dialogo luoghi aulici e arte contemporanea, la mostra si sviluppa nelle residenze di Govone, Venaria Reale, Vinovo e Racconigi. In questi contesti di grande fascino, 120 opere di 45 artisti di diverse generazioni si confrontano con arredi, decorazioni e spazi aulici. Scultura, pittura, fotografia, installazione e performances si inseriscono nei percorsi museali delle residenze e, uscendo dal contesto abituale della galleria e del museo d\u2019arte contemporanea, assumono un nuovo e suggestivo significato.<br \/>\nIl parco e il castello di Racconigi accoglieranno le opere di Maura Banfo, Domenico Borrelli, Francesco Campanile, Jessica Carroll, Piergiorgio Colombara, Aron Demetz, Carlo D\u2019Oria, Raffaele Fiorella, Paolo Grassino, Monika Grycko, Mirsad Herad, Francesco Messina, Walter Moroder, Peter Simon M\u00fchlh\u00e4u\u00dfer Klaus Munch, Park Eon Youl, Alex Rane, Francesco Sena, Peter Senoner, Luisa Valentini, Bruno Walpoth. La mostra, a cura di Domenico M. Papa, \u00e8 realizzata dall\u2019Associazione Phanes, con il patrocinio della Regione Piemonte e il supporto di Fondazione CRT.<\/p>\n<p>La visita all&#8217;esposizione \u00e8 compresa nel biglietto d&#8217;ingresso al castello.<\/p>\n<p>Per informazioni: <a href=\"mailto:associazionephanes@gmail.com\" target=\"_blank\">associazionephanes@gmail.com<\/a><\/p>\n<p><a href=\"http:\/\/museipiemonte.cultura.gov.it\/wp-content\/uploads\/2015\/11\/hr.png\"><img loading=\"lazy\" decoding=\"async\" class=\"alignnone size-full wp-image-157\" src=\"http:\/\/museipiemonte.cultura.gov.it\/wp-content\/uploads\/2015\/11\/hr.png\" alt=\"hr1\" width=\"50\" height=\"50\"><\/a><\/p>\n<p>Infine<strong> domenica 22 ottobre<\/strong> \u00e8 ultimo giorno per visitare la mostra&nbsp;<em><strong>Gocce di colore e natura<\/strong><\/em> dedicata agli acquerelli naturalistici dell\u2019artista Dario Cornero realizzati dal vivo nel parco del castello.<\/p>\n<p>La visita all&#8217;esposizione \u00e8 compresa nel biglietto d&#8217;ingresso al castello.<\/p>\n<p>&nbsp;<\/p>\n<p><a href=\"http:\/\/museipiemonte.cultura.gov.it\/wp-content\/uploads\/2016\/08\/Serralunga.jpg\"><img loading=\"lazy\" decoding=\"async\" class=\"alignnone wp-image-1052 size-medium\" src=\"http:\/\/museipiemonte.cultura.gov.it\/wp-content\/uploads\/2016\/08\/Serralunga-300x43.jpg\" alt=\"Serralunga\" width=\"300\" height=\"43\" srcset=\"https:\/\/museipiemonte.cultura.gov.it\/wp-content\/uploads\/2016\/08\/Serralunga-300x43.jpg 300w, https:\/\/museipiemonte.cultura.gov.it\/wp-content\/uploads\/2016\/08\/Serralunga-230x33.jpg 230w, https:\/\/museipiemonte.cultura.gov.it\/wp-content\/uploads\/2016\/08\/Serralunga-350x50.jpg 350w, https:\/\/museipiemonte.cultura.gov.it\/wp-content\/uploads\/2016\/08\/Serralunga.jpg 700w\" sizes=\"auto, (max-width: 300px) 100vw, 300px\" \/><\/a><\/p>\n<p>Al <a href=\"http:\/\/museipiemonte.cultura.gov.it\/index.php\/musei-e-luoghi-della-cultura\/castello-di-serralunga\/\" target=\"_blank\"><strong>Castello di Serralunga<\/strong><\/a> va in scena la storia&nbsp;con i suoi antichi abitanti, le leggende e le tradizioni delle sue colline, tramandate dal Medioevo a oggi.<br \/>\nLa XVII edizione di <strong><em>Narrar castelli e vini<\/em><\/strong>&nbsp;fa tappa in Langa <strong>domenica 22 ottobre<\/strong>. Una visita narrata che riserva uno spazio speciale alle degustazioni di vini locali, un modo per rivivere i fasti del passato e brindare insieme davanti a un panorama mozzafiato sulle colline Unesco.<br \/>\nGuide d\u2019eccezione, per un giorno, saranno proprio gli antichi abitanti, impersonati da animatori e guide turistiche in costume, per narrare vicende storiche, leggende e curiosit\u00e0 legate ai castelli. In particolare a Serralunga, i visitatori incontreranno, oltre alla guida del castello, il signore feudale Pietrino Falletti, dell\u2019antica casata piemontese, intento a dare disposizioni sulle coltivazioni dei suoi possedimenti e sulle pene previste per chi danneggia il raccolto. Al termine del percorso narrato di visita, spazio alla degustazione di vini locali.<br \/>\nCosti: gratuito per bambini fino a 10 anni, 8 euro per gli adulti. Per i possessori Abbonamento Musei e Torino Piemonte Card 6 euro.<\/p>\n<p>Informazioni e prenotazioni: <a href=\"mailto:info@castellodiserralunga.it\" target=\"_blank\">info@castellodiserralunga.<wbr>it<\/a>, 0173 613358 &#8211; 0173 386697<\/p>\n<p>&nbsp;<\/p>\n<p>&nbsp;<\/p>\n<p>&nbsp;<\/p>\n<p>&nbsp;<\/p>\n","protected":false},"excerpt":{"rendered":"<p>Mostre e suggestive visite guidate vi aspettano nei nostri musei.<\/p>\n","protected":false},"author":1,"featured_media":837,"comment_status":"closed","ping_status":"closed","sticky":false,"template":"","format":"standard","meta":{"footnotes":""},"categories":[12,10,11,6],"tags":[52,35,50,36,21,41,53,25,54],"class_list":["post-2701","post","type-post","status-publish","format-standard","has-post-thumbnail","hentry","category-abbazia-di-vezzolano","category-castello-di-racconigi","category-castello-di-serralunga","category-villa-della-regina","tag-abbazia","tag-castello","tag-mostra","tag-musei","tag-news","tag-racconigi","tag-vezzolano","tag-villa-della-regina","tag-visita-guidata"],"_links":{"self":[{"href":"https:\/\/museipiemonte.cultura.gov.it\/index.php\/wp-json\/wp\/v2\/posts\/2701","targetHints":{"allow":["GET"]}}],"collection":[{"href":"https:\/\/museipiemonte.cultura.gov.it\/index.php\/wp-json\/wp\/v2\/posts"}],"about":[{"href":"https:\/\/museipiemonte.cultura.gov.it\/index.php\/wp-json\/wp\/v2\/types\/post"}],"author":[{"embeddable":true,"href":"https:\/\/museipiemonte.cultura.gov.it\/index.php\/wp-json\/wp\/v2\/users\/1"}],"replies":[{"embeddable":true,"href":"https:\/\/museipiemonte.cultura.gov.it\/index.php\/wp-json\/wp\/v2\/comments?post=2701"}],"version-history":[{"count":14,"href":"https:\/\/museipiemonte.cultura.gov.it\/index.php\/wp-json\/wp\/v2\/posts\/2701\/revisions"}],"predecessor-version":[{"id":2720,"href":"https:\/\/museipiemonte.cultura.gov.it\/index.php\/wp-json\/wp\/v2\/posts\/2701\/revisions\/2720"}],"wp:featuredmedia":[{"embeddable":true,"href":"https:\/\/museipiemonte.cultura.gov.it\/index.php\/wp-json\/wp\/v2\/media\/837"}],"wp:attachment":[{"href":"https:\/\/museipiemonte.cultura.gov.it\/index.php\/wp-json\/wp\/v2\/media?parent=2701"}],"wp:term":[{"taxonomy":"category","embeddable":true,"href":"https:\/\/museipiemonte.cultura.gov.it\/index.php\/wp-json\/wp\/v2\/categories?post=2701"},{"taxonomy":"post_tag","embeddable":true,"href":"https:\/\/museipiemonte.cultura.gov.it\/index.php\/wp-json\/wp\/v2\/tags?post=2701"}],"curies":[{"name":"wp","href":"https:\/\/api.w.org\/{rel}","templated":true}]}}