{"id":2706,"date":"2017-10-16T15:05:35","date_gmt":"2017-10-16T13:05:35","guid":{"rendered":"http:\/\/museipiemonte.cultura.gov.it\/?p=2706"},"modified":"2017-10-27T14:01:04","modified_gmt":"2017-10-27T12:01:04","slug":"tra-grottesco-e-fantastico-luniverso-dellimmaginario-esposizione-di-arte-contemporanea","status":"publish","type":"post","link":"https:\/\/museipiemonte.cultura.gov.it\/index.php\/2017\/10\/16\/tra-grottesco-e-fantastico-luniverso-dellimmaginario-esposizione-di-arte-contemporanea\/","title":{"rendered":"Tra Grottesco e Fantastico: l\u2019universo dell\u2019immaginario, esposizione di arte contemporanea."},"content":{"rendered":"<p>A cura di Valentina Barberis, direttore delle Abbazie di Vezzolano e Fruttuaria, e della dottoressa Elena Perosino viene proposta al pubblico la&nbsp;mostra <em><strong>Tra Grottesco e Fantastico: l\u2019universo dell\u2019immaginario.<\/strong><\/em><\/p>\n<p>La mostra \u00e8 organizzata in due sezioni ed unisce idealmente due luoghi della cultura affidati al Polo Museale, che costituiscono uno straordinario esempio di architettura romanica, il Complesso Canonicale di Vezzolano ad Albugnano e l\u2019Abbazia di Fruttuaria a San Benigno Canavese.<br \/>\nLa mostra vuole promuovere il dialogo tra antico e presente, proponendo un accostamento insolito ma suggestivo tra edifici medievali e creazioni di arte contemporanea, allo scopo di offrire al pubblico la duplice opportunit\u00e0 di apprezzare gli esiti pi\u00f9 attuali di un pensiero artistico che \u00e8 perfetta espressione del nostro tempo e le peculiarit\u00e0 di aree antiche di straordinario interesse.<br \/>\nLa scelta delle sedi ben si accorda con le tematiche della mostra, grottesco, fantastico, immaginario, che trovano piena rispondenza negli elementi decorativi tipici del romanico: animali ed esseri fantastici, come i grifoni ed i volatili nascosti tra gli elementi vegetali dei mosaici di Fruttuaria o il Centauro, le maschere ferine e le teste umane e animali mescolate a tralci vegetali e girali di Vezzolano, simboli del mondo pagano letti in chiave cristiana.<br \/>\nCiascuno degli artisti presenti in mostra ha dato maggiore rilievo all\u2019uno o all\u2019altro dei temi proposti, in accordo con la propria sensibilit\u00e0, scegliendo le tematiche che pi\u00f9 gli appartengono e specifiche modalit\u00e0 espressive.<\/p>\n<p>A <a href=\"http:\/\/museipiemonte.cultura.gov.it\/index.php\/musei-e-luoghi-della-cultura\/abbazia-di-vezzolano\/\" target=\"_blank\"><strong>Vezzolano<\/strong><\/a>, dove l\u2019esposizione inaugura<strong>&nbsp;sabato 21 ottobre<\/strong> alle 17.00 e sar\u00e0 visitabile fino al 19 novembre, espongono artisti della nostra regione ed artisti partenopei, in una sinergia di sicura efficacia comunicativa.&nbsp;In occasione dell&#8217;inaugurazione dalle 15.00 <strong>visite guidate<\/strong> all&#8217;Abbazia di Vezzolano a cura del Polo Museale e <strong>apertura straordinaria della sede fino alle 21.00<\/strong>.<br \/>\nSono presenti opere di Attilio Di Maio, Carlo D\u2019Oria, Alessandro Flaminio, Susanna Ghella ed Enzo Truppo.<\/p>\n<p>A <a href=\"http:\/\/museipiemonte.cultura.gov.it\/index.php\/musei-e-luoghi-della-cultura\/abbazia-di-fruttuaria\/\" target=\"_blank\"><strong>Fruttuaria<\/strong><\/a>&nbsp;l\u2019esposizione inaugura <strong>venerd\u00ec 27 ottobre<\/strong>&nbsp;alle 18.00 e sar\u00e0 aperta fino a domenica 26 novembre.<br \/>\nSaranno esposte opere di Andrea Berlinghieri, Massimo Bertoli, Giovanni Maria Cullati, Laura Lussiana e dei fotografi del Canon Club Italia.<\/p>\n<p>In collaborazione con l&#8217;Associazione Amici di Fruttuaria, il Comune di San Benigno Canavese e l&#8217;Associazione InCollina.<\/p>\n<p>&nbsp;<\/p>\n<p><a href=\"http:\/\/museipiemonte.cultura.gov.it\/wp-content\/uploads\/2017\/10\/locandina_grottesco_fantastico.jpg\" target=\"_blank\"><img loading=\"lazy\" decoding=\"async\" class=\"alignnone wp-image-2714\" src=\"http:\/\/museipiemonte.cultura.gov.it\/wp-content\/uploads\/2017\/10\/locandina_grottesco_fantastico-724x1024.jpg\" alt=\"locandina_grottesco_fantastico\" width=\"400\" height=\"566\" srcset=\"https:\/\/museipiemonte.cultura.gov.it\/wp-content\/uploads\/2017\/10\/locandina_grottesco_fantastico-724x1024.jpg 724w, https:\/\/museipiemonte.cultura.gov.it\/wp-content\/uploads\/2017\/10\/locandina_grottesco_fantastico-212x300.jpg 212w, https:\/\/museipiemonte.cultura.gov.it\/wp-content\/uploads\/2017\/10\/locandina_grottesco_fantastico-830x1174.jpg 830w, https:\/\/museipiemonte.cultura.gov.it\/wp-content\/uploads\/2017\/10\/locandina_grottesco_fantastico-230x325.jpg 230w, https:\/\/museipiemonte.cultura.gov.it\/wp-content\/uploads\/2017\/10\/locandina_grottesco_fantastico-350x495.jpg 350w, https:\/\/museipiemonte.cultura.gov.it\/wp-content\/uploads\/2017\/10\/locandina_grottesco_fantastico.jpg 1500w\" sizes=\"auto, (max-width: 400px) 100vw, 400px\" \/><\/a><\/p>\n<p>&nbsp;<\/p>\n","protected":false},"excerpt":{"rendered":"<p>Le abbazie di Vezzolano e Fruttuaria fanno da cornice ad una mostra d&#8217;arte contemporanea in insolito accostamento con l&#8217;architettura medievale.<\/p>\n","protected":false},"author":1,"featured_media":837,"comment_status":"closed","ping_status":"closed","sticky":false,"template":"","format":"standard","meta":{"footnotes":""},"categories":[64,12,4],"tags":[52,147,65,50,53],"class_list":["post-2706","post","type-post","status-publish","format-standard","has-post-thumbnail","hentry","category-abbazia-di-fruttuaria","category-abbazia-di-vezzolano","category-direzione-regionale-musei","tag-abbazia","tag-arte-contemporanea","tag-fruttuaria","tag-mostra","tag-vezzolano"],"_links":{"self":[{"href":"https:\/\/museipiemonte.cultura.gov.it\/index.php\/wp-json\/wp\/v2\/posts\/2706","targetHints":{"allow":["GET"]}}],"collection":[{"href":"https:\/\/museipiemonte.cultura.gov.it\/index.php\/wp-json\/wp\/v2\/posts"}],"about":[{"href":"https:\/\/museipiemonte.cultura.gov.it\/index.php\/wp-json\/wp\/v2\/types\/post"}],"author":[{"embeddable":true,"href":"https:\/\/museipiemonte.cultura.gov.it\/index.php\/wp-json\/wp\/v2\/users\/1"}],"replies":[{"embeddable":true,"href":"https:\/\/museipiemonte.cultura.gov.it\/index.php\/wp-json\/wp\/v2\/comments?post=2706"}],"version-history":[{"count":6,"href":"https:\/\/museipiemonte.cultura.gov.it\/index.php\/wp-json\/wp\/v2\/posts\/2706\/revisions"}],"predecessor-version":[{"id":2824,"href":"https:\/\/museipiemonte.cultura.gov.it\/index.php\/wp-json\/wp\/v2\/posts\/2706\/revisions\/2824"}],"wp:featuredmedia":[{"embeddable":true,"href":"https:\/\/museipiemonte.cultura.gov.it\/index.php\/wp-json\/wp\/v2\/media\/837"}],"wp:attachment":[{"href":"https:\/\/museipiemonte.cultura.gov.it\/index.php\/wp-json\/wp\/v2\/media?parent=2706"}],"wp:term":[{"taxonomy":"category","embeddable":true,"href":"https:\/\/museipiemonte.cultura.gov.it\/index.php\/wp-json\/wp\/v2\/categories?post=2706"},{"taxonomy":"post_tag","embeddable":true,"href":"https:\/\/museipiemonte.cultura.gov.it\/index.php\/wp-json\/wp\/v2\/tags?post=2706"}],"curies":[{"name":"wp","href":"https:\/\/api.w.org\/{rel}","templated":true}]}}