{"id":2907,"date":"2017-11-14T08:23:44","date_gmt":"2017-11-14T07:23:44","guid":{"rendered":"http:\/\/museipiemonte.cultura.gov.it\/?p=2907"},"modified":"2017-11-13T16:23:59","modified_gmt":"2017-11-13T15:23:59","slug":"eventi-della-settimana-dal-14-al-19-novembre-2017","status":"publish","type":"post","link":"https:\/\/museipiemonte.cultura.gov.it\/index.php\/2017\/11\/14\/eventi-della-settimana-dal-14-al-19-novembre-2017\/","title":{"rendered":"Eventi della settimana, dal 14 al 19 novembre 2017"},"content":{"rendered":"<p><a href=\"http:\/\/museipiemonte.cultura.gov.it\/wp-content\/uploads\/2017\/01\/moncalieri.jpg\"><img loading=\"lazy\" decoding=\"async\" class=\"alignnone size-medium wp-image-1455\" src=\"http:\/\/museipiemonte.cultura.gov.it\/wp-content\/uploads\/2017\/01\/moncalieri-300x43.jpg\" alt=\"moncalieri\" width=\"300\" height=\"43\" srcset=\"https:\/\/museipiemonte.cultura.gov.it\/wp-content\/uploads\/2017\/01\/moncalieri-300x43.jpg 300w, https:\/\/museipiemonte.cultura.gov.it\/wp-content\/uploads\/2017\/01\/moncalieri-230x33.jpg 230w, https:\/\/museipiemonte.cultura.gov.it\/wp-content\/uploads\/2017\/01\/moncalieri-350x50.jpg 350w, https:\/\/museipiemonte.cultura.gov.it\/wp-content\/uploads\/2017\/01\/moncalieri.jpg 700w\" sizes=\"auto, (max-width: 300px) 100vw, 300px\" \/><\/a><\/p>\n<p>E&#8217; stato riaperto alle visite il <strong><a href=\"http:\/\/museipiemonte.cultura.gov.it\/index.php\/musei-e-luoghi-della-cultura\/castello-di-moncalieri\/\" target=\"_blank\">Castello di Moncalieri<\/a><\/strong><\/p>\n<p>Modalit\u00e0 di <em><a href=\"http:\/\/museipiemonte.cultura.gov.it\/index.php\/musei-e-luoghi-della-cultura\/castello-di-moncalieri\/visita-il-castello-di-moncalieri\/\" target=\"_blank\">prenotazione<\/a><\/em><\/p>\n<p>&nbsp;<\/p>\n<p><a href=\"http:\/\/museipiemonte.cultura.gov.it\/wp-content\/uploads\/2016\/05\/Villa.jpg\"><img loading=\"lazy\" decoding=\"async\" class=\"alignnone size-medium wp-image-780\" src=\"http:\/\/museipiemonte.cultura.gov.it\/wp-content\/uploads\/2016\/05\/Villa-300x43.jpg\" alt=\"Villa\" width=\"300\" height=\"43\" srcset=\"https:\/\/museipiemonte.cultura.gov.it\/wp-content\/uploads\/2016\/05\/Villa-300x43.jpg 300w, https:\/\/museipiemonte.cultura.gov.it\/wp-content\/uploads\/2016\/05\/Villa-230x33.jpg 230w, https:\/\/museipiemonte.cultura.gov.it\/wp-content\/uploads\/2016\/05\/Villa-350x50.jpg 350w, https:\/\/museipiemonte.cultura.gov.it\/wp-content\/uploads\/2016\/05\/Villa.jpg 700w\" sizes=\"auto, (max-width: 300px) 100vw, 300px\" \/><\/a><\/p>\n<p>A <strong><a href=\"http:\/\/museipiemonte.cultura.gov.it\/index.php\/musei-e-luoghi-della-cultura\/villa-della-regina\/\" target=\"_blank\">Villa della Regina<\/a><\/strong><\/p>\n<p><strong>Sabato 18 novembre alle 14.30&nbsp;<\/strong>una&nbsp;suggestiva visita guidata dal titolo<em><strong> Dal principe alla regina.<\/strong><\/em><br \/>\n\u201cPoco distante dal Monte dei Cappuccini siede la Vigna della Regina. Una bella strada, ombrata da pioppi, vi conduce direttamente dal Po con dolce salita. L\u2019adornano orti e boschi a forma di anfiteatro con fontane e sontuosi ornamenti d\u2019architettura\u201d. Cos\u00ec veniva descritta Villa della Regina in una guida del 1840.<br \/>\nLa collina di Torino \u00e8 molto cambiata da allora, ma a Villa della Regina il tempo sembra essersi fermato: oggi, come allora, i visitatori potranno godere dei colori del bosco in autunno, degli ordinati filari del vigneto, dei giardini all\u2019italiana e dei suoi simboli legati alla mitologia classica. I visitatori saranno accompagnati all\u2019interno della Grotta del Re Selvaggio e del Padiglione dei Solinghi, angoli dei giardini normalmente chiusi al pubblico.<\/p>\n<p>In caso di condizioni meteo avverse la visita non avr\u00e0 luogo.<\/p>\n<p><a href=\"http:\/\/museipiemonte.cultura.gov.it\/wp-content\/uploads\/2015\/11\/hr.png\"><img loading=\"lazy\" decoding=\"async\" class=\"alignnone size-full wp-image-157\" src=\"http:\/\/museipiemonte.cultura.gov.it\/wp-content\/uploads\/2015\/11\/hr.png\" alt=\"hr1\" width=\"50\" height=\"50\"><\/a><\/p>\n<p><strong>Sabato 18 novembre e Domenica 19 novembre alle ore 16.00<\/strong><\/p>\n<p>Spettacolo di danza e performance teatrale dal titolo <em><strong>CorpoACorpo<br \/>\n<\/strong><\/em>Il tema \u00e8 il corpo poich\u00e9, in quanto strumento sensibile per eccellenza, richiama l&#8217;ironica e vorticosa \u201clotta\u201d dello scambio \u201ccorpo a corpo\u201d. La rassegna coinvolge performer e artisti riconosciuti come Andrea Zardi, Francesco Dalmasso, Ivan Bert, Gianni De Nitto, Valentina Gallo e Lapso Cirk.<\/p>\n<p><a href=\"http:\/\/museipiemonte.cultura.gov.it\/wp-content\/uploads\/2015\/11\/hr.png\"><img loading=\"lazy\" decoding=\"async\" class=\"alignnone size-full wp-image-157\" src=\"http:\/\/museipiemonte.cultura.gov.it\/wp-content\/uploads\/2015\/11\/hr.png\" alt=\"hr1\" width=\"50\" height=\"50\"><\/a><\/p>\n<p>Inoltre,<strong> fino a domenica 7 gennaio 2018,<\/strong> nel piano terreno \u00e8 visitabile la mostra <em><strong>Mira vitium natura<\/strong><\/em> in cui \u00e8 possibile ammirare una trentina di incisioni dei piemontesi Gianfranco Schialvino e Gianni Verna, fondatori dell\u2019Associazione Nuova Xilografia, che con i loro lavori intendono rivalutare l\u2019antica tecnica di stampa.<br \/>\nSi tratta di una raccolta di xilografie sul tema della vigna. Le viti nei loro filari, i pampini, i grappoli, gli acini, momenti delle diverse stagioni dell\u2019anno.<br \/>\nLa collaborazione col Polo museale del Piemonte assicura alla mostra una cornice eccezionale: a Villa della Regina si trova l\u2019unico esempio italiano di vigneto cittadino.<br \/>\nL\u2019<em>Associazione Amici di Villa della Regina<\/em> ha finanziato la pubblicazione del catalogo della mostra.<\/p>\n<p>&nbsp;<\/p>\n<p><a href=\"http:\/\/museipiemonte.cultura.gov.it\/wp-content\/uploads\/2016\/05\/Racconigi.jpg\"><img loading=\"lazy\" decoding=\"async\" class=\"alignnone size-medium wp-image-830\" src=\"http:\/\/museipiemonte.cultura.gov.it\/wp-content\/uploads\/2016\/05\/Racconigi-300x43.jpg\" alt=\"Racconigi\" width=\"300\" height=\"43\" srcset=\"https:\/\/museipiemonte.cultura.gov.it\/wp-content\/uploads\/2016\/05\/Racconigi-300x43.jpg 300w, https:\/\/museipiemonte.cultura.gov.it\/wp-content\/uploads\/2016\/05\/Racconigi-230x33.jpg 230w, https:\/\/museipiemonte.cultura.gov.it\/wp-content\/uploads\/2016\/05\/Racconigi-350x50.jpg 350w, https:\/\/museipiemonte.cultura.gov.it\/wp-content\/uploads\/2016\/05\/Racconigi.jpg 700w\" sizes=\"auto, (max-width: 300px) 100vw, 300px\" \/><\/a><\/p>\n<p>Al <strong><a href=\"http:\/\/museipiemonte.cultura.gov.it\/index.php\/musei-e-luoghi-della-cultura\/castello-di-racconigi\/\" target=\"_blank\">Castello di Racconigi <\/a>fino a domenica 19 novembre<\/strong> continuano:<\/p>\n<p><strong><em>\u201cI Savoia e il Portogallo. Una storia lunga una dinastia\u201d<\/em><\/strong>, esposizione a cura di Maura Aimar.<\/p>\n<p>In occasione del 170\u00b0 anniversario della nascita di Maria Pia di Savoia, Regina del Portogallo, la mostra ripercorre i molteplici rapporti con la Casa Portoghese nel corso della millenaria storia di Casa Savoia, dal matrimonio di Mafalda di Savoia e Alfonso Henrique nel 1146, fino all\u2019esilio di Umberto II all\u2019indomani del referendum che decreta la fine della monarchia in Italia. I lunghi rapporti tra i Savoia e il Portogallo saranno raccontati attraverso l\u2019esposizione di alcune opere simbolo del Castello di Racconigi, tra le quali lo splendido busto in marmo di Maria Pia di Santo Varni e il ritratto giovanile di Beatrice di Portogallo.<br \/>\nLa visita all\u2019esposizione \u00e8 resa possibile grazie alla gentile collaborazione con il <em>Centro Studi Principe Oddone<\/em> che effettuer\u00e0 gratuitamente le visite guidate il sabato e la domenica alle ore 15.30 e alle ore 17.00 e in settimana su prenotazione.<br \/>\nLa visita all\u2019esposizione \u00e8 compresa nel biglietto d\u2019ingresso al castello.<\/p>\n<p>Per informazioni e prenotazioni: <a href=\"mailto:presidenza_c.s.oddone@virgilio.it\" target=\"_blank\">presidenza_c.s.oddone@virgilio.it<\/a><\/p>\n<p><strong><em>ArtSite 2017 RESIDENZE REALI<\/em><\/strong>, mostra a cura di Domenico Papa, realizzata dall\u2019<em>Associazione Phanes.<\/em><\/p>\n<p>Mettendo in dialogo luoghi aulici e arte contemporanea, la mostra si sviluppa nelle residenze di Govone, Venaria Reale, Vinovo e Racconigi. In questi contesti di grande fascino, 120 opere di 45 artisti di diverse generazioni si confrontano con arredi, decorazioni e spazi aulici. Scultura, pittura, fotografia, installazione e performances si inseriscono nei percorsi museali delle residenze e, uscendo dal contesto abituale della galleria e del museo d\u2019arte contemporanea, assumono un nuovo e suggestivo significato.<br \/>\nIl parco e il castello di Racconigi accoglieranno le opere di Maura Banfo, Domenico Borrelli, Francesco Campanile, Jessica Carroll, Piergiorgio Colombara, Aron Demetz, Carlo D\u2019Oria, Raffaele Fiorella, Paolo Grassino, Monika Grycko, Mirsad Herad, Francesco Messina, Walter Moroder, Peter Simon M\u00fchlh\u00e4u\u00dfer Klaus Munch, Park Eon Youl, Alex Rane, Francesco Sena, Peter Senoner, Luisa Valentini, Bruno Walpoth. La mostra, a cura di Domenico M. Papa, \u00e8 realizzata dall\u2019Associazione Phanes, con il patrocinio della Regione Piemonte e il supporto di Fondazione CRT.<br \/>\nLa visita all\u2019esposizione \u00e8 compresa nel biglietto d\u2019ingresso al castello.<\/p>\n<p>Per informazioni: <a href=\"mailto:associazionephanes@gmail.com\" target=\"_blank\">associazionephanes@gmail.com<\/a><\/p>\n<p>&nbsp;<\/p>\n<p><a href=\"http:\/\/museipiemonte.cultura.gov.it\/wp-content\/uploads\/2016\/07\/Vezzolano.jpg\"><img loading=\"lazy\" decoding=\"async\" class=\"alignnone size-medium wp-image-980\" src=\"http:\/\/museipiemonte.cultura.gov.it\/wp-content\/uploads\/2016\/07\/Vezzolano-300x43.jpg\" alt=\"Vezzolano\" width=\"300\" height=\"43\" srcset=\"https:\/\/museipiemonte.cultura.gov.it\/wp-content\/uploads\/2016\/07\/Vezzolano-300x43.jpg 300w, https:\/\/museipiemonte.cultura.gov.it\/wp-content\/uploads\/2016\/07\/Vezzolano-230x33.jpg 230w, https:\/\/museipiemonte.cultura.gov.it\/wp-content\/uploads\/2016\/07\/Vezzolano-350x50.jpg 350w, https:\/\/museipiemonte.cultura.gov.it\/wp-content\/uploads\/2016\/07\/Vezzolano.jpg 700w\" sizes=\"auto, (max-width: 300px) 100vw, 300px\" \/><\/a><\/p>\n<p>All\u2019<strong><a href=\"http:\/\/museipiemonte.cultura.gov.it\/index.php\/musei-e-luoghi-della-cultura\/abbazia-di-vezzolano\/\" target=\"_blank\">Abbazia di Vezzolano<\/a> <\/strong>e all&#8217;<strong><a href=\"http:\/\/museipiemonte.cultura.gov.it\/index.php\/musei-e-luoghi-della-cultura\/abbazia-di-fruttuaria\/\" target=\"_blank\">Abbazia di Fruttuaria<\/a><\/strong> prosegue l&#8217;esposizione&nbsp; <strong><em><a href=\"http:\/\/museipiemonte.cultura.gov.it\/index.php\/2017\/10\/16\/tra-grottesco-e-fantastico-luniverso-dellimmaginario-esposizione-di-arte-contemporanea\/\" target=\"_blank\">Tra Grottesco e Fantastico: l\u2019universo dell\u2019immaginario<\/a>.<\/em><\/strong> Ultimo weekend per ammirare le opere esposte a Vezzolano, mentre a Fruttuaria la mostra chiuder\u00e0 i battenti domenica 26 novembre.<\/p>\n<p>Inoltre <strong>sabato 18 e domenica 19 novembre<\/strong> visite guidate gratuite all&#8217;<strong>Abbazia di Vezzolano<\/strong> senza prenotazione.<\/p>\n","protected":false},"excerpt":{"rendered":"<p>Visite guidate, performances di danza e mostre nelle nostre sedi.<\/p>\n","protected":false},"author":1,"featured_media":837,"comment_status":"closed","ping_status":"closed","sticky":false,"template":"","format":"standard","meta":{"footnotes":""},"categories":[12,9,10,6],"tags":[52,35,61,91,50,36,41,53,25,54],"class_list":["post-2907","post","type-post","status-publish","format-standard","has-post-thumbnail","hentry","category-abbazia-di-vezzolano","category-castello-di-moncalieri","category-castello-di-racconigi","category-villa-della-regina","tag-abbazia","tag-castello","tag-concerto","tag-moncalieri","tag-mostra","tag-musei","tag-racconigi","tag-vezzolano","tag-villa-della-regina","tag-visita-guidata"],"_links":{"self":[{"href":"https:\/\/museipiemonte.cultura.gov.it\/index.php\/wp-json\/wp\/v2\/posts\/2907","targetHints":{"allow":["GET"]}}],"collection":[{"href":"https:\/\/museipiemonte.cultura.gov.it\/index.php\/wp-json\/wp\/v2\/posts"}],"about":[{"href":"https:\/\/museipiemonte.cultura.gov.it\/index.php\/wp-json\/wp\/v2\/types\/post"}],"author":[{"embeddable":true,"href":"https:\/\/museipiemonte.cultura.gov.it\/index.php\/wp-json\/wp\/v2\/users\/1"}],"replies":[{"embeddable":true,"href":"https:\/\/museipiemonte.cultura.gov.it\/index.php\/wp-json\/wp\/v2\/comments?post=2907"}],"version-history":[{"count":5,"href":"https:\/\/museipiemonte.cultura.gov.it\/index.php\/wp-json\/wp\/v2\/posts\/2907\/revisions"}],"predecessor-version":[{"id":2920,"href":"https:\/\/museipiemonte.cultura.gov.it\/index.php\/wp-json\/wp\/v2\/posts\/2907\/revisions\/2920"}],"wp:featuredmedia":[{"embeddable":true,"href":"https:\/\/museipiemonte.cultura.gov.it\/index.php\/wp-json\/wp\/v2\/media\/837"}],"wp:attachment":[{"href":"https:\/\/museipiemonte.cultura.gov.it\/index.php\/wp-json\/wp\/v2\/media?parent=2907"}],"wp:term":[{"taxonomy":"category","embeddable":true,"href":"https:\/\/museipiemonte.cultura.gov.it\/index.php\/wp-json\/wp\/v2\/categories?post=2907"},{"taxonomy":"post_tag","embeddable":true,"href":"https:\/\/museipiemonte.cultura.gov.it\/index.php\/wp-json\/wp\/v2\/tags?post=2907"}],"curies":[{"name":"wp","href":"https:\/\/api.w.org\/{rel}","templated":true}]}}