{"id":2933,"date":"2017-11-21T15:13:54","date_gmt":"2017-11-21T14:13:54","guid":{"rendered":"http:\/\/museipiemonte.cultura.gov.it\/?p=2933"},"modified":"2017-11-22T09:05:43","modified_gmt":"2017-11-22T08:05:43","slug":"eventi-della-settimana-dal-22-al-26-novembre-2017","status":"publish","type":"post","link":"https:\/\/museipiemonte.cultura.gov.it\/index.php\/2017\/11\/21\/eventi-della-settimana-dal-22-al-26-novembre-2017\/","title":{"rendered":"Eventi della settimana, dal 22 al 26 novembre 2017"},"content":{"rendered":"<p>Questa settimana si apre con due importanti eventi:<\/p>\n<p><strong>Nel Salone d\u2019onore di <a href=\"http:\/\/museipiemonte.cultura.gov.it\/index.php\/musei-e-luoghi-della-cultura\/palazzo-carignano\/\" target=\"_blank\">Palazzo Carignano<\/a> gioved\u00ec 23 novembre 2017 alle ore 16.00 presentazione dei volumi<\/strong><\/p>\n<p><em>Alla scoperta del romanico astigiano,<\/em>&nbsp;di Franco Correggia (Edizioni del Capricorno)<\/p>\n<p><em>Sacri volti in antiche pievi<\/em>, di Monsignor Vittorio Croce (Edizioni Scrittura Pura)<\/p>\n<p>Con la moderazione di Valentina Barberis, direttore dell&#8217;Abbazia di Vezzolano, e dopo i saluti degli assessori regionali Antonella Parigi e Giorgio Ferrero, gli autori ed eminenti studiosi del romanico porteranno le loro preziose testimonianze di conoscenza.<br \/>\nL&#8217;ingresso \u00e8 libero fino a esaurimento posti.<\/p>\n<p>&nbsp;<\/p>\n<p><a href=\"http:\/\/museipiemonte.cultura.gov.it\/wp-content\/uploads\/2017\/11\/Presentazione-libri-romanico-23.11.17.jpg\"><img loading=\"lazy\" decoding=\"async\" class=\"alignnone wp-image-2938\" src=\"http:\/\/museipiemonte.cultura.gov.it\/wp-content\/uploads\/2017\/11\/Presentazione-libri-romanico-23.11.17.jpg\" alt=\"Presentazione libri romanico - 23.11.17\" width=\"600\" height=\"420\" srcset=\"https:\/\/museipiemonte.cultura.gov.it\/wp-content\/uploads\/2017\/11\/Presentazione-libri-romanico-23.11.17.jpg 1713w, https:\/\/museipiemonte.cultura.gov.it\/wp-content\/uploads\/2017\/11\/Presentazione-libri-romanico-23.11.17-300x210.jpg 300w, https:\/\/museipiemonte.cultura.gov.it\/wp-content\/uploads\/2017\/11\/Presentazione-libri-romanico-23.11.17-1024x717.jpg 1024w, https:\/\/museipiemonte.cultura.gov.it\/wp-content\/uploads\/2017\/11\/Presentazione-libri-romanico-23.11.17-830x581.jpg 830w, https:\/\/museipiemonte.cultura.gov.it\/wp-content\/uploads\/2017\/11\/Presentazione-libri-romanico-23.11.17-230x161.jpg 230w, https:\/\/museipiemonte.cultura.gov.it\/wp-content\/uploads\/2017\/11\/Presentazione-libri-romanico-23.11.17-350x245.jpg 350w\" sizes=\"auto, (max-width: 600px) 100vw, 600px\" \/><\/a><\/p>\n<p>&nbsp;<\/p>\n<p><strong>Sempre gioved\u00ec 23 novembre 2017 alle ore 17.00 presso l\u2019Enoteca Comunale di Gavi viene presentato il progetto<\/strong><br \/>\n<strong>GAVI: FORTE DI CULTURA, ARTE E STORIA<\/strong><\/p>\n<p>Nato da un\u2019idea del Polo Museale del Piemonte e della <em>Compagnia teatrale Teatro e Societ\u00e0<\/em>, con il sostegno della <a href=\"http:\/\/www.compagniadisanpaolo.it\/\" target=\"_blank\"><em>Compagnia di San Paolo<\/em><\/a>, nell\u2019ambito del bando<em> \u201cLuoghi della Cultura\u201d<\/em>, il progetto propone iniziative culturali indirizzate alla comunit\u00e0 locale, con un corso di aggiornamento per insegnanti, attivit\u00e0 di animazione teatrale nelle scuole e un laboratorio di narrazione dei beni culturali per operatori del turismo. A queste si aggiunge un calendario di visite guidate teatrali al Forte di Gavi e in alcuni Comuni limitrofi che proporranno veri e propri spettacoli itineranti rivolti al pubblico.<\/p>\n<p>&nbsp;<\/p>\n<p><a href=\"http:\/\/museipiemonte.cultura.gov.it\/wp-content\/uploads\/2017\/11\/20171123_Gavi-Forte_invito.jpg\"><img loading=\"lazy\" decoding=\"async\" class=\"alignnone size-full wp-image-2936\" src=\"http:\/\/museipiemonte.cultura.gov.it\/wp-content\/uploads\/2017\/11\/20171123_Gavi-Forte_invito.jpg\" alt=\"20171123_Gavi-Forte_invito\" width=\"594\" height=\"297\" srcset=\"https:\/\/museipiemonte.cultura.gov.it\/wp-content\/uploads\/2017\/11\/20171123_Gavi-Forte_invito.jpg 594w, https:\/\/museipiemonte.cultura.gov.it\/wp-content\/uploads\/2017\/11\/20171123_Gavi-Forte_invito-300x150.jpg 300w, https:\/\/museipiemonte.cultura.gov.it\/wp-content\/uploads\/2017\/11\/20171123_Gavi-Forte_invito-230x115.jpg 230w, https:\/\/museipiemonte.cultura.gov.it\/wp-content\/uploads\/2017\/11\/20171123_Gavi-Forte_invito-350x175.jpg 350w\" sizes=\"auto, (max-width: 594px) 100vw, 594px\" \/><\/a><\/p>\n<p>Fino a <strong>domenica 3 dicembre al <a href=\"http:\/\/museipiemonte.cultura.gov.it\/index.php\/musei-e-luoghi-della-cultura\/forte-di-gavi\/\" target=\"_blank\">Forte di Gavi<\/a>&nbsp;<\/strong>\u00e8 possibile visitare la mostra <a href=\"http:\/\/museipiemonte.cultura.gov.it\/index.php\/2017\/08\/10\/il-forte-in-armi-armi-bianche-italiane-dal-xv-al-xix-secolo-mostra-al-forte-di-gavi\/\" target=\"_blank\">Il Forte in armi<\/a><\/p>\n<p>Informazioni e prenotazioni: tel. 01430643554, e-mail <a href=\"mailto:pm-pie.gavi@beniculturali.it\" target=\"_blank\">pm-pie.gavi@beniculturali.it<\/a><\/p>\n<p><a href=\"http:\/\/museipiemonte.cultura.gov.it\/wp-content\/uploads\/2015\/11\/hr.png\"><img loading=\"lazy\" decoding=\"async\" class=\"alignnone size-full wp-image-157\" src=\"http:\/\/museipiemonte.cultura.gov.it\/wp-content\/uploads\/2015\/11\/hr.png\" alt=\"hr1\" width=\"50\" height=\"50\"><\/a><\/p>\n<p><a href=\"http:\/\/museipiemonte.cultura.gov.it\/wp-content\/uploads\/2016\/05\/Racconigi.jpg\"><img loading=\"lazy\" decoding=\"async\" class=\"alignnone size-medium wp-image-830\" src=\"http:\/\/museipiemonte.cultura.gov.it\/wp-content\/uploads\/2016\/05\/Racconigi-300x43.jpg\" alt=\"Racconigi\" width=\"300\" height=\"43\" srcset=\"https:\/\/museipiemonte.cultura.gov.it\/wp-content\/uploads\/2016\/05\/Racconigi-300x43.jpg 300w, https:\/\/museipiemonte.cultura.gov.it\/wp-content\/uploads\/2016\/05\/Racconigi-230x33.jpg 230w, https:\/\/museipiemonte.cultura.gov.it\/wp-content\/uploads\/2016\/05\/Racconigi-350x50.jpg 350w, https:\/\/museipiemonte.cultura.gov.it\/wp-content\/uploads\/2016\/05\/Racconigi.jpg 700w\" sizes=\"auto, (max-width: 300px) 100vw, 300px\" \/><\/a>&nbsp;<\/p>\n<p>Al&nbsp;<strong><a href=\"http:\/\/museipiemonte.cultura.gov.it\/index.php\/musei-e-luoghi-della-cultura\/castello-di-racconigi\/\" target=\"_blank\">Castello di Racconigi<\/a>, venerd\u00ec 24 novembre alle ore 21.00,<\/strong> ultimo appuntamento con <em>Riflessioni Resistenti<\/em>.<\/p>\n<p>Nella Sala Conferenze del Castello il professor Anselmo Palini presenter\u00e0 il proprio libro dal titolo <em>\u201cPi\u00f9 forti delle armi\u201d.<\/em><\/p>\n<p>Ingresso libero fino a esaurimento posti.<\/p>\n<p>&nbsp;<\/p>\n<p><a href=\"http:\/\/museipiemonte.cultura.gov.it\/wp-content\/uploads\/2017\/02\/Realisensi.jpg\" target=\"_blank\"><img loading=\"lazy\" decoding=\"async\" class=\"alignnone wp-image-1567\" src=\"http:\/\/museipiemonte.cultura.gov.it\/wp-content\/uploads\/2017\/02\/Realisensi.jpg\" alt=\"Realisensi\" width=\"500\" height=\"71\" srcset=\"https:\/\/museipiemonte.cultura.gov.it\/wp-content\/uploads\/2017\/02\/Realisensi.jpg 700w, https:\/\/museipiemonte.cultura.gov.it\/wp-content\/uploads\/2017\/02\/Realisensi-300x43.jpg 300w, https:\/\/museipiemonte.cultura.gov.it\/wp-content\/uploads\/2017\/02\/Realisensi-230x33.jpg 230w, https:\/\/museipiemonte.cultura.gov.it\/wp-content\/uploads\/2017\/02\/Realisensi-350x50.jpg 350w\" sizes=\"auto, (max-width: 500px) 100vw, 500px\" \/><\/a><\/p>\n<p>Inoltre questa settimana riprendono gli appuntamenti con <em><strong>Reali Sensi: il tatto<\/strong><\/em><\/p>\n<p>A <strong><a href=\"http:\/\/museipiemonte.cultura.gov.it\/index.php\/musei-e-luoghi-della-cultura\/palazzo-carignano\/\" target=\"_blank\">Palazzo Carignano<\/a>, sabato 25 novembre alle ore 12.00,<\/strong> visita guidata dal titolo<br \/>\n<strong><em>Sentire con le dita<\/em><\/strong>: attraverso la sperimentazione diretta i visitatori potranno allenare il loro senso del tatto e provare a riconoscere le qualit\u00e0 di diversi materiali che verranno nascosti alla vista e posizionati in contenitori che ne permettano per\u00f2 il tocco: non mancheranno le sorprese&#8230;Il pubblico sar\u00e0 poi invitato a valutare sensorialmente le differenze toccando gli elementi decorativi presenti in facciata, nell\u2019atrio e nello scalone di Palazzo Carignano.<\/p>\n<p>Informazioni e prenotazioni: tel. 0115641791, e-mail: <a href=\"mailto:pm-pie.palazzocarignano@beniculturali.it\" target=\"_blank\">pm-pie.palazzocarignano@beniculturali.it<\/a><\/p>\n<p><a href=\"http:\/\/museipiemonte.cultura.gov.it\/wp-content\/uploads\/2015\/11\/hr.png\"><img loading=\"lazy\" decoding=\"async\" class=\"alignnone size-full wp-image-157\" src=\"http:\/\/museipiemonte.cultura.gov.it\/wp-content\/uploads\/2015\/11\/hr.png\" alt=\"hr1\" width=\"50\" height=\"50\"><\/a>&nbsp;<br \/>\nAl <strong><a href=\"http:\/\/museipiemonte.cultura.gov.it\/index.php\/musei-e-luoghi-della-cultura\/castello-di-aglie\/\" target=\"_blank\">Castello di Agli\u00e9,<\/a> sabato 25 novembre alle ore 15.00,<\/strong> visita guidata dal titolo<br \/>\n<em><strong>Con\u2026tatto, dalla materia all&#8217;opera d&#8217;arte:<\/strong><\/em>&nbsp;argille, marmi, legni, pigmenti\u2026sar\u00e0 possibile toccare con mano i materiali che hanno dato vita alle decorazioni, alle strutture e alle opere d&#8217;arte del Castello. Gli educatori museali illustreranno ai visitatori i processi tecnici e creativi che trasformano i materiali grezzi in oggetti decorativi come le consolles, le statue e gli stucchi.<\/p>\n<p>Informazioni e prenotazioni: tel. 0124330102, e-mail:&nbsp;<a href=\"mailto:pm-pie.aglie@beniculturali.it\" target=\"_blank\">pm-pie.aglie@beniculturali.it<\/a><\/p>\n<p><a href=\"http:\/\/museipiemonte.cultura.gov.it\/wp-content\/uploads\/2015\/11\/hr.png\"><img loading=\"lazy\" decoding=\"async\" class=\"alignnone size-full wp-image-157\" src=\"http:\/\/museipiemonte.cultura.gov.it\/wp-content\/uploads\/2015\/11\/hr.png\" alt=\"hr1\" width=\"50\" height=\"50\"><\/a><br \/>\nA <strong><a href=\"http:\/\/museipiemonte.cultura.gov.it\/index.php\/musei-e-luoghi-della-cultura\/villa-della-regina\/\" target=\"_blank\">Villa della Regina<\/a>, sabato 25 novembre alle ore 11.00<\/strong>, visita guidata dal titolo<\/p>\n<p><em><strong>Dal tatto al con-tatto<\/strong><\/em>:&nbsp;si conclude sulla <em>&#8220;punta delle dita&#8221;<\/em>, questo viaggio meraviglioso attraverso i 5 sensi, 5 finestre d&#8217;accesso alla conoscenza e modi diversi di &#8220;sentire e percepire&#8221; i tesori di Villa della Regina. Lasciamoci tentare a &#8220;toccare e sfiorare&#8221; piccoli decori lignei, &#8220;mursi&#8221; di rivestimento, elementi lapidei ed altro ancora, per rievocare un passato ricco di storia e arte. Concluder\u00e0 il percorso un piccolo gioco dove si inviter\u00e0 ad indovinare alcuni oggetti, affinando il nostro senso. Non ci credi? Ebbene tocca con mano !!<\/p>\n<p>E ancora nella stessa giornata di <strong>sabato, alle ore 14.30,<\/strong> torna la visita guidata<em><strong> Dal Principe alla Regina.<\/strong><\/em><br \/>\n\u201cPoco distante dal Monte dei Cappuccini siede la Vigna della Regina. Una bella strada, ombrata da pioppi, vi conduce direttamente dal Po con dolce salita. L\u2019adornano orti e boschi a forma di anfiteatro con fontane e sontuosi ornamenti d\u2019architettura\u201d. Cos\u00ec veniva descritta Villa della Regina in una guida del 1840.<br \/>\nLa collina di Torino \u00e8 molto cambiata da allora, ma a Villa della Regina il tempo sembra essersi fermato: oggi, come allora, i visitatori potranno godere dei colori del bosco in autunno, degli ordinati filari del vigneto, dei giardini all\u2019italiana e dei suoi simboli legati alla mitologia classica. I visitatori saranno accompagnati all\u2019interno della Grotta del Re Selvaggio e del Padiglione dei Solinghi, angoli dei giardini normalmente chiusi al pubblico.<br \/>\nIn caso di condizioni meteo avverse la visita non avr\u00e0 luogo.<\/p>\n<p>Informazioni e prenotazioni: tel. 0118194484, e-mail <a href=\"mailto:pm-pie.villadellaregina@beniculturali.it\" target=\"_blank\">pm-pie.villadellaregina@beniculturali.it<\/a><\/p>\n<p>&nbsp;<\/p>\n<p><a href=\"http:\/\/museipiemonte.cultura.gov.it\/wp-content\/uploads\/2017\/01\/fruttuaria.jpg\"><img loading=\"lazy\" decoding=\"async\" class=\"alignnone size-medium wp-image-1456\" src=\"http:\/\/museipiemonte.cultura.gov.it\/wp-content\/uploads\/2017\/01\/fruttuaria-300x43.jpg\" alt=\"fruttuaria\" width=\"300\" height=\"43\" srcset=\"https:\/\/museipiemonte.cultura.gov.it\/wp-content\/uploads\/2017\/01\/fruttuaria-300x43.jpg 300w, https:\/\/museipiemonte.cultura.gov.it\/wp-content\/uploads\/2017\/01\/fruttuaria-230x33.jpg 230w, https:\/\/museipiemonte.cultura.gov.it\/wp-content\/uploads\/2017\/01\/fruttuaria-350x50.jpg 350w, https:\/\/museipiemonte.cultura.gov.it\/wp-content\/uploads\/2017\/01\/fruttuaria.jpg 700w\" sizes=\"auto, (max-width: 300px) 100vw, 300px\" \/><\/a><\/p>\n<p>All\u2019<strong><a href=\"http:\/\/museipiemonte.cultura.gov.it\/index.php\/musei-e-luoghi-della-cultura\/abbazia-di-fruttuaria\/\" target=\"_blank\">Abbazia di Fruttuaria<\/a>&nbsp;fino a domenica 26 novembre<\/strong> \u00e8 ancora possibile visitare la mostra&nbsp;<\/p>\n<p><em><strong><a href=\"http:\/\/museipiemonte.cultura.gov.it\/index.php\/2017\/10\/16\/tra-grottesco-e-fantastico-luniverso-dellimmaginario-esposizione-di-arte-contemporanea\/\" target=\"_blank\">Tra grottesco e fantastico<\/a><\/strong><\/em><\/p>\n","protected":false},"excerpt":{"rendered":"<p>Due importanti conferenze e visite guidate sul senso del tatto per l&#8217;ultimo appuntamento con Reali Sensi.<\/p>\n","protected":false},"author":1,"featured_media":837,"comment_status":"closed","ping_status":"closed","sticky":false,"template":"","format":"standard","meta":{"footnotes":""},"categories":[64,12,7,10,8,5,6],"tags":[52,58,35,51,65,50,21,62,41,109,33,25,54],"class_list":["post-2933","post","type-post","status-publish","format-standard","has-post-thumbnail","hentry","category-abbazia-di-fruttuaria","category-abbazia-di-vezzolano","category-castello-di-aglie","category-castello-di-racconigi","category-forte-di-gavi","category-palazzo-carignano","category-villa-della-regina","tag-abbazia","tag-aglie","tag-castello","tag-conferenza","tag-fruttuaria","tag-mostra","tag-news","tag-palazzo-carignano","tag-racconigi","tag-reali-sensi","tag-valorizzazione","tag-villa-della-regina","tag-visita-guidata"],"_links":{"self":[{"href":"https:\/\/museipiemonte.cultura.gov.it\/index.php\/wp-json\/wp\/v2\/posts\/2933","targetHints":{"allow":["GET"]}}],"collection":[{"href":"https:\/\/museipiemonte.cultura.gov.it\/index.php\/wp-json\/wp\/v2\/posts"}],"about":[{"href":"https:\/\/museipiemonte.cultura.gov.it\/index.php\/wp-json\/wp\/v2\/types\/post"}],"author":[{"embeddable":true,"href":"https:\/\/museipiemonte.cultura.gov.it\/index.php\/wp-json\/wp\/v2\/users\/1"}],"replies":[{"embeddable":true,"href":"https:\/\/museipiemonte.cultura.gov.it\/index.php\/wp-json\/wp\/v2\/comments?post=2933"}],"version-history":[{"count":11,"href":"https:\/\/museipiemonte.cultura.gov.it\/index.php\/wp-json\/wp\/v2\/posts\/2933\/revisions"}],"predecessor-version":[{"id":2948,"href":"https:\/\/museipiemonte.cultura.gov.it\/index.php\/wp-json\/wp\/v2\/posts\/2933\/revisions\/2948"}],"wp:featuredmedia":[{"embeddable":true,"href":"https:\/\/museipiemonte.cultura.gov.it\/index.php\/wp-json\/wp\/v2\/media\/837"}],"wp:attachment":[{"href":"https:\/\/museipiemonte.cultura.gov.it\/index.php\/wp-json\/wp\/v2\/media?parent=2933"}],"wp:term":[{"taxonomy":"category","embeddable":true,"href":"https:\/\/museipiemonte.cultura.gov.it\/index.php\/wp-json\/wp\/v2\/categories?post=2933"},{"taxonomy":"post_tag","embeddable":true,"href":"https:\/\/museipiemonte.cultura.gov.it\/index.php\/wp-json\/wp\/v2\/tags?post=2933"}],"curies":[{"name":"wp","href":"https:\/\/api.w.org\/{rel}","templated":true}]}}