{"id":3710,"date":"2018-06-04T10:22:28","date_gmt":"2018-06-04T08:22:28","guid":{"rendered":"http:\/\/museipiemonte.cultura.gov.it\/?p=3710"},"modified":"2018-06-05T16:50:42","modified_gmt":"2018-06-05T14:50:42","slug":"eventi-della-settimana-dal-6-al-10-giugno-2018","status":"publish","type":"post","link":"https:\/\/museipiemonte.cultura.gov.it\/index.php\/2018\/06\/04\/eventi-della-settimana-dal-6-al-10-giugno-2018\/","title":{"rendered":"Eventi della settimana, dal 6 al 10 giugno 2018"},"content":{"rendered":"<p>Nelle sedi del&nbsp; Polo Museale inizia una settimana all&#8217;insegna dei <em><strong>Reali Sensi<\/strong><\/em> e dei <em><strong>Palchi Reali,&nbsp;<\/strong><\/em>attivit\u00e0 realizzate grazie alla collaborazione con <a href=\"https:\/\/www.turismotorino.org\/it\" target=\"_blank\"><em>Turismo Torino e Provincia<\/em><\/a> e <a href=\"http:\/\/www.fondazionetrg.it\/\" target=\"_blank\"><em>Fondazione Teatro Ragazzi e Giovani<\/em><\/a>, Regione Piemonte e Comune di Torino.<\/p>\n<p>&nbsp;<\/p>\n<p><a href=\"http:\/\/museipiemonte.cultura.gov.it\/wp-content\/uploads\/2016\/05\/Villa.jpg\"><img loading=\"lazy\" decoding=\"async\" class=\"alignnone size-medium wp-image-780\" src=\"http:\/\/museipiemonte.cultura.gov.it\/wp-content\/uploads\/2016\/05\/Villa-300x43.jpg\" alt=\"Villa\" width=\"300\" height=\"43\" srcset=\"https:\/\/museipiemonte.cultura.gov.it\/wp-content\/uploads\/2016\/05\/Villa-300x43.jpg 300w, https:\/\/museipiemonte.cultura.gov.it\/wp-content\/uploads\/2016\/05\/Villa-230x33.jpg 230w, https:\/\/museipiemonte.cultura.gov.it\/wp-content\/uploads\/2016\/05\/Villa-350x50.jpg 350w, https:\/\/museipiemonte.cultura.gov.it\/wp-content\/uploads\/2016\/05\/Villa.jpg 700w\" sizes=\"auto, (max-width: 300px) 100vw, 300px\" \/><\/a><\/p>\n<p>A <a href=\"http:\/\/museipiemonte.cultura.gov.it\/index.php\/musei-e-luoghi-della-cultura\/villa-della-regina\/\" target=\"_blank\"><strong>Villa della Regina<\/strong><\/a> <strong>sabato 9 giugno alle ore 10.00<\/strong> per il senso dell&#8217;<em>&nbsp;<strong>udito<\/strong><\/em> visita tematica dal titolo <strong><em>L&#8217;Arte dell&#8217;udito.<\/em><\/strong><\/p>\n<p>Un&#8217;avventura tra i viali dei giardini, rievocando suoni di un passato a tratti ancora presente come il soave mormorio dell&#8217;acqua delle fontane, elemento di fascino e spettacolo. Un tripudio di suoni da scoprire e rievocare ascoltando, in questo luogo di d<em>elitiae<\/em> sei-settecentesco, l&#8217;incontro tra natura e arte.<\/p>\n<p><strong>Per informazioni e prenotazioni:<\/strong>&nbsp;tel. 011 8194484, e-mail&nbsp;<a href=\"http:\/\/pm-pie.villadellaregina@beniculturali.it\/\" target=\"_blank\">pm-pie.villadellaregina@beniculturali.it<\/a><\/p>\n<p>&nbsp;<\/p>\n<p><a href=\"http:\/\/museipiemonte.cultura.gov.it\/wp-content\/uploads\/2016\/05\/Aglie.jpg\"><img loading=\"lazy\" decoding=\"async\" class=\"alignnone size-medium wp-image-828\" src=\"http:\/\/museipiemonte.cultura.gov.it\/wp-content\/uploads\/2016\/05\/Aglie-300x43.jpg\" alt=\"Aglie\" width=\"300\" height=\"43\" srcset=\"https:\/\/museipiemonte.cultura.gov.it\/wp-content\/uploads\/2016\/05\/Aglie-300x43.jpg 300w, https:\/\/museipiemonte.cultura.gov.it\/wp-content\/uploads\/2016\/05\/Aglie-230x33.jpg 230w, https:\/\/museipiemonte.cultura.gov.it\/wp-content\/uploads\/2016\/05\/Aglie-350x50.jpg 350w, https:\/\/museipiemonte.cultura.gov.it\/wp-content\/uploads\/2016\/05\/Aglie.jpg 700w\" sizes=\"auto, (max-width: 300px) 100vw, 300px\" \/><\/a><\/p>\n<p>Al <strong><a href=\"http:\/\/museipiemonte.cultura.gov.it\/index.php\/musei-e-luoghi-della-cultura\/castello-di-aglie\/\" target=\"_blank\">Castello di Agli\u00e9<\/a>&nbsp;sabato 9 giugno un pomeriggio con due interessanti proposte:<\/strong><\/p>\n<p><strong>Alle 15.00:<\/strong>&nbsp; visita guidata&nbsp;<em><strong>Il pranzo \u00e8 servito (o quasi)!<\/strong><\/em><\/p>\n<p>Nell&#8217;ambito di Reali Sensi viene&nbsp; offerto un interessante percorso per il senso del&nbsp;<em><strong>gusto<\/strong><\/em> che incuriosir\u00e0 il visitatore proponendo alcuni menu di Casa Savoia. Si parler\u00e0 di <em>mise en place<\/em>, ammirando i servizi di piatti conservati nelle vetrine del Castello e di conservazione, preparazione e cottura delle pietanze durante la visita alle cucine reali.<\/p>\n<p><a href=\"http:\/\/museipiemonte.cultura.gov.it\/wp-content\/uploads\/2015\/11\/hr.png\"><img loading=\"lazy\" decoding=\"async\" class=\"alignnone size-full wp-image-157\" src=\"http:\/\/museipiemonte.cultura.gov.it\/wp-content\/uploads\/2015\/11\/hr.png\" alt=\"hr1\" width=\"50\" height=\"50\"><\/a><\/p>\n<p><strong>Alle 15.30:<\/strong>&nbsp; laboratorio didattico <em><strong>Giochiamo con il mosaico<\/strong><\/em><\/p>\n<p>L\u2019attivit\u00e0, rivolta ai bambini della fascia di et\u00e0 compresa tra i 5 e gli 11 anni, verr\u00e0 articolata in due fasi: la prima prevede una breve visita tematica interattiva basata prevalentemente sui reperti archeologici provenienti da Tuscolo e dislocati lungo il percorso di visita del Primo Piano Nobile della residenza; la seconda \u00e8 un\u2019attivit\u00e0 creativa durante la quale i bambini potranno riprodurre di mano propria le decorazioni a mosaico che adornavano i pavimenti delle ricche ville romane nell\u2019antichit\u00e0. I lavori realizzati potranno essere portati a casa a testimonianza dell&#8217;esperienza didattica.<\/p>\n<p>Informazioni e prenotazioni: tel. 0124330102; e-mail&nbsp;<a href=\"mailto:pm-pie.aglie@beniculturali.it\" target=\"_blank\">pm-pie.aglie@beniculturali.it<\/a><\/p>\n<p><a href=\"http:\/\/museipiemonte.cultura.gov.it\/wp-content\/uploads\/2018\/06\/locandina_mos.jpg\"><img loading=\"lazy\" decoding=\"async\" class=\"alignnone wp-image-3718\" src=\"http:\/\/museipiemonte.cultura.gov.it\/wp-content\/uploads\/2018\/06\/locandina_mos-300x225.jpg\" alt=\"locandina_mos\" width=\"500\" height=\"375\" srcset=\"https:\/\/museipiemonte.cultura.gov.it\/wp-content\/uploads\/2018\/06\/locandina_mos-300x225.jpg 300w, https:\/\/museipiemonte.cultura.gov.it\/wp-content\/uploads\/2018\/06\/locandina_mos-230x173.jpg 230w, https:\/\/museipiemonte.cultura.gov.it\/wp-content\/uploads\/2018\/06\/locandina_mos-350x263.jpg 350w, https:\/\/museipiemonte.cultura.gov.it\/wp-content\/uploads\/2018\/06\/locandina_mos.jpg 720w\" sizes=\"auto, (max-width: 500px) 100vw, 500px\" \/><\/a><\/p>\n<p>&nbsp;<\/p>\n<p><a href=\"http:\/\/museipiemonte.cultura.gov.it\/wp-content\/uploads\/2016\/05\/Racconigi.jpg\"><img loading=\"lazy\" decoding=\"async\" class=\"alignnone size-medium wp-image-830\" src=\"http:\/\/museipiemonte.cultura.gov.it\/wp-content\/uploads\/2016\/05\/Racconigi-300x43.jpg\" alt=\"Racconigi\" width=\"300\" height=\"43\" srcset=\"https:\/\/museipiemonte.cultura.gov.it\/wp-content\/uploads\/2016\/05\/Racconigi-300x43.jpg 300w, https:\/\/museipiemonte.cultura.gov.it\/wp-content\/uploads\/2016\/05\/Racconigi-230x33.jpg 230w, https:\/\/museipiemonte.cultura.gov.it\/wp-content\/uploads\/2016\/05\/Racconigi-350x50.jpg 350w, https:\/\/museipiemonte.cultura.gov.it\/wp-content\/uploads\/2016\/05\/Racconigi.jpg 700w\" sizes=\"auto, (max-width: 300px) 100vw, 300px\" \/><\/a><\/p>\n<p>Al <strong><a href=\"http:\/\/museipiemonte.cultura.gov.it\/index.php\/musei-e-luoghi-della-cultura\/castello-di-racconigi\/\" target=\"_blank\">Castello di Racconigi<\/a> mercoled\u00ec 6 giugno alle 16.00<\/strong><\/p>\n<p>Visita guidata, dal titolo&nbsp;<strong><em>\u201cInterior design al Castello di Racconigi \u2013 Il mobile tra arte e storia\u201d<\/em><\/strong>, organizzata in occasione della mostra&nbsp;<em>Genio e maestria. Mobili ed ebanisti alla corte sabauda tra Settecento e Ottocento<\/em>&nbsp;in corso presso la Reggia di Venaria.<\/p>\n<p>La visita si snoder\u00e0 tra i due piani nobili della residenza e attraverser\u00e0 alcuni ambienti progettati da Pelagio Palagi per il re Carlo Alberto di Savoia-Carignano tra gli anni trenta e quaranta dell\u2019Ottocento, ai quali lavorarono ebanisti del calibro di Gabriele Capello ed Henry Thomas Peters. La presentazione di alcuni emblematici manufatti lignei esistenti nelle sale costituir\u00e0 il punto di partenza per un avvincente racconto sulla storia del mobile in Piemonte, tra maestri intagliatori, tecniche di mestiere e orientamenti di gusto.<\/p>\n<p>La visita sar\u00e0 replicata&nbsp;ancora il 20 giugno e il 4 luglio 2018.<\/p>\n<p>L\u2019attivit\u00e0 \u00e8 gratuita previo pagamento del biglietto di ingresso del Castello.<br \/>\nPrenotazioni: tel. 0172 84595 (dal marted\u00ec al gioved\u00ec dalle 9.00 alle 12.30), e-mail:&nbsp;<a href=\"mailto:racconigi.prenotazioni@beniculturali.it\" target=\"_blank\">racconigi.prenotazioni@beniculturali.it<\/a><\/p>\n<p>Informazioni: tel. 0172 84005 in orario di apertura del museo.<\/p>\n<p><a href=\"http:\/\/museipiemonte.cultura.gov.it\/wp-content\/uploads\/2015\/11\/hr.png\"><img loading=\"lazy\" decoding=\"async\" class=\"alignnone size-full wp-image-157\" src=\"http:\/\/museipiemonte.cultura.gov.it\/wp-content\/uploads\/2015\/11\/hr.png\" alt=\"hr1\" width=\"50\" height=\"50\"><\/a><\/p>\n<p>La mostra&nbsp;<em><strong>\u201cSovrane Eleganze. Le Residenze Sabaude tra arte e moda\u201d,&nbsp;<\/strong><\/em>organizzata dall\u2019<em>Associazione Le Terre dei Savoia<\/em>&nbsp;in collaborazione con il Castello di Racconigi, \u00e8 stata prorogata <strong>fino al 29 luglio 2018<\/strong>.<\/p>\n<p>Il percorso permetter\u00e0 ai visitatori di vedere la decorazione di alcune sale del Castello di Racconigi in rapporto con le altre dimore di casa Savoia e di godere della visita dell\u2019Appartamento di Ponente e di parte dell\u2019Appartamento di Mezzogiorno da tempo chiusi al pubblico.<\/p>\n<p>Protagoniste della mostra sono le figure femminili di Casa Savoia. L\u2019esposizione prevede due itinerari: nel primo vengono celebrate alcune personalit\u00e0 chiave della dinastia sabauda come icone di stile ed eleganza; nel secondo vengono messi in luce i legami e le assonanze del Castello di Racconigi con le altre Residenze Sabaude tramite le similitudini di alcuni ambienti, ad esempio la presenza delle sale cinesi sia nel Castello sia a Villa della Regina.<br \/>\nAttraverso storia, architettura, arte e moda si pone l\u2019attenzione sul ruolo delle donne di casa Savoia, sulla loro determinazione politica, il loro mecenatismo culturale e artistico, il loro essere reggenti, madri e mogli. La rassegna si dipana in alcuni ambienti significativi della Residenza di Racconigi e \u2013 grazie alle testimonianze provenienti dalla Sartoria Tirelli \u2013 associa ai ritratti della collezione del Castello, abiti, gioielli e acconciature dell\u2019epoca.<\/p>\n<p>La mostra \u00e8 organizzata in collaborazione con l\u2019<em>Associazione Terre dei Savoia<\/em>&nbsp;e con il contributo del programma&nbsp;<em>InterregALCOTRA<\/em>.<\/p>\n<p><strong>Prenotazione obbligatoria.<\/strong><br \/>\nPer informazioni e prenotazioni visite guidate contattare&nbsp;<em>Associazione Terre dei Savoia<\/em>&nbsp;presso Castello di Racconigi (da marted\u00ec a venerd\u00ec: tel. 0172 86472 \/sabato e domenica: tel. 0172 813798 \u2013&nbsp;<a href=\"mailto:info@leterredeisavoia.it\" target=\"_blank\">info@leterredeisavoia.it<\/a>)<\/p>\n<p><a href=\"http:\/\/museipiemonte.cultura.gov.it\/wp-content\/uploads\/2015\/11\/hr.png\"><img loading=\"lazy\" decoding=\"async\" class=\"alignnone size-full wp-image-157\" src=\"http:\/\/museipiemonte.cultura.gov.it\/wp-content\/uploads\/2015\/11\/hr.png\" alt=\"hr1\" width=\"50\" height=\"50\"><\/a><\/p>\n<p>Ma soprattutto <strong>domenica 10 giugno alle 17.00<\/strong> inizia, nel parco del Castello di Racconigi, la stagione di eventi di <em><strong><a href=\"http:\/\/museipiemonte.cultura.gov.it\/index.php\/2018\/06\/04\/cera-una-volta-nel-giardino-del-re-castello-di-racconigi-dal-10-giugno-2018\/\" target=\"_blank\">Palchi Reali 2018<\/a><\/strong><\/em><\/p>\n<p>&nbsp;<\/p>\n<p><a href=\"http:\/\/museipiemonte.cultura.gov.it\/wp-content\/uploads\/2018\/06\/ceraunavoltanelgiardinodelre2018.jpg\" target=\"_blank\"><img loading=\"lazy\" decoding=\"async\" class=\"alignnone wp-image-3701\" src=\"http:\/\/museipiemonte.cultura.gov.it\/wp-content\/uploads\/2018\/06\/ceraunavoltanelgiardinodelre2018-740x1024.jpg\" alt=\"ceraunavoltanelgiardinodelre2018\" width=\"400\" height=\"553\" srcset=\"https:\/\/museipiemonte.cultura.gov.it\/wp-content\/uploads\/2018\/06\/ceraunavoltanelgiardinodelre2018-740x1024.jpg 740w, https:\/\/museipiemonte.cultura.gov.it\/wp-content\/uploads\/2018\/06\/ceraunavoltanelgiardinodelre2018-217x300.jpg 217w, https:\/\/museipiemonte.cultura.gov.it\/wp-content\/uploads\/2018\/06\/ceraunavoltanelgiardinodelre2018-830x1148.jpg 830w, https:\/\/museipiemonte.cultura.gov.it\/wp-content\/uploads\/2018\/06\/ceraunavoltanelgiardinodelre2018-230x318.jpg 230w, https:\/\/museipiemonte.cultura.gov.it\/wp-content\/uploads\/2018\/06\/ceraunavoltanelgiardinodelre2018-350x484.jpg 350w, https:\/\/museipiemonte.cultura.gov.it\/wp-content\/uploads\/2018\/06\/ceraunavoltanelgiardinodelre2018.jpg 1190w\" sizes=\"auto, (max-width: 400px) 100vw, 400px\" \/><\/a><\/p>\n<p>&nbsp;<\/p>\n<p><a href=\"http:\/\/museipiemonte.cultura.gov.it\/wp-content\/uploads\/2016\/08\/Serralunga.jpg\"><img loading=\"lazy\" decoding=\"async\" class=\"alignnone size-medium wp-image-1052\" src=\"http:\/\/museipiemonte.cultura.gov.it\/wp-content\/uploads\/2016\/08\/Serralunga-300x43.jpg\" alt=\"Serralunga\" width=\"300\" height=\"43\" srcset=\"https:\/\/museipiemonte.cultura.gov.it\/wp-content\/uploads\/2016\/08\/Serralunga-300x43.jpg 300w, https:\/\/museipiemonte.cultura.gov.it\/wp-content\/uploads\/2016\/08\/Serralunga-230x33.jpg 230w, https:\/\/museipiemonte.cultura.gov.it\/wp-content\/uploads\/2016\/08\/Serralunga-350x50.jpg 350w, https:\/\/museipiemonte.cultura.gov.it\/wp-content\/uploads\/2016\/08\/Serralunga.jpg 700w\" sizes=\"auto, (max-width: 300px) 100vw, 300px\" \/><\/a><\/p>\n<p>A Serralunga d&#8217;Alba (CN) <strong>sabato 9 e domenica 10 giugno<\/strong> una grande festa dedicata al vino in Langa, con momenti di approfondimento per i pi\u00f9 esperti e appassionati winelovers.<\/p>\n<p>Sabato 9 giugno il <a href=\"http:\/\/museipiemonte.cultura.gov.it\/index.php\/musei-e-luoghi-della-cultura\/castello-di-serralunga\/\" target=\"_blank\"><strong>Castello di Serralunga<\/strong><\/a> rester\u00e0 aperto fino alle 22.30. Le visite con accompagnamento guidato (a pagamento) saranno organizzate dalle 19.30, con ultima partenza alle 21.45 e turni ogni circa 30 minuti per gruppi di massimo 25 persone.<br \/>\nLa due giorni \u00e8 promossa dal Comune di Serralunga, la Pro loco, le cantine e i ristoranti del borgo, un festival nel centro storico con musica, streetfood, stand con prodotti tipici e una degustazione itinerante<span class=\"text_exposed_show\">.<br \/>\nSabato 9 giugno alle 17.00, nel locale cantinone del castello incontro con la masterclass condotta da Alessandro Masnaghetti, editore di Enogea, tra i massimi esperti e cartografo delle viti, che presenta <em>Le grandi vigne e i vini di Serralunga d\u2019Alba<\/em>.<\/span><\/p>\n<p>Info e prenotazioni: tel. 0173.613358 \u2013 <a href=\"mailto:info@castellodiserralunga.it\" target=\"_blank\">info@castellodiserralunga.it<\/a><\/p>\n","protected":false},"excerpt":{"rendered":"<p>Questa settimana tornano nelle nostre Residenze i Reali Sensi ed inizia il calendario dei Palchi Reali 2018, oltre alla notte del vino a Serralunga d&#8217;Alba!<\/p>\n","protected":false},"author":1,"featured_media":837,"comment_status":"closed","ping_status":"closed","sticky":false,"template":"","format":"standard","meta":{"footnotes":""},"categories":[7,10,11,4,6],"tags":[58,35,26,50,36,164,40,19,41,109,33,25,54],"class_list":["post-3710","post","type-post","status-publish","format-standard","has-post-thumbnail","hentry","category-castello-di-aglie","category-castello-di-racconigi","category-castello-di-serralunga","category-direzione-regionale-musei","category-villa-della-regina","tag-aglie","tag-castello","tag-laboratorio-didattico","tag-mostra","tag-musei","tag-palchi-reali","tag-parco","tag-polo-museale","tag-racconigi","tag-reali-sensi","tag-valorizzazione","tag-villa-della-regina","tag-visita-guidata"],"_links":{"self":[{"href":"https:\/\/museipiemonte.cultura.gov.it\/index.php\/wp-json\/wp\/v2\/posts\/3710","targetHints":{"allow":["GET"]}}],"collection":[{"href":"https:\/\/museipiemonte.cultura.gov.it\/index.php\/wp-json\/wp\/v2\/posts"}],"about":[{"href":"https:\/\/museipiemonte.cultura.gov.it\/index.php\/wp-json\/wp\/v2\/types\/post"}],"author":[{"embeddable":true,"href":"https:\/\/museipiemonte.cultura.gov.it\/index.php\/wp-json\/wp\/v2\/users\/1"}],"replies":[{"embeddable":true,"href":"https:\/\/museipiemonte.cultura.gov.it\/index.php\/wp-json\/wp\/v2\/comments?post=3710"}],"version-history":[{"count":8,"href":"https:\/\/museipiemonte.cultura.gov.it\/index.php\/wp-json\/wp\/v2\/posts\/3710\/revisions"}],"predecessor-version":[{"id":3731,"href":"https:\/\/museipiemonte.cultura.gov.it\/index.php\/wp-json\/wp\/v2\/posts\/3710\/revisions\/3731"}],"wp:featuredmedia":[{"embeddable":true,"href":"https:\/\/museipiemonte.cultura.gov.it\/index.php\/wp-json\/wp\/v2\/media\/837"}],"wp:attachment":[{"href":"https:\/\/museipiemonte.cultura.gov.it\/index.php\/wp-json\/wp\/v2\/media?parent=3710"}],"wp:term":[{"taxonomy":"category","embeddable":true,"href":"https:\/\/museipiemonte.cultura.gov.it\/index.php\/wp-json\/wp\/v2\/categories?post=3710"},{"taxonomy":"post_tag","embeddable":true,"href":"https:\/\/museipiemonte.cultura.gov.it\/index.php\/wp-json\/wp\/v2\/tags?post=3710"}],"curies":[{"name":"wp","href":"https:\/\/api.w.org\/{rel}","templated":true}]}}