{"id":3978,"date":"2018-09-11T10:58:06","date_gmt":"2018-09-11T08:58:06","guid":{"rendered":"http:\/\/museipiemonte.cultura.gov.it\/?p=3978"},"modified":"2018-09-11T11:09:39","modified_gmt":"2018-09-11T09:09:39","slug":"eventi-della-settimana-dal-14-al-16-settembre-2018","status":"publish","type":"post","link":"https:\/\/museipiemonte.cultura.gov.it\/index.php\/2018\/09\/11\/eventi-della-settimana-dal-14-al-16-settembre-2018\/","title":{"rendered":"Eventi della settimana, dal 14 al 16 settembre 2018"},"content":{"rendered":"<p>In attesa delle Giornate del Patrimonio 2018 le nostre sedi vi attendono con interessanti offerte di visita:<\/p>\n<p><a href=\"http:\/\/museipiemonte.cultura.gov.it\/wp-content\/uploads\/2016\/05\/Racconigi.jpg\"><img loading=\"lazy\" decoding=\"async\" class=\"alignnone wp-image-830 size-medium\" src=\"http:\/\/museipiemonte.cultura.gov.it\/wp-content\/uploads\/2016\/05\/Racconigi-300x43.jpg\" alt=\"Racconigi\" width=\"300\" height=\"43\" srcset=\"https:\/\/museipiemonte.cultura.gov.it\/wp-content\/uploads\/2016\/05\/Racconigi-300x43.jpg 300w, https:\/\/museipiemonte.cultura.gov.it\/wp-content\/uploads\/2016\/05\/Racconigi-230x33.jpg 230w, https:\/\/museipiemonte.cultura.gov.it\/wp-content\/uploads\/2016\/05\/Racconigi-350x50.jpg 350w, https:\/\/museipiemonte.cultura.gov.it\/wp-content\/uploads\/2016\/05\/Racconigi.jpg 700w\" sizes=\"auto, (max-width: 300px) 100vw, 300px\" \/><\/a><\/p>\n<p>Le sale espositive del <a href=\"http:\/\/museipiemonte.cultura.gov.it\/index.php\/musei-e-luoghi-della-cultura\/castello-di-racconigi\/\" target=\"_blank\"><strong>Castello di Racconigi<\/strong><\/a>, <strong>dal 15 settembre al 20 novembre 2018<\/strong>, ospitano la mostra<\/p>\n<p><a href=\"http:\/\/museipiemonte.cultura.gov.it\/index.php\/2018\/09\/10\/seta-il-filo-doro-che-uni-il-piemonte-al-giappone-castello-di-racconigi-14-settembre-20-novembre-2018\/\" target=\"_blank\"><em><strong>Seta: il filo d&#8217;oro che un\u00ec il Piemonte al Giappone<\/strong><\/em><\/a>&nbsp;<\/p>\n<p><strong>Sabato 15 settembre <\/strong>due conferenze tenute dai professori venuti appositamente per l&#8217;occasione dall&#8217;Universit\u00e0 di Osaka&nbsp;<\/p>\n<p><strong> alle ore 11.00<\/strong><\/p>\n<p>Conferenza del Professor Motoaki Ishii sulla comunit\u00e0 giapponese presente in Italia alla fine dell\u2019800, formata da rappresentanti di ditte esportatrici di seta grezza e uova di baco, commercianti e artisti,&nbsp; e sul ruolo del Regio Istituto Internazionale di Torino, in cui dal 1873 e per un decennio otto giapponesi studiarono le tecniche commerciali della seta, la bachicoltura e la lingua italiana per fare affari direttamente in Italia.<br \/>\n<strong>alle ore&nbsp;16.00<\/strong><br \/>\nConferenza del Professor Giulio Bertelli sulla comunit\u00e0 italiana presente in Giappone alla fine dell\u2019800: avventurosi ufficiali della Marina del Regno d\u2019Italia che tracciarono le rotte di terre ancora sconosciute descrivendole nei giornali di bordo e illuminati imprenditori della seta che rischiarono la loro vita per riportare a casa le preziose uova di baco giapponese.<\/p>\n<p>Informazioni: tel. 017284005, e-mail&nbsp;<a href=\"mailto:pm-pie.racconigi@beniculturali.it\" target=\"_blank\">racconigi.prenotazioni@beniculturali.it<\/a><\/p>\n<p><a href=\"http:\/\/museipiemonte.cultura.gov.it\/wp-content\/uploads\/2015\/11\/hr.png\"><img loading=\"lazy\" decoding=\"async\" class=\"alignnone size-full wp-image-157\" src=\"http:\/\/museipiemonte.cultura.gov.it\/wp-content\/uploads\/2015\/11\/hr.png\" alt=\"hr1\" width=\"50\" height=\"50\"><\/a><\/p>\n<p><strong>Domenica 16 settembre,&nbsp; alle 17.00<\/strong>&nbsp;&nbsp;l\u2019<em>Associazione Amici della Musica<\/em>&nbsp;di Savigliano in collaborazione con la Direzione del Castello propone il secondo concerto nell\u2019ambito dell\u2019iniziativa&nbsp;<strong><em>Recondite Armonie. Ritorni 2018<\/em><\/strong><\/p>\n<p>L\u2019<em>Ensemble Collegium Pro Musica,<\/em>&nbsp;fondato nel 1989 da Stefano Bagliano, formato da&nbsp;Barbara Zanichelli soprano,&nbsp;Stefano Bagliano&nbsp;al flauto,&nbsp;Alberto Pisani al violoncello e&nbsp;Gianluca Capuano&nbsp;al&nbsp;clavicembalo, dar\u00e0 vita ad un concerto su repertorio settecentesco, in cui&nbsp;il dialogo fra la voce umana&nbsp;e gli strumenti&nbsp;trova accenti di autentica emozione sempre all\u2019insegna della piacevolezza e della chiarezza comunicativa.&nbsp;<\/p>\n<p>Ingresso consentito fino ad esaurimento posti.<\/p>\n<p>&nbsp;<\/p>\n<p><a href=\"http:\/\/museipiemonte.cultura.gov.it\/wp-content\/uploads\/2016\/05\/Villa.jpg\"><img loading=\"lazy\" decoding=\"async\" class=\"alignnone wp-image-780 size-medium\" src=\"http:\/\/museipiemonte.cultura.gov.it\/wp-content\/uploads\/2016\/05\/Villa-300x43.jpg\" alt=\"Villa\" width=\"300\" height=\"43\" srcset=\"https:\/\/museipiemonte.cultura.gov.it\/wp-content\/uploads\/2016\/05\/Villa-300x43.jpg 300w, https:\/\/museipiemonte.cultura.gov.it\/wp-content\/uploads\/2016\/05\/Villa-230x33.jpg 230w, https:\/\/museipiemonte.cultura.gov.it\/wp-content\/uploads\/2016\/05\/Villa-350x50.jpg 350w, https:\/\/museipiemonte.cultura.gov.it\/wp-content\/uploads\/2016\/05\/Villa.jpg 700w\" sizes=\"auto, (max-width: 300px) 100vw, 300px\" \/><\/a><\/p>\n<p><strong><a href=\"http:\/\/museipiemonte.cultura.gov.it\/index.php\/musei-e-luoghi-della-cultura\/villa-della-regina\/\" target=\"_blank\">Villa della Regina<\/a>, sabato 15 settembre sar\u00e0 straordinariamente aperta sino alle 21.00 (ultimo ingresso alle 20.00)<\/strong><\/p>\n<p><strong>alle 18.00 e alle 19.00,&nbsp;<\/strong>due visite guidate&nbsp;dei giardini all\u2019italiana che circondano la residenza.<\/p>\n<p>Durante la visita verr\u00e0 illustrato il Teatro d&#8217;Acque d\u2019acque seicentesco, dal cortile a Esedra a valle fino al Mascherone a monte, dalla cui bocca sgorga la sorgente naturale che alimenta i giochi d\u2019acqua. La guida spiegher\u00e0 la definizione di <em>\u201cVigna collinare\u201d<\/em> che accompagna la residenza fin dalla sua origine, nel 1615.<\/p>\n<p>Le finte grotte, il Padiglione dei Solinghi, i percorsi ombreggiati nella Corona Boscata e il Belvedere Superiore, scenografico punto panoramico su tutto il complesso di Villa della Regina e sulla citt\u00e0 di Torino, arricchivano di piacevolezze i soggiorni della corte torinese presso la Villa.<\/p>\n<p>Infine i visitatori verranno accompagnati al vigneto storico, dove i viticoltori della ditta Balbiano illustreranno le tecniche di coltivazione.<\/p>\n<p><strong>Si consiglia l\u2019utilizzo di calzature sportive.<\/strong><\/p>\n<p>Informazioni: tel. 0118194484, e-mail&nbsp;<a href=\"mailto:pm-pie.villadellaregina@beniculturali.it\" target=\"_blank\">pm-pie.villadellaregina@beniculturali.it<\/a><\/p>\n<p>&nbsp;<\/p>\n<p><a href=\"http:\/\/museipiemonte.cultura.gov.it\/wp-content\/uploads\/2016\/05\/Aglie.jpg\"><img loading=\"lazy\" decoding=\"async\" class=\"alignnone wp-image-828 size-medium\" src=\"http:\/\/museipiemonte.cultura.gov.it\/wp-content\/uploads\/2016\/05\/Aglie-300x43.jpg\" alt=\"Aglie\" width=\"300\" height=\"43\" srcset=\"https:\/\/museipiemonte.cultura.gov.it\/wp-content\/uploads\/2016\/05\/Aglie-300x43.jpg 300w, https:\/\/museipiemonte.cultura.gov.it\/wp-content\/uploads\/2016\/05\/Aglie-230x33.jpg 230w, https:\/\/museipiemonte.cultura.gov.it\/wp-content\/uploads\/2016\/05\/Aglie-350x50.jpg 350w, https:\/\/museipiemonte.cultura.gov.it\/wp-content\/uploads\/2016\/05\/Aglie.jpg 700w\" sizes=\"auto, (max-width: 300px) 100vw, 300px\" \/><\/a><\/p>\n<p>Al&nbsp;<strong><a href=\"http:\/\/museipiemonte.cultura.gov.it\/index.php\/musei-e-luoghi-della-cultura\/castello-di-aglie\/\" target=\"_blank\">Castello di Agli\u00e9<\/a>&nbsp;sabato 15 settembre alle ore 15.00&nbsp;<\/strong>un nuovo appuntamento della speciale visita guidata&nbsp;<strong><em>Echi di note lontane&nbsp;<\/em><\/strong>organizzata&nbsp;nell\u2019ambito di&nbsp;<strong><em>Reali sensi: l\u2019udito.<\/em><\/strong><\/p>\n<p>Dai balletti di Filippo San Martino ai&nbsp;<em>Lieder<\/em>&nbsp;della duchessa Isabella passando per l\u2019opera lirica tanto amata da Carlo Felice, la passione per la musica ha accompagnato la storia del Castello dal Seicento a oggi. Nella visita si scopriranno le note riecheggiate tra queste stanze rivivendo le emozioni di epoche lontane.<\/p>\n<p>Informazioni: tel. 0124 330102, e-mail:&nbsp;<a href=\"mailto:pm-pie.aglie@beniculturali.it\" target=\"_blank\">pm-pie.aglie@beniculturali.it<\/a><\/p>\n<p>&nbsp;<\/p>\n<p><a href=\"http:\/\/museipiemonte.cultura.gov.it\/wp-content\/uploads\/2016\/05\/Gavi.jpg\"><img loading=\"lazy\" decoding=\"async\" class=\"alignnone size-medium wp-image-827\" src=\"http:\/\/museipiemonte.cultura.gov.it\/wp-content\/uploads\/2016\/05\/Gavi-300x43.jpg\" alt=\"Gavi\" width=\"300\" height=\"43\" srcset=\"https:\/\/museipiemonte.cultura.gov.it\/wp-content\/uploads\/2016\/05\/Gavi-300x43.jpg 300w, https:\/\/museipiemonte.cultura.gov.it\/wp-content\/uploads\/2016\/05\/Gavi-230x33.jpg 230w, https:\/\/museipiemonte.cultura.gov.it\/wp-content\/uploads\/2016\/05\/Gavi-350x50.jpg 350w, https:\/\/museipiemonte.cultura.gov.it\/wp-content\/uploads\/2016\/05\/Gavi.jpg 700w\" sizes=\"auto, (max-width: 300px) 100vw, 300px\" \/><\/a><\/p>\n<p>Al&nbsp;<a href=\"http:\/\/museipiemonte.cultura.gov.it\/index.php\/musei-e-luoghi-della-cultura\/forte-di-gavi\/\" target=\"_blank\"><strong>Forte di Gavi<\/strong><\/a>,&nbsp;<strong>domenica 16 settembre<\/strong>&nbsp;ultimo appuntamento con le attivit\u00e0 di&nbsp;<em><strong><a href=\"http:\/\/museipiemonte.cultura.gov.it\/index.php\/2018\/05\/09\/gavi-forte-di-cultura-arte-e-storia-unestate-di-attivita-intorno-al-forte\/\" target=\"_blank\">Gavi Forte di Cultura<\/a><\/strong><\/em><\/p>\n<p>Gli attori di&nbsp;<a href=\"http:\/\/www.teatrosocieta.it\/\" target=\"_blank\"><strong>Teatro e Societ\u00e0<\/strong><\/a>&nbsp;per l\u2019intera giornata guideranno i gruppi di partecipanti mettendo in scena un vero e proprio spettacolo che intreccer\u00e0 le vicissitudini di personaggi contemporanei con quelli storici, in un racconto incalzante e ricco di colpi di scena che porter\u00e0 a conoscere, in modo insolito e divertente, anche aspetti meno noti della storia del prestigioso maniero.<br \/>\nSi incontreranno Padre da Fiorenzuola rinomato ingegnere militare a cui si deve l\u2019abilit\u00e0 di \u201cfar della montagna un Forte\u201d per garantire la sicurezza di Genova e poi soldati e prigionieri, tra cui l\u2019inglese Pringle, l\u2019unico evaso con un\u2019astuta fuga. Presenti anche i figuranti della \u201cCompagnia della Picca e del Moschetto\u201d e della Compagnia teatrale \u201cDue x sei\u201d di Novi Ligure, che con alcuni partecipanti al \u201cLaboratorio per la narrazione dei beni culturali\u201d arricchiranno la rappresentazione in pi\u00f9 punti del percorso di visita.<\/p>\n<p>Il progetto \u201cGavi Forte di cultura, arte e storia\u201d \u00e8 promosso dal Polo Museale del Piemonte e realizzato dalla Compagnia Teatro e Societ\u00e0 con il contributo della Compagnia di San Paolo nell\u2019ambito del bando \u201cLuoghi della Cultura\u201d e il riconoscimento dell\u2019<em><a href=\"http:\/\/annoeuropeo2018.beniculturali.it\/eventi\/gavi-forte-cultura-arte-storia\/\" target=\"_blank\">Anno europeo del patrimonio culturale 2018<\/a><\/em>.&nbsp;E\u2019 realizzato in&nbsp;collaborazione coi comuni di Arquata Scrivia, Gavi, Mornese, Novi Ligure, Serravalle Scrivia.<\/p>\n<p>Le partenze a gruppi sono programmate ogni ora e mezza con i seguenti orari: 10.00 \u2013 11.30 \u2013 13.00 \u2013 14.30 \u2013 16.00 \u2013 17.30<br \/>\nLa permanenza al Forte \u00e8 prevista per circa due ore, sono consigliate scarpe comode e si segnala che il percorso non \u00e8 accessibile a carrozzelle e passeggini.<\/p>\n<p>La partecipazione alle visite teatrali \u00e8 gratuita previo pagamento del biglietto di ingresso al Forte: \u20ac 5.<\/p>\n<p>Per ottimizzare l\u2019organizzazione dei gruppi \u00e8 richiesta la prenotazione inviando un\u2019e-mail a:&nbsp;<a href=\"mailto:prenotazione@teatrosocieta.it\" target=\"_blank\">prenotazione@teatrosocieta.it<\/a>&nbsp;oppure contattando la segreteria di Teatro e Societ\u00e0, al n. 392 2906760 (dal luned\u00ec al venerd\u00ec, dalle 9.00 alle 13.00).<\/p>\n<p><a href=\"http:\/\/museipiemonte.cultura.gov.it\/wp-content\/uploads\/2015\/11\/hr.png\"><img loading=\"lazy\" decoding=\"async\" class=\"alignnone size-full wp-image-157\" src=\"http:\/\/museipiemonte.cultura.gov.it\/wp-content\/uploads\/2015\/11\/hr.png\" alt=\"hr1\" width=\"50\" height=\"50\"><\/a><\/p>\n<p>Inoltre&nbsp;<strong>fino al 29 settembre<\/strong>, con il biglietto di ingresso al Forte, \u00e8 possibile visitare la mostra&nbsp;di sculture di Nino Ventura<strong>&nbsp;<a href=\"http:\/\/museipiemonte.cultura.gov.it\/index.php\/2018\/06\/25\/le-sculture-di-nino-ventura-al-forte-di-gavi-dal-30-giugno-2018\/\" target=\"_blank\">\u201cAd occhi chiusi\u201d<\/a><\/strong><\/p>\n<p>&nbsp;<\/p>\n<p><a href=\"http:\/\/museipiemonte.cultura.gov.it\/wp-content\/uploads\/2017\/01\/fruttuaria.jpg\"><img loading=\"lazy\" decoding=\"async\" class=\"alignnone size-medium wp-image-1456\" src=\"http:\/\/museipiemonte.cultura.gov.it\/wp-content\/uploads\/2017\/01\/fruttuaria-300x43.jpg\" alt=\"fruttuaria\" width=\"300\" height=\"43\" srcset=\"https:\/\/museipiemonte.cultura.gov.it\/wp-content\/uploads\/2017\/01\/fruttuaria-300x43.jpg 300w, https:\/\/museipiemonte.cultura.gov.it\/wp-content\/uploads\/2017\/01\/fruttuaria-230x33.jpg 230w, https:\/\/museipiemonte.cultura.gov.it\/wp-content\/uploads\/2017\/01\/fruttuaria-350x50.jpg 350w, https:\/\/museipiemonte.cultura.gov.it\/wp-content\/uploads\/2017\/01\/fruttuaria.jpg 700w\" sizes=\"auto, (max-width: 300px) 100vw, 300px\" \/><\/a><\/p>\n<p>L\u2019<a href=\"http:\/\/museipiemonte.cultura.gov.it\/index.php\/musei-e-luoghi-della-cultura\/abbazia-di-fruttuaria\/\" target=\"_blank\"><strong>Abbazia di Fruttuaria<\/strong><\/a>&nbsp;sar\u00e0 aperta&nbsp;<strong>domenica 16 settembre dalle 15.00 alle 17.00<\/strong>. Visite a cura dell\u2019<em>Associazione Amici di Fruttuaria.<\/em><\/p>\n<p>&nbsp;<\/p>\n<p>&nbsp;<\/p>\n","protected":false},"excerpt":{"rendered":"<p>In attesa delle Giornate Europee del patrimonio 2018, le nostre sedi vi offrono un ricco ventaglio di opportunit\u00e0 di visita. <\/p>\n","protected":false},"author":1,"featured_media":837,"comment_status":"closed","ping_status":"closed","sticky":false,"template":"","format":"standard","meta":{"footnotes":""},"categories":[64,7,10,8,6],"tags":[52,58,35,61,51,43,65,44,50,36,21,41,109,25,54],"class_list":["post-3978","post","type-post","status-publish","format-standard","has-post-thumbnail","hentry","category-abbazia-di-fruttuaria","category-castello-di-aglie","category-castello-di-racconigi","category-forte-di-gavi","category-villa-della-regina","tag-abbazia","tag-aglie","tag-castello","tag-concerto","tag-conferenza","tag-forte","tag-fruttuaria","tag-gavi","tag-mostra","tag-musei","tag-news","tag-racconigi","tag-reali-sensi","tag-villa-della-regina","tag-visita-guidata"],"_links":{"self":[{"href":"https:\/\/museipiemonte.cultura.gov.it\/index.php\/wp-json\/wp\/v2\/posts\/3978","targetHints":{"allow":["GET"]}}],"collection":[{"href":"https:\/\/museipiemonte.cultura.gov.it\/index.php\/wp-json\/wp\/v2\/posts"}],"about":[{"href":"https:\/\/museipiemonte.cultura.gov.it\/index.php\/wp-json\/wp\/v2\/types\/post"}],"author":[{"embeddable":true,"href":"https:\/\/museipiemonte.cultura.gov.it\/index.php\/wp-json\/wp\/v2\/users\/1"}],"replies":[{"embeddable":true,"href":"https:\/\/museipiemonte.cultura.gov.it\/index.php\/wp-json\/wp\/v2\/comments?post=3978"}],"version-history":[{"count":3,"href":"https:\/\/museipiemonte.cultura.gov.it\/index.php\/wp-json\/wp\/v2\/posts\/3978\/revisions"}],"predecessor-version":[{"id":3981,"href":"https:\/\/museipiemonte.cultura.gov.it\/index.php\/wp-json\/wp\/v2\/posts\/3978\/revisions\/3981"}],"wp:featuredmedia":[{"embeddable":true,"href":"https:\/\/museipiemonte.cultura.gov.it\/index.php\/wp-json\/wp\/v2\/media\/837"}],"wp:attachment":[{"href":"https:\/\/museipiemonte.cultura.gov.it\/index.php\/wp-json\/wp\/v2\/media?parent=3978"}],"wp:term":[{"taxonomy":"category","embeddable":true,"href":"https:\/\/museipiemonte.cultura.gov.it\/index.php\/wp-json\/wp\/v2\/categories?post=3978"},{"taxonomy":"post_tag","embeddable":true,"href":"https:\/\/museipiemonte.cultura.gov.it\/index.php\/wp-json\/wp\/v2\/tags?post=3978"}],"curies":[{"name":"wp","href":"https:\/\/api.w.org\/{rel}","templated":true}]}}