{"id":4126,"date":"2018-10-16T09:33:50","date_gmt":"2018-10-16T07:33:50","guid":{"rendered":"http:\/\/museipiemonte.cultura.gov.it\/?p=4126"},"modified":"2018-10-18T12:20:51","modified_gmt":"2018-10-18T10:20:51","slug":"eventi-della-settimana-dal-19-al-21-ottobre-2018","status":"publish","type":"post","link":"https:\/\/museipiemonte.cultura.gov.it\/index.php\/2018\/10\/16\/eventi-della-settimana-dal-19-al-21-ottobre-2018\/","title":{"rendered":"Eventi della settimana, dal 19 al 21 ottobre 2018"},"content":{"rendered":"<p><a href=\"http:\/\/museipiemonte.cultura.gov.it\/wp-content\/uploads\/2016\/07\/Vezzolano.jpg\"><img loading=\"lazy\" decoding=\"async\" class=\"alignnone wp-image-980 size-medium\" src=\"http:\/\/museipiemonte.cultura.gov.it\/wp-content\/uploads\/2016\/07\/Vezzolano-300x43.jpg\" alt=\"Vezzolano\" width=\"300\" height=\"43\" srcset=\"https:\/\/museipiemonte.cultura.gov.it\/wp-content\/uploads\/2016\/07\/Vezzolano-300x43.jpg 300w, https:\/\/museipiemonte.cultura.gov.it\/wp-content\/uploads\/2016\/07\/Vezzolano-230x33.jpg 230w, https:\/\/museipiemonte.cultura.gov.it\/wp-content\/uploads\/2016\/07\/Vezzolano-350x50.jpg 350w, https:\/\/museipiemonte.cultura.gov.it\/wp-content\/uploads\/2016\/07\/Vezzolano.jpg 700w\" sizes=\"auto, (max-width: 300px) 100vw, 300px\" \/><\/a><\/p>\n<p>All&#8217;<strong><a href=\"http:\/\/museipiemonte.cultura.gov.it\/index.php\/musei-e-luoghi-della-cultura\/abbazia-di-vezzolano\/\" target=\"_blank\">Abbazia di Vezzolano<\/a> venerd\u00ec 19 ottobre alle ore 16,30<\/strong>&nbsp;inaugurazione della mostra<\/p>\n<p><em><strong>Araba Fenice. Riciclo funzionale. Riuso artistico<\/strong><\/em>, a cura di Valeria Torazza<\/p>\n<p>Esposizione di opere di artisti contemporanei e di cittadini che hanno realizzato creazioni d&#8217;arte riutilizzando e rifunzionalizzando materiali destinati allo scarto.<br \/>\nLa mostra, che sar\u00e0 visitabile sino all&#8217;11 novembre, \u00e8 organizzata dall&#8217;<em>Associazione Culturale Peppino Impastato<\/em> di Carmagnola con la collaborazione dell&#8217;<em>Associazione Culturale La Cabalesta,<\/em> l&#8217;ingresso \u00e8 libero e gratuito.<\/p>\n<p>&nbsp;<\/p>\n<p>Orari:<\/p>\n<p>dal 19 ottobre al 27 ottobre: marted\u00ec-domenica, dalle 10,00 alle 18,00;<\/p>\n<p>dal 28 ottobre all&#8217;11 novembre: marted\u00ec-domenica, dalle 10,00 alle 17,00<\/p>\n<p>&nbsp;<\/p>\n<p>Per informazioni e prenotazioni: tel. 0119872463; e-mail <a href=\"mailto:info@lacabalesta.it\" target=\"_blank\">info@lacabalesta.it<\/a><\/p>\n<p>&nbsp;<\/p>\n<p><a href=\"http:\/\/museipiemonte.cultura.gov.it\/wp-content\/uploads\/2016\/05\/Aglie.jpg\"><img loading=\"lazy\" decoding=\"async\" class=\"alignnone wp-image-828 size-medium\" src=\"http:\/\/museipiemonte.cultura.gov.it\/wp-content\/uploads\/2016\/05\/Aglie-300x43.jpg\" alt=\"Aglie\" width=\"300\" height=\"43\" srcset=\"https:\/\/museipiemonte.cultura.gov.it\/wp-content\/uploads\/2016\/05\/Aglie-300x43.jpg 300w, https:\/\/museipiemonte.cultura.gov.it\/wp-content\/uploads\/2016\/05\/Aglie-230x33.jpg 230w, https:\/\/museipiemonte.cultura.gov.it\/wp-content\/uploads\/2016\/05\/Aglie-350x50.jpg 350w, https:\/\/museipiemonte.cultura.gov.it\/wp-content\/uploads\/2016\/05\/Aglie.jpg 700w\" sizes=\"auto, (max-width: 300px) 100vw, 300px\" \/><\/a><\/p>\n<p>Il&nbsp;<strong><a href=\"http:\/\/museipiemonte.cultura.gov.it\/index.php\/musei-e-luoghi-della-cultura\/castello-di-aglie\/\" target=\"_blank\">Castello di Agli\u00e9<\/a>&nbsp;venerd\u00ec 19 ottobre sar\u00e0 aperto straordinariamente fino alle ore 22.30<\/strong><\/p>\n<p><strong>alle 21.00,<\/strong>&nbsp;per la serie&nbsp;del ciclo&nbsp;<strong><em>Un\u2019ora di storia,&nbsp;<\/em><\/strong>il professor Pietro Passerin d\u2019Entr\u00e9ves, gi\u00e0 professore ordinario di Zoologia nell&#8217;Universit\u00e0 di Torino e studioso delle cacce sabaude, terr\u00e0 la conferenza dal titolo<\/p>\n<p><em><strong>Ferdinando di Savoia e Vittorio Emanuele II: le cacce reali<\/strong><\/em><\/p>\n<p>Ferdinando di Savoia duca di Genova fu un grande appassionato di caccia, al pari di Vittorio Emanuele II. Istruiti in questo esercizio a Racconigi dal padre, il re Carlo Alberto, i due fratelli spesso tralasciavano gli studi per dedicarsi a questa attivit\u00e0. Ferdinando allest\u00ec un&#8217;interessante collezione ornitologica che alla sua morte fu trasferita nel castello di Agli\u00e9 dove \u00e8 conservata ancora oggi. Tale collezione \u00e8 stata incrementata dalle raccolte del secondo Duca di Genova, Tommaso, effettuate durante il suo primo viaggio di circumnavigazione del globo. A Ferdinando si deve l&#8217;iniziazione di Vittorio Emanuele II alle cacce di montagna che, per circa sessant\u2019anni si svolgeranno nei distretti di caccia del Gran Paradiso, di Ceresole e di Valdieri e sugli stessi territori che oggi sono protetti dai parchi del Gran Paradiso e delle Alpi Marittime. (Pietro Passerin d&#8217;Entr\u00e9ves).<\/p>\n<p><a href=\"http:\/\/museipiemonte.cultura.gov.it\/wp-content\/uploads\/2018\/10\/CDA_DIG01522-conf-passerin.jpg\"><img loading=\"lazy\" decoding=\"async\" class=\"alignnone wp-image-4128\" src=\"http:\/\/museipiemonte.cultura.gov.it\/wp-content\/uploads\/2018\/10\/CDA_DIG01522-conf-passerin-705x1024.jpg\" alt=\"CDA_DIG01522 - conf passerin\" width=\"300\" height=\"436\" srcset=\"https:\/\/museipiemonte.cultura.gov.it\/wp-content\/uploads\/2018\/10\/CDA_DIG01522-conf-passerin-705x1024.jpg 705w, https:\/\/museipiemonte.cultura.gov.it\/wp-content\/uploads\/2018\/10\/CDA_DIG01522-conf-passerin-207x300.jpg 207w, https:\/\/museipiemonte.cultura.gov.it\/wp-content\/uploads\/2018\/10\/CDA_DIG01522-conf-passerin-830x1206.jpg 830w, https:\/\/museipiemonte.cultura.gov.it\/wp-content\/uploads\/2018\/10\/CDA_DIG01522-conf-passerin-230x334.jpg 230w, https:\/\/museipiemonte.cultura.gov.it\/wp-content\/uploads\/2018\/10\/CDA_DIG01522-conf-passerin-350x508.jpg 350w, https:\/\/museipiemonte.cultura.gov.it\/wp-content\/uploads\/2018\/10\/CDA_DIG01522-conf-passerin.jpg 1377w\" sizes=\"auto, (max-width: 300px) 100vw, 300px\" \/><\/a><\/p>\n<p>Il professor Passerin d&#8217;Entr\u00e8ves ha curato lo studio storico-scientifico della collezione ornitologica del Castello.<\/p>\n<p>Informazioni e prenotazioni: tel. +39 0124330102, e-mail&nbsp;&nbsp;<a href=\"http:\/\/pm-pie.aglie@beniculturali.it\/\" target=\"_blank\">pm-pie.aglie@beniculturali.it&nbsp;<\/a><\/p>\n<p>&nbsp;<\/p>\n<p>In occasione della manifestazione <em><strong><a href=\"http:\/\/vendemmiatorino.it\/index.html\" target=\"_blank\">Vendemmia a Torino. Grapes in town<\/a>, <\/strong><\/em>promossa dalla Regione Piemonte, nelle sedi torinesi del Polo Museale si svolgeranno alcune attivit\u00e0:<\/p>\n<p><a href=\"http:\/\/museipiemonte.cultura.gov.it\/wp-content\/uploads\/2016\/05\/Villa.jpg\"><img loading=\"lazy\" decoding=\"async\" class=\"alignnone wp-image-780 size-medium\" src=\"http:\/\/museipiemonte.cultura.gov.it\/wp-content\/uploads\/2016\/05\/Villa-300x43.jpg\" alt=\"Villa\" width=\"300\" height=\"43\" srcset=\"https:\/\/museipiemonte.cultura.gov.it\/wp-content\/uploads\/2016\/05\/Villa-300x43.jpg 300w, https:\/\/museipiemonte.cultura.gov.it\/wp-content\/uploads\/2016\/05\/Villa-230x33.jpg 230w, https:\/\/museipiemonte.cultura.gov.it\/wp-content\/uploads\/2016\/05\/Villa-350x50.jpg 350w, https:\/\/museipiemonte.cultura.gov.it\/wp-content\/uploads\/2016\/05\/Villa.jpg 700w\" sizes=\"auto, (max-width: 300px) 100vw, 300px\" \/><\/a><\/p>\n<p>A <a href=\"http:\/\/museipiemonte.cultura.gov.it\/index.php\/musei-e-luoghi-della-cultura\/villa-della-regina\/\" target=\"_blank\"><strong>Villa della Regina<\/strong><\/a>, sabato 20 ottobre alle ore 14.00 si terr\u00e0 il convegno dal titolo<\/p>\n<p><em><strong>I vigneti urbani come strumento di valorizzazione del territorio<\/strong><\/em><\/p>\n<p>L&#8217;ingresso sar\u00e0 consentito sino ad esaurimento posti.<\/p>\n<p><a href=\"http:\/\/museipiemonte.cultura.gov.it\/wp-content\/uploads\/2016\/05\/PoloMuseale.jpg\"><img loading=\"lazy\" decoding=\"async\" class=\"alignnone wp-image-837 size-medium\" src=\"http:\/\/museipiemonte.cultura.gov.it\/wp-content\/uploads\/2016\/05\/PoloMuseale-300x43.jpg\" alt=\"PoloMuseale\" width=\"300\" height=\"43\" srcset=\"https:\/\/museipiemonte.cultura.gov.it\/wp-content\/uploads\/2016\/05\/PoloMuseale-300x43.jpg 300w, https:\/\/museipiemonte.cultura.gov.it\/wp-content\/uploads\/2016\/05\/PoloMuseale-230x33.jpg 230w, https:\/\/museipiemonte.cultura.gov.it\/wp-content\/uploads\/2016\/05\/PoloMuseale-350x50.jpg 350w, https:\/\/museipiemonte.cultura.gov.it\/wp-content\/uploads\/2016\/05\/PoloMuseale.jpg 700w\" sizes=\"auto, (max-width: 300px) 100vw, 300px\" \/><\/a><\/p>\n<p>A <a href=\"http:\/\/museipiemonte.cultura.gov.it\/index.php\/musei-e-luoghi-della-cultura\/palazzo-carignano\/\" target=\"_blank\"><strong>Palazzo Carignano<\/strong><\/a> tre giorni di attivit\u00e0 correlate all&#8217;iniziativa.<\/p>\n<p><strong>Venerd\u00ec 19 e sabato 20 ottobre aperture prolungate sino alle 21.00<\/strong><\/p>\n<p>Nelle tre giornate nel Salone dell&#8217;Appartamento di Mezzanotte si svolgeranno alcune <strong><a href=\"http:\/\/vendemmiatorino.it\/conferenze_2018.html\" target=\"_blank\">conferenze<\/a><\/strong><\/p>\n<p><strong>Sabato 20 e domenica 21 ottobre<\/strong> visite guidate speciali negli Appartamenti Barocchi che includeranno, nel suggestivo ambiente delle cucine seicentesche, un video-racconto su Cavour e la degustazione del \u201cBarolo Castello\u201d.<\/p>\n<p>Visite a cura del Polo Museale del Piemonte con la collaborazione dei volontari Senior Civici e della Regione Piemonte.<br \/>\nVideo e degustazione a cura dell\u2019Enoteca Regionale Piemontese Cavour.<\/p>\n<p>Le visite si svolgeranno con il seguente orario:<br \/>\nSabato 20 ottobre, orari partenze visite: 11:00, 12:00, 13:00, 14:00, 15:00, 16:00, 17:00, 18:00, 19:00.<br \/>\nDomenica 21 ottobre, orari partenze visite: 11:00, 12:00, 13:00, 14:00, 15:00, 16:00, 17:00.<\/p>\n<p>Visite guidate gratuite previo pagamento del biglietto di ingresso \u20ac 5<\/p>\n<p>A tutte le attivit\u00e0 l&#8217;ingresso sar\u00e0 consentito sino ad esaurimento posti.<\/p>\n<p>Informazioni e prenotazioni:&nbsp;<a href=\"mailto:prenotazioni@vendemmiatorino.it\">prenotazioni@vendemmiatorino.it<\/a><\/p>\n<p>&nbsp;<\/p>\n<p><a href=\"http:\/\/museipiemonte.cultura.gov.it\/wp-content\/uploads\/2016\/08\/Serralunga.jpg\"><img loading=\"lazy\" decoding=\"async\" class=\"alignnone wp-image-1052 size-medium\" src=\"http:\/\/museipiemonte.cultura.gov.it\/wp-content\/uploads\/2016\/08\/Serralunga-300x43.jpg\" alt=\"Serralunga\" width=\"300\" height=\"43\" srcset=\"https:\/\/museipiemonte.cultura.gov.it\/wp-content\/uploads\/2016\/08\/Serralunga-300x43.jpg 300w, https:\/\/museipiemonte.cultura.gov.it\/wp-content\/uploads\/2016\/08\/Serralunga-230x33.jpg 230w, https:\/\/museipiemonte.cultura.gov.it\/wp-content\/uploads\/2016\/08\/Serralunga-350x50.jpg 350w, https:\/\/museipiemonte.cultura.gov.it\/wp-content\/uploads\/2016\/08\/Serralunga.jpg 700w\" sizes=\"auto, (max-width: 300px) 100vw, 300px\" \/><\/a><\/p>\n<p>Infine <strong>domenica 21 ottobre<\/strong> la storia va in scena al <a href=\"http:\/\/museipiemonte.cultura.gov.it\/index.php\/musei-e-luoghi-della-cultura\/castello-di-serralunga\/\" target=\"_blank\"><strong>Castello di Serralunga d&#8217;Alba<\/strong><\/a>, con i suoi antichi abitanti, le leggende e le tradizioni delle sue colline, tramandate dal Medioevo a oggi.<\/p>\n<p>La XVIII edizione di <em><strong>Narrar castelli e vini<\/strong><\/em>&nbsp;fa tappa in Langa con una visita narrata che riserva uno spazio speciale alle degustazioni di vini locali: un modo per rivivere i fasti del passato e brindare insieme davanti a un panorama mozzafiato sulle colline Unesco.<\/p>\n<p>L\u2019iniziativa \u00e8 promossa dall\u2019<em>Associazione Turismo in Langa<\/em> in un circuito che comprende visite anche ai castelli di Monticello d\u2019Alba, Monteu Roero e Ceresole d\u2019Alba.<\/p>\n<p>A Serralunga guide d\u2019eccezione, per un giorno, saranno proprio gli antichi abitanti, impersonati da animatori e guide turistiche in costume, per narrare vicende storiche, leggende e curiosit\u00e0 legate ai castelli. In particolare a Serralunga, i visitatori incontreranno, oltre alla guida del castello, il signore feudale Pietrino Falletti, dell\u2019antica casata piemontese, intento a dare disposizioni sulle coltivazioni dei suoi possedimenti e sulle pene previste per chi danneggia il raccolto. Al termine del percorso narrato di visita, spazio alla degustazione di vini locali.<\/p>\n<p>La visita \u00e8&nbsp;adatta a grandi e piccini.<br \/>\nOrari: dalle 10.00 alle 13.00 e dalle 14.00 alle 18.00 (partenze ogni 45 minuti circa)<\/p>\n<p>Costo per la visita narrata: gratuito per bambini fino a 10 anni, 10 \u20ac per gli adulti. Possessori Abbonamento Musei Torino Piemonte Card 6 \u20ac<\/p>\n<p>Informazioni e prenotazioni: e-mail <a href=\"mailto:info@castellodiserralunga.it\" target=\"_blank\">info@castellodiserralunga.it<\/a>; tel.&nbsp;0173.613358 e 0173.386697.<\/p>\n","protected":false},"excerpt":{"rendered":"<p>Questo fine settimana mostre, conferenze e suggestive visite guidate.<\/p>\n","protected":false},"author":1,"featured_media":0,"comment_status":"closed","ping_status":"closed","sticky":false,"template":"","format":"standard","meta":{"footnotes":""},"categories":[12,7,11,5,6],"tags":[52,58,35,51,50,62,33,53,25,54],"class_list":["post-4126","post","type-post","status-publish","format-standard","hentry","category-abbazia-di-vezzolano","category-castello-di-aglie","category-castello-di-serralunga","category-palazzo-carignano","category-villa-della-regina","tag-abbazia","tag-aglie","tag-castello","tag-conferenza","tag-mostra","tag-palazzo-carignano","tag-valorizzazione","tag-vezzolano","tag-villa-della-regina","tag-visita-guidata"],"_links":{"self":[{"href":"https:\/\/museipiemonte.cultura.gov.it\/index.php\/wp-json\/wp\/v2\/posts\/4126","targetHints":{"allow":["GET"]}}],"collection":[{"href":"https:\/\/museipiemonte.cultura.gov.it\/index.php\/wp-json\/wp\/v2\/posts"}],"about":[{"href":"https:\/\/museipiemonte.cultura.gov.it\/index.php\/wp-json\/wp\/v2\/types\/post"}],"author":[{"embeddable":true,"href":"https:\/\/museipiemonte.cultura.gov.it\/index.php\/wp-json\/wp\/v2\/users\/1"}],"replies":[{"embeddable":true,"href":"https:\/\/museipiemonte.cultura.gov.it\/index.php\/wp-json\/wp\/v2\/comments?post=4126"}],"version-history":[{"count":10,"href":"https:\/\/museipiemonte.cultura.gov.it\/index.php\/wp-json\/wp\/v2\/posts\/4126\/revisions"}],"predecessor-version":[{"id":4140,"href":"https:\/\/museipiemonte.cultura.gov.it\/index.php\/wp-json\/wp\/v2\/posts\/4126\/revisions\/4140"}],"wp:attachment":[{"href":"https:\/\/museipiemonte.cultura.gov.it\/index.php\/wp-json\/wp\/v2\/media?parent=4126"}],"wp:term":[{"taxonomy":"category","embeddable":true,"href":"https:\/\/museipiemonte.cultura.gov.it\/index.php\/wp-json\/wp\/v2\/categories?post=4126"},{"taxonomy":"post_tag","embeddable":true,"href":"https:\/\/museipiemonte.cultura.gov.it\/index.php\/wp-json\/wp\/v2\/tags?post=4126"}],"curies":[{"name":"wp","href":"https:\/\/api.w.org\/{rel}","templated":true}]}}