{"id":4214,"date":"2018-11-26T11:10:05","date_gmt":"2018-11-26T10:10:05","guid":{"rendered":"http:\/\/museipiemonte.cultura.gov.it\/?p=4214"},"modified":"2018-12-04T09:14:16","modified_gmt":"2018-12-04T08:14:16","slug":"magici-racconti-fiabeschi-a-villa-della-regina-sabato-1-dicembre-2018","status":"publish","type":"post","link":"https:\/\/museipiemonte.cultura.gov.it\/index.php\/2018\/11\/26\/magici-racconti-fiabeschi-a-villa-della-regina-sabato-1-dicembre-2018\/","title":{"rendered":"Magici racconti fiabeschi a Villa della Regina, sabato 1 dicembre 2018"},"content":{"rendered":"<p><strong>Sabato 1 dicembre, alle ore 11,30 e alle ore 15,30<\/strong><\/p>\n<p>La meravigliosa residenza reale sulla collina di Torino, nell&#8217;approssimarsi della magica atmosfera del Natale, invita i bambini e i loro genitori alla scoperta delle fiabe che Anna Maria d\u2019Orleans, moglie di Vittorio Amedeo II, non solo regina di un regno, ma madre affettuosa e premurosa, leggeva ai suoi bambini.<br \/>\nLa vogliamo immaginare qui, a Villa della Regina, in una stanza resa appositamente accogliente per l\u2019occasione, attorniata dai suoi amati bambini, mentre con voce calda e narrante legge delle fiabe, creando quella&nbsp;sospensione fantastica&nbsp;del racconto dove i personaggi immaginari allietano e fanno sognare.<\/p>\n<p>Ma quali fiabe racconta Anna d&#8217;Orleans?<\/p>\n<p>Possiamo immaginarla mentre legge <em><strong>Le fate<\/strong><\/em> a Maria Luisa Gabriella, che dovr\u00e0 sposare il re di Spagna e vagheggia una vita di divertimenti e giochi, circondata da servitori, senza bisogno di alzare un dito. Ma la fiaba racconta che la pigrizia prima o poi viene castigata.<\/p>\n<p>A Vittorio Amedeo, principe di Piemonte, che deve diventare re di Savoia al posto del padre e pensa che un re possa dare tutti gli ordini che gli passano per la mente e che tutti i suoi desideri vengano esauditi, legge <em><strong>I desideri inutili<\/strong><\/em>. La fiaba racconta che bisogna essere molto cauti e giudiziosi nell\u2019esprimere dei desideri.<\/p>\n<p>A Carlo Emanuele, il figlio cadetto, triste perch\u00e9 fisicamente gracile e perch\u00e9 il re suo padre ha occhi solo per il primogenito Vittorio Amedeo, l\u2019erede al trono forte e prestante, legge <em><strong>Enrichetto dal ciuffo<\/strong><\/em>. La fiaba racconta che l\u2019intelligenza \u00e8 pi\u00f9 importante sia della primogenitura che della forza fisica.<\/p>\n<p>&nbsp;<\/p>\n<p><a href=\"http:\/\/museipiemonte.cultura.gov.it\/wp-content\/uploads\/2018\/11\/locandina-fiabe.jpg\"><img loading=\"lazy\" decoding=\"async\" class=\"alignnone wp-image-4238\" src=\"http:\/\/museipiemonte.cultura.gov.it\/wp-content\/uploads\/2018\/11\/locandina-fiabe.jpg\" alt=\"locandina fiabe\" width=\"600\" height=\"422\" srcset=\"https:\/\/museipiemonte.cultura.gov.it\/wp-content\/uploads\/2018\/11\/locandina-fiabe.jpg 800w, https:\/\/museipiemonte.cultura.gov.it\/wp-content\/uploads\/2018\/11\/locandina-fiabe-300x211.jpg 300w, https:\/\/museipiemonte.cultura.gov.it\/wp-content\/uploads\/2018\/11\/locandina-fiabe-230x162.jpg 230w, https:\/\/museipiemonte.cultura.gov.it\/wp-content\/uploads\/2018\/11\/locandina-fiabe-350x246.jpg 350w\" sizes=\"auto, (max-width: 600px) 100vw, 600px\" \/><\/a><\/p>\n<p>&nbsp;<\/p>\n<p>&nbsp;<\/p>\n<p>Villa della Regina aspetta i bambini e i loro genitori.<\/p>\n<p>L&#8217;attivit\u00e0 \u00e8 gratuita. L&#8217;ingresso \u00e8 a pagamento per i maggiori di 18 anni.<\/p>\n<p>Prenotazione obbligatoria: tel. 0118194484, e-mail <a href=\"mailto:pm-pie.villadellaregina@beniculturali.it\" target=\"_blank\">pm-pie.villadellaregina@beniculturali.it<\/a>&nbsp;<\/p>\n","protected":false},"excerpt":{"rendered":"<p>La magia del Natale a Villa della Regina. Racconti fiabeschi per i pi\u00f9 piccoli e per i loro genitori.<\/p>\n","protected":false},"author":1,"featured_media":780,"comment_status":"closed","ping_status":"closed","sticky":false,"template":"","format":"standard","meta":{"footnotes":""},"categories":[6],"tags":[21,33,25],"class_list":["post-4214","post","type-post","status-publish","format-standard","has-post-thumbnail","hentry","category-villa-della-regina","tag-news","tag-valorizzazione","tag-villa-della-regina"],"_links":{"self":[{"href":"https:\/\/museipiemonte.cultura.gov.it\/index.php\/wp-json\/wp\/v2\/posts\/4214","targetHints":{"allow":["GET"]}}],"collection":[{"href":"https:\/\/museipiemonte.cultura.gov.it\/index.php\/wp-json\/wp\/v2\/posts"}],"about":[{"href":"https:\/\/museipiemonte.cultura.gov.it\/index.php\/wp-json\/wp\/v2\/types\/post"}],"author":[{"embeddable":true,"href":"https:\/\/museipiemonte.cultura.gov.it\/index.php\/wp-json\/wp\/v2\/users\/1"}],"replies":[{"embeddable":true,"href":"https:\/\/museipiemonte.cultura.gov.it\/index.php\/wp-json\/wp\/v2\/comments?post=4214"}],"version-history":[{"count":7,"href":"https:\/\/museipiemonte.cultura.gov.it\/index.php\/wp-json\/wp\/v2\/posts\/4214\/revisions"}],"predecessor-version":[{"id":4239,"href":"https:\/\/museipiemonte.cultura.gov.it\/index.php\/wp-json\/wp\/v2\/posts\/4214\/revisions\/4239"}],"wp:featuredmedia":[{"embeddable":true,"href":"https:\/\/museipiemonte.cultura.gov.it\/index.php\/wp-json\/wp\/v2\/media\/780"}],"wp:attachment":[{"href":"https:\/\/museipiemonte.cultura.gov.it\/index.php\/wp-json\/wp\/v2\/media?parent=4214"}],"wp:term":[{"taxonomy":"category","embeddable":true,"href":"https:\/\/museipiemonte.cultura.gov.it\/index.php\/wp-json\/wp\/v2\/categories?post=4214"},{"taxonomy":"post_tag","embeddable":true,"href":"https:\/\/museipiemonte.cultura.gov.it\/index.php\/wp-json\/wp\/v2\/tags?post=4214"}],"curies":[{"name":"wp","href":"https:\/\/api.w.org\/{rel}","templated":true}]}}