{"id":4378,"date":"2019-02-19T09:07:08","date_gmt":"2019-02-19T08:07:08","guid":{"rendered":"http:\/\/museipiemonte.cultura.gov.it\/?p=4378"},"modified":"2019-02-19T10:33:22","modified_gmt":"2019-02-19T09:33:22","slug":"laboratorio-per-bambini-e-visite-a-tema-a-palazzo-carignano-con-historia-subalpina-domenica-24-febbraio-2019","status":"publish","type":"post","link":"https:\/\/museipiemonte.cultura.gov.it\/index.php\/2019\/02\/19\/laboratorio-per-bambini-e-visite-a-tema-a-palazzo-carignano-con-historia-subalpina-domenica-24-febbraio-2019\/","title":{"rendered":"Laboratorio per bambini e visite a tema a Palazzo Carignano con Historia Subalpina &#8211; domenica 24 febbraio 2019"},"content":{"rendered":"<p>Domenica 24 febbraio <a href=\"http:\/\/museipiemonte.cultura.gov.it\/index.php\/musei-e-luoghi-della-cultura\/palazzo-carignano\/\" target=\"_blank\"><strong>Palazzo Carignano<\/strong><\/a>, in collaborazione con l&#8217;Associazione <em><a href=\"http:\/\/www.historiasubalpina.it\" target=\"_blank\">Historia Subalpina<\/a><\/em>, accoglier\u00e0 il pubblico negli Appartamenti dei Principi con un evento speciale.<\/p>\n<p>Al mattino i bambini, insieme agli operatori museali e a personaggi venuti dal passato, potranno partecipare ad un <strong>laboratorio<\/strong> in cui realizzare una <strong>maschera da indossare<\/strong>. Nel pomeriggio il pubblico potr\u00e0 essere protagonista di <strong>visite tematiche<\/strong> appositamente pensate per il <strong>Carnevale<\/strong>.<\/p>\n<p>Il laboratorio si terr\u00e0 alle 10.30 ed \u00e8 rivolto a bambini di et\u00e0 compresa tra i 4 e i 12 anni. \u00c8 richiesta la prenotazione, da effettuare via mail scrivendo a <a href=\"mailto:pm-pie.palazzocarignano@beniculturali.it\" target=\"_blank\">pm-pie.palazzocarignano@beniculturali.it<\/a>.<br \/>\nLe visite guidate si terranno nel pomeriggio per gruppi di massimo 25 persone con partenze alle ore 15.00, 16.00 e 17.00.<\/p>\n<p>Biglietto d&#8217;ingresso 5,00 euro, ridotto 2,50 euro, fatte salve le gratuit\u00e0 previste da decreto ministeriale e gli ingressi con Abbonamento Musei;<br \/>\nPer il laboratorio dei bambini il biglietto \u00e8 richiesto per un solo accompagnatore.<\/p>\n<p><em>Informazioni:<\/em><br \/>\nTel: 011 5641791 \/ 733<br \/>\ne-mail:&nbsp;<a href=\"mailto:pm-pie.palazzocarignano@beniculturali.it\" target=\"_blank\">pm-pie.palazzocarignano@beniculturali.it<\/a><\/p>\n<p>&nbsp;<\/p>\n<p><a href=\"http:\/\/museipiemonte.cultura.gov.it\/wp-content\/uploads\/2019\/02\/Palazzo-Carignano-Historia-Subalpina.jpg\" target=\"_blank\"><img loading=\"lazy\" decoding=\"async\" class=\"alignnone wp-image-4379 size-medium\" src=\"http:\/\/museipiemonte.cultura.gov.it\/wp-content\/uploads\/2019\/02\/Palazzo-Carignano-Historia-Subalpina-300x192.jpg\" alt=\"Palazzo Carignano - Historia Subalpina\" width=\"300\" height=\"192\" srcset=\"https:\/\/museipiemonte.cultura.gov.it\/wp-content\/uploads\/2019\/02\/Palazzo-Carignano-Historia-Subalpina-300x192.jpg 300w, https:\/\/museipiemonte.cultura.gov.it\/wp-content\/uploads\/2019\/02\/Palazzo-Carignano-Historia-Subalpina-1024x657.jpg 1024w, https:\/\/museipiemonte.cultura.gov.it\/wp-content\/uploads\/2019\/02\/Palazzo-Carignano-Historia-Subalpina-830x532.jpg 830w, https:\/\/museipiemonte.cultura.gov.it\/wp-content\/uploads\/2019\/02\/Palazzo-Carignano-Historia-Subalpina-230x148.jpg 230w, https:\/\/museipiemonte.cultura.gov.it\/wp-content\/uploads\/2019\/02\/Palazzo-Carignano-Historia-Subalpina-350x224.jpg 350w, https:\/\/museipiemonte.cultura.gov.it\/wp-content\/uploads\/2019\/02\/Palazzo-Carignano-Historia-Subalpina.jpg 1854w\" sizes=\"auto, (max-width: 300px) 100vw, 300px\" \/><\/a><\/p>\n","protected":false},"excerpt":{"rendered":"<p>Laboratorio per bambini dai 4 ai 12 anni per la creazione di una maschera di Carnevale da indossare e visite a tema &#8220;Bal Masqu\u00e9&#8221; nelle sale dorate.<\/p>\n","protected":false},"author":1,"featured_media":1020,"comment_status":"closed","ping_status":"closed","sticky":false,"template":"","format":"standard","meta":{"footnotes":""},"categories":[5],"tags":[111,26,36,21,62,71,54],"class_list":["post-4378","post","type-post","status-publish","format-standard","has-post-thumbnail","hentry","category-palazzo-carignano","tag-carnevale","tag-laboratorio-didattico","tag-musei","tag-news","tag-palazzo-carignano","tag-servizi-educativi","tag-visita-guidata"],"_links":{"self":[{"href":"https:\/\/museipiemonte.cultura.gov.it\/index.php\/wp-json\/wp\/v2\/posts\/4378","targetHints":{"allow":["GET"]}}],"collection":[{"href":"https:\/\/museipiemonte.cultura.gov.it\/index.php\/wp-json\/wp\/v2\/posts"}],"about":[{"href":"https:\/\/museipiemonte.cultura.gov.it\/index.php\/wp-json\/wp\/v2\/types\/post"}],"author":[{"embeddable":true,"href":"https:\/\/museipiemonte.cultura.gov.it\/index.php\/wp-json\/wp\/v2\/users\/1"}],"replies":[{"embeddable":true,"href":"https:\/\/museipiemonte.cultura.gov.it\/index.php\/wp-json\/wp\/v2\/comments?post=4378"}],"version-history":[{"count":5,"href":"https:\/\/museipiemonte.cultura.gov.it\/index.php\/wp-json\/wp\/v2\/posts\/4378\/revisions"}],"predecessor-version":[{"id":4384,"href":"https:\/\/museipiemonte.cultura.gov.it\/index.php\/wp-json\/wp\/v2\/posts\/4378\/revisions\/4384"}],"wp:featuredmedia":[{"embeddable":true,"href":"https:\/\/museipiemonte.cultura.gov.it\/index.php\/wp-json\/wp\/v2\/media\/1020"}],"wp:attachment":[{"href":"https:\/\/museipiemonte.cultura.gov.it\/index.php\/wp-json\/wp\/v2\/media?parent=4378"}],"wp:term":[{"taxonomy":"category","embeddable":true,"href":"https:\/\/museipiemonte.cultura.gov.it\/index.php\/wp-json\/wp\/v2\/categories?post=4378"},{"taxonomy":"post_tag","embeddable":true,"href":"https:\/\/museipiemonte.cultura.gov.it\/index.php\/wp-json\/wp\/v2\/tags?post=4378"}],"curies":[{"name":"wp","href":"https:\/\/api.w.org\/{rel}","templated":true}]}}