{"id":4489,"date":"2019-03-20T09:00:04","date_gmt":"2019-03-20T08:00:04","guid":{"rendered":"http:\/\/museipiemonte.cultura.gov.it\/?p=4489"},"modified":"2019-04-01T13:27:56","modified_gmt":"2019-04-01T11:27:56","slug":"disegniamo-larte-2019-sabato-30-e-domenica-31-marzo-2019","status":"publish","type":"post","link":"https:\/\/museipiemonte.cultura.gov.it\/index.php\/2019\/03\/20\/disegniamo-larte-2019-sabato-30-e-domenica-31-marzo-2019\/","title":{"rendered":"Disegniamo l&#8217;arte 2019, sabato 30 e domenica 31 marzo 2019"},"content":{"rendered":"<p>Anche quest\u2019anno dalla collaborazione con <em>Abbonamento Musei Torino Piemonte<\/em>&nbsp;nascono le tante iniziative didattiche di <em>Disegniamo l\u2019arte 2019<\/em>.<\/p>\n<p><strong>Sabato 30 o domenica 31 marzo<\/strong> gli educatori museali delle nostre sedi aspettano i bambini e i loro genitori proponendo tante simpatiche attivit\u00e0.<\/p>\n<p><strong>Sabato 30 marzo<\/strong><\/p>\n<p><a href=\"http:\/\/museipiemonte.cultura.gov.it\/wp-content\/uploads\/2016\/05\/Aglie.jpg\"><img loading=\"lazy\" decoding=\"async\" class=\"alignnone size-medium wp-image-828\" src=\"http:\/\/museipiemonte.cultura.gov.it\/wp-content\/uploads\/2016\/05\/Aglie-300x43.jpg\" alt=\"Aglie\" width=\"300\" height=\"43\" srcset=\"https:\/\/museipiemonte.cultura.gov.it\/wp-content\/uploads\/2016\/05\/Aglie-300x43.jpg 300w, https:\/\/museipiemonte.cultura.gov.it\/wp-content\/uploads\/2016\/05\/Aglie-230x33.jpg 230w, https:\/\/museipiemonte.cultura.gov.it\/wp-content\/uploads\/2016\/05\/Aglie-350x50.jpg 350w, https:\/\/museipiemonte.cultura.gov.it\/wp-content\/uploads\/2016\/05\/Aglie.jpg 700w\" sizes=\"auto, (max-width: 300px) 100vw, 300px\" \/><\/a><\/p>\n<p>Il <strong><a href=\"http:\/\/museipiemonte.cultura.gov.it\/index.php\/musei-e-luoghi-della-cultura\/castello-di-aglie\/\" target=\"_blank\">Castello di Agli\u00e9<\/a>, alle 17.00, <em>Tutti artisti per la Regina<\/em>:<\/strong><\/p>\n<p>a grande&nbsp;richiesta, le sale del Castello si trasformeranno di nuovo in una piccola <em>accademia di disegno<\/em> e la Regina Maria Cristina metter\u00e0 a disposizione i propri dipinti e le proprie statue per far esercitare i suoi ospiti.<br \/>\nRiusciranno i nostri &#8220;artisti in erba&#8221; a creare dei quadri che piacciano a Sua Maest\u00e0 come quelli dell&#8217;anno scorso?<\/p>\n<p>La prenotazione \u00e8 consigliata.<\/p>\n<p>Per&nbsp;informazioni e&nbsp;prenotazioni: tel. 0124330102; mail:&nbsp;<a href=\"mailto:pm-pie.aglie@beniculturali.it\" target=\"_blank\">pm-pie.aglie@beniculturali.it<\/a><\/p>\n<p>&nbsp;<\/p>\n<p><a href=\"http:\/\/museipiemonte.cultura.gov.it\/wp-content\/uploads\/2016\/07\/Vezzolano.jpg\"><img loading=\"lazy\" decoding=\"async\" class=\"alignnone size-medium wp-image-980\" src=\"http:\/\/museipiemonte.cultura.gov.it\/wp-content\/uploads\/2016\/07\/Vezzolano-300x43.jpg\" alt=\"Vezzolano\" width=\"300\" height=\"43\" srcset=\"https:\/\/museipiemonte.cultura.gov.it\/wp-content\/uploads\/2016\/07\/Vezzolano-300x43.jpg 300w, https:\/\/museipiemonte.cultura.gov.it\/wp-content\/uploads\/2016\/07\/Vezzolano-230x33.jpg 230w, https:\/\/museipiemonte.cultura.gov.it\/wp-content\/uploads\/2016\/07\/Vezzolano-350x50.jpg 350w, https:\/\/museipiemonte.cultura.gov.it\/wp-content\/uploads\/2016\/07\/Vezzolano.jpg 700w\" sizes=\"auto, (max-width: 300px) 100vw, 300px\" \/><\/a><\/p>\n<p>All&#8217; <a href=\"http:\/\/museipiemonte.cultura.gov.it\/index.php\/musei-e-luoghi-della-cultura\/abbazia-di-vezzolano\/\" target=\"_blank\"><strong>Abbazia di Vezzolano<\/strong><\/a> &#8211; una delle testimonianze del medioevo romanico piemontese, inserita in un ambiente naturale che ispira serenit\u00e0 e riposo &#8211; due laboratori dal titolo <em><strong>Vezzolano, il mio angolo di Medioevo<\/strong><\/em> aspettano i visitatori dai 6 ai 14 anni <strong>alle 10.00 e alle 14.30<\/strong>.&nbsp;<br \/>\nDalla chiesa con la sua facciata in arenaria ed il suo meraviglioso jub\u00e8, al chiostro con i suoi affreschi, al meleto, tanti sono gli angoli suggestivi che i piccoli artisti potranno scegliere di riprodurre.<\/p>\n<p>L\u2019attivit\u00e0 \u00e8 resa possibile grazie alla collaborazione dei volontari dell\u2019Associazione <em>InCollina<\/em>.<\/p>\n<p>L\u2019ingresso e l\u2019attivit\u00e0 sono gratuiti.<\/p>\n<p>&nbsp;<\/p>\n<p><a href=\"http:\/\/museipiemonte.cultura.gov.it\/wp-content\/uploads\/2016\/08\/Serralunga.jpg\"><img loading=\"lazy\" decoding=\"async\" class=\"alignnone size-medium wp-image-1052\" src=\"http:\/\/museipiemonte.cultura.gov.it\/wp-content\/uploads\/2016\/08\/Serralunga-300x43.jpg\" alt=\"Serralunga\" width=\"300\" height=\"43\" srcset=\"https:\/\/museipiemonte.cultura.gov.it\/wp-content\/uploads\/2016\/08\/Serralunga-300x43.jpg 300w, https:\/\/museipiemonte.cultura.gov.it\/wp-content\/uploads\/2016\/08\/Serralunga-230x33.jpg 230w, https:\/\/museipiemonte.cultura.gov.it\/wp-content\/uploads\/2016\/08\/Serralunga-350x50.jpg 350w, https:\/\/museipiemonte.cultura.gov.it\/wp-content\/uploads\/2016\/08\/Serralunga.jpg 700w\" sizes=\"auto, (max-width: 300px) 100vw, 300px\" \/><\/a><\/p>\n<p>Al <strong><a href=\"http:\/\/museipiemonte.cultura.gov.it\/index.php\/musei-e-luoghi-della-cultura\/castello-di-serralunga\/\" target=\"_blank\">Castello di Serralunga<\/a> alle 15.30,<\/strong>&nbsp;<strong><em>Il paesaggio<\/em><\/strong>:<\/p>\n<p>le famiglie saranno accompagnate in visita e guidate a cogliere dettagli e aspetti peculiari dell&#8217;architettura dell\u2019edificio e del paesaggio circostante.<br \/>\nNella successiva attivit\u00e0 di disegno, pur lasciando libert\u00e0 ai bambini, li si inviter\u00e0 ad esprimersi pertanto proprio sull&#8217;architettura dell&#8217;edificio e sul paesaggio visibile da esso, per indurli ad osservare e interpretare quello che vedono.<\/p>\n<p>Per&nbsp;informazioni e&nbsp;prenotazioni: tel.&nbsp;0173613358<\/p>\n<p>&nbsp;<\/p>\n<p><strong>Domenica 31 marzo<\/strong><\/p>\n<p><a href=\"http:\/\/museipiemonte.cultura.gov.it\/wp-content\/uploads\/2016\/05\/Racconigi.jpg\"><img loading=\"lazy\" decoding=\"async\" class=\"alignnone size-medium wp-image-830\" src=\"http:\/\/museipiemonte.cultura.gov.it\/wp-content\/uploads\/2016\/05\/Racconigi-300x43.jpg\" alt=\"Racconigi\" width=\"300\" height=\"43\" srcset=\"https:\/\/museipiemonte.cultura.gov.it\/wp-content\/uploads\/2016\/05\/Racconigi-300x43.jpg 300w, https:\/\/museipiemonte.cultura.gov.it\/wp-content\/uploads\/2016\/05\/Racconigi-230x33.jpg 230w, https:\/\/museipiemonte.cultura.gov.it\/wp-content\/uploads\/2016\/05\/Racconigi-350x50.jpg 350w, https:\/\/museipiemonte.cultura.gov.it\/wp-content\/uploads\/2016\/05\/Racconigi.jpg 700w\" sizes=\"auto, (max-width: 300px) 100vw, 300px\" \/><\/a><\/p>\n<p>Nel <strong><a href=\"http:\/\/museipiemonte.cultura.gov.it\/index.php\/musei-e-luoghi-della-cultura\/castello-di-racconigi\/\" target=\"_blank\">Castello di Racconigi<\/a>,<em> Lo scrigno ritrovato<\/em>:<\/strong><\/p>\n<p><strong>alle ore 10.00, 11.30, 14.00 e 15.30<\/strong> saranno organizzati 4 laboratori didattici dedicati ad uno dei manufatti pi\u00f9 preziosi delle collezioni : lo scrigno della regina Margherita di Savoia, un raffinato capolavoro ornato da intarsi in avorio e madreperla e originariamente destinato a ospitare monete, piccoli oggetti di valore e gemme.<br \/>\nL\u2019attivit\u00e0 consentir\u00e0 di osservare in via eccezionale i <em>\u201cpiccoli e preziosi\u201d<\/em> dettagli dello scrigno della regina: simboli, decorazioni, fiori, animali fantastici, grottesche policrome, statuine d&#8217;avorio e medaglioni.<br \/>\nGrandi e piccini saranno invitati a osservare i tanti ricchi particolari e a cimentarsi nel disegno sperimentando la propria creativit\u00e0. Per i pi\u00f9 piccoli saranno predisposti disegni da colorare.<br \/>\nL&#8217;attivit\u00e0 \u00e8 dedicata alle famiglie e a chiunque voglia cimentarsi nell\u2019<em>arte<\/em> del disegno.<\/p>\n<p><strong>La prenotazione \u00e8 obbligatoria<\/strong> ed occorre inviare una richiesta, indicando l&#8217;orario preferito, a <a href=\"mailto:pm-pie.racconigi.sed@beniculturali.it\" target=\"_blank\">pm-pie.racconigi.sed@beniculturali.it<\/a><\/p>\n<p>&nbsp;<\/p>\n<p><a href=\"http:\/\/museipiemonte.cultura.gov.it\/wp-content\/uploads\/2016\/05\/Villa.jpg\"><img loading=\"lazy\" decoding=\"async\" class=\"alignnone size-medium wp-image-780\" src=\"http:\/\/museipiemonte.cultura.gov.it\/wp-content\/uploads\/2016\/05\/Villa-300x43.jpg\" alt=\"Villa\" width=\"300\" height=\"43\" srcset=\"https:\/\/museipiemonte.cultura.gov.it\/wp-content\/uploads\/2016\/05\/Villa-300x43.jpg 300w, https:\/\/museipiemonte.cultura.gov.it\/wp-content\/uploads\/2016\/05\/Villa-230x33.jpg 230w, https:\/\/museipiemonte.cultura.gov.it\/wp-content\/uploads\/2016\/05\/Villa-350x50.jpg 350w, https:\/\/museipiemonte.cultura.gov.it\/wp-content\/uploads\/2016\/05\/Villa.jpg 700w\" sizes=\"auto, (max-width: 300px) 100vw, 300px\" \/><\/a><\/p>\n<p><strong>A&nbsp;<a href=\"http:\/\/museipiemonte.cultura.gov.it\/index.php\/musei-e-luoghi-della-cultura\/villa-della-regina\/\" target=\"_blank\">Villa della Regina<\/a><\/strong>&nbsp;<strong>&nbsp;alle ore 11.00, <em>Finestre sulla natura:<\/em><\/strong><\/p>\n<p>ogni finestra della Villa inquadra un panorama sapientemente realizzato da architetti, giardinieri, fontanieri e scultori che tra Sei e Settecento hanno realizzato questa residenza di delizie. E dove la finestra non c&#8217;era, i pittori di corte hanno inventato panorami immaginari.<br \/>\nDurante l&#8217;attivit\u00e0&nbsp;andremo di sala in sala per scegliere la nostra finestra preferita, scoprire il mondo attraverso il suo vetro e riproporlo nei nostri disegni.<\/p>\n<p><a href=\"http:\/\/museipiemonte.cultura.gov.it\/wp-content\/uploads\/2019\/03\/finestra-copia.jpg\"><img loading=\"lazy\" decoding=\"async\" class=\"alignnone size-medium wp-image-4494\" src=\"http:\/\/museipiemonte.cultura.gov.it\/wp-content\/uploads\/2019\/03\/finestra-copia-176x300.jpg\" alt=\"finestra copia\" width=\"176\" height=\"300\" srcset=\"https:\/\/museipiemonte.cultura.gov.it\/wp-content\/uploads\/2019\/03\/finestra-copia-176x300.jpg 176w, https:\/\/museipiemonte.cultura.gov.it\/wp-content\/uploads\/2019\/03\/finestra-copia-230x393.jpg 230w, https:\/\/museipiemonte.cultura.gov.it\/wp-content\/uploads\/2019\/03\/finestra-copia-350x598.jpg 350w, https:\/\/museipiemonte.cultura.gov.it\/wp-content\/uploads\/2019\/03\/finestra-copia.jpg 475w\" sizes=\"auto, (max-width: 176px) 100vw, 176px\" \/><\/a><\/p>\n<p>Per informazioni e prenotazioni: tel. 0118194484; mail:&nbsp;<a href=\"mailto:pm-pie.villadellaregina@beniculturali.it\" target=\"_blank\">pm-pie.villadellaregina@beniculturali.it<\/a><\/p>\n<p>&nbsp;<\/p>\n<p><a href=\"http:\/\/museipiemonte.cultura.gov.it\/wp-content\/uploads\/2016\/05\/PoloMuseale.jpg\"><img loading=\"lazy\" decoding=\"async\" class=\"alignnone size-medium wp-image-837\" src=\"http:\/\/museipiemonte.cultura.gov.it\/wp-content\/uploads\/2016\/05\/PoloMuseale-300x43.jpg\" alt=\"PoloMuseale\" width=\"300\" height=\"43\" srcset=\"https:\/\/museipiemonte.cultura.gov.it\/wp-content\/uploads\/2016\/05\/PoloMuseale-300x43.jpg 300w, https:\/\/museipiemonte.cultura.gov.it\/wp-content\/uploads\/2016\/05\/PoloMuseale-230x33.jpg 230w, https:\/\/museipiemonte.cultura.gov.it\/wp-content\/uploads\/2016\/05\/PoloMuseale-350x50.jpg 350w, https:\/\/museipiemonte.cultura.gov.it\/wp-content\/uploads\/2016\/05\/PoloMuseale.jpg 700w\" sizes=\"auto, (max-width: 300px) 100vw, 300px\" \/><\/a><\/p>\n<p>A <strong><a href=\"http:\/\/museipiemonte.cultura.gov.it\/index.php\/musei-e-luoghi-della-cultura\/palazzo-carignano\/\" target=\"_blank\">Palazzo Carignano<\/a> alle ore 15.00, <em>Fiori e frutti di palazzo:<\/em><\/strong><\/p>\n<p>il laboratorio didattico proposto dagli educatori museali accompagner\u00e0 i piccoli visitatori alla conoscenza dell&#8217;apparato decorativo degli Appartamenti Reali.<br \/>\nI bambini saranno poi invitati a scegliere fra i tanti festoni con soggetti di fiori e frutti presenti nelle sale e a riprodurli.<\/p>\n<p><strong>La prenotazione \u00e8 obbligatoria.<\/strong><\/p>\n<p><a href=\"http:\/\/museipiemonte.cultura.gov.it\/wp-content\/uploads\/2019\/03\/IMG_1713-Copia.jpg\"><img loading=\"lazy\" decoding=\"async\" class=\"alignnone size-medium wp-image-4495\" src=\"http:\/\/museipiemonte.cultura.gov.it\/wp-content\/uploads\/2019\/03\/IMG_1713-Copia-225x300.jpg\" alt=\"IMG_1713 - Copia\" width=\"225\" height=\"300\" srcset=\"https:\/\/museipiemonte.cultura.gov.it\/wp-content\/uploads\/2019\/03\/IMG_1713-Copia-225x300.jpg 225w, https:\/\/museipiemonte.cultura.gov.it\/wp-content\/uploads\/2019\/03\/IMG_1713-Copia-768x1024.jpg 768w, https:\/\/museipiemonte.cultura.gov.it\/wp-content\/uploads\/2019\/03\/IMG_1713-Copia-830x1107.jpg 830w, https:\/\/museipiemonte.cultura.gov.it\/wp-content\/uploads\/2019\/03\/IMG_1713-Copia-230x307.jpg 230w, https:\/\/museipiemonte.cultura.gov.it\/wp-content\/uploads\/2019\/03\/IMG_1713-Copia-350x467.jpg 350w, https:\/\/museipiemonte.cultura.gov.it\/wp-content\/uploads\/2019\/03\/IMG_1713-Copia.jpg 1224w\" sizes=\"auto, (max-width: 225px) 100vw, 225px\" \/><\/a><\/p>\n<p>Per&nbsp;informazioni e&nbsp;prenotazioni: tel. 0115641791; mail:&nbsp;<a href=\"mailto:pm-pie.palazzocarignano@beniculturali.it\" target=\"_blank\">pm-pie.palazzocarignano@beniculturali.it<\/a><\/p>\n<p>&nbsp;<\/p>\n<p><a href=\"http:\/\/museipiemonte.cultura.gov.it\/wp-content\/uploads\/2017\/01\/fruttuaria.jpg\"><img loading=\"lazy\" decoding=\"async\" class=\"alignnone size-medium wp-image-1456\" src=\"http:\/\/museipiemonte.cultura.gov.it\/wp-content\/uploads\/2017\/01\/fruttuaria-300x43.jpg\" alt=\"fruttuaria\" width=\"300\" height=\"43\" srcset=\"https:\/\/museipiemonte.cultura.gov.it\/wp-content\/uploads\/2017\/01\/fruttuaria-300x43.jpg 300w, https:\/\/museipiemonte.cultura.gov.it\/wp-content\/uploads\/2017\/01\/fruttuaria-230x33.jpg 230w, https:\/\/museipiemonte.cultura.gov.it\/wp-content\/uploads\/2017\/01\/fruttuaria-350x50.jpg 350w, https:\/\/museipiemonte.cultura.gov.it\/wp-content\/uploads\/2017\/01\/fruttuaria.jpg 700w\" sizes=\"auto, (max-width: 300px) 100vw, 300px\" \/><\/a><\/p>\n<p>L&#8217;<a style=\"font-weight: bold;\" href=\"http:\/\/museipiemonte.cultura.gov.it\/index.php\/musei-e-luoghi-della-cultura\/abbazia-di-fruttuaria\/\" target=\"_blank\">Abbazia di Fruttuaria<\/a>,&nbsp;<strong>dalle 15.00 alle 17.00, <em>I mille anno dell&#8217;abbazia:<\/em><\/strong><\/p>\n<p>L&#8217;abbazia che fu costruita nella seconda met\u00e0 del &#8216;700, conserva notevoli tracce dell&#8217;originaria chiesa del 1000, soprattutto mosaici raffiguranti animali, reali e fantastici.<br \/>\nL\u2019attivit\u00e0 della giornata &nbsp;consister\u00e0 nell\u2019ispirarsi a particolari dei mosaici o della chiesa, lasciando libero sfogo alla fantasia.<\/p>\n<p>L\u2019attivit\u00e0 \u00e8 resa possibile grazie alla collaborazione dei volontari dell\u2019Associazione <em>Amici di Fruttuaria.<\/em><\/p>\n<p>L\u2019ingresso e l\u2019attivit\u00e0 sono gratuiti.<\/p>\n<p>&nbsp;<\/p>\n<p>&nbsp;<\/p>\n<p>&nbsp;<\/p>\n","protected":false},"excerpt":{"rendered":"<p>I bambini potranno essere i protagonisti di tanti laboratori artistici: Disegniamo l&#8217;arte 2019 vi aspetta nelle nostre sedi.<\/p>\n","protected":false},"author":1,"featured_media":1854,"comment_status":"closed","ping_status":"closed","sticky":false,"template":"","format":"standard","meta":{"footnotes":""},"categories":[64,12,7,10,11,5,6],"tags":[52,58,35,65,26,36,21,62,41,31,33,53,25,54],"class_list":["post-4489","post","type-post","status-publish","format-standard","has-post-thumbnail","hentry","category-abbazia-di-fruttuaria","category-abbazia-di-vezzolano","category-castello-di-aglie","category-castello-di-racconigi","category-castello-di-serralunga","category-palazzo-carignano","category-villa-della-regina","tag-abbazia","tag-aglie","tag-castello","tag-fruttuaria","tag-laboratorio-didattico","tag-musei","tag-news","tag-palazzo-carignano","tag-racconigi","tag-serralunga","tag-valorizzazione","tag-vezzolano","tag-villa-della-regina","tag-visita-guidata"],"_links":{"self":[{"href":"https:\/\/museipiemonte.cultura.gov.it\/index.php\/wp-json\/wp\/v2\/posts\/4489","targetHints":{"allow":["GET"]}}],"collection":[{"href":"https:\/\/museipiemonte.cultura.gov.it\/index.php\/wp-json\/wp\/v2\/posts"}],"about":[{"href":"https:\/\/museipiemonte.cultura.gov.it\/index.php\/wp-json\/wp\/v2\/types\/post"}],"author":[{"embeddable":true,"href":"https:\/\/museipiemonte.cultura.gov.it\/index.php\/wp-json\/wp\/v2\/users\/1"}],"replies":[{"embeddable":true,"href":"https:\/\/museipiemonte.cultura.gov.it\/index.php\/wp-json\/wp\/v2\/comments?post=4489"}],"version-history":[{"count":8,"href":"https:\/\/museipiemonte.cultura.gov.it\/index.php\/wp-json\/wp\/v2\/posts\/4489\/revisions"}],"predecessor-version":[{"id":4499,"href":"https:\/\/museipiemonte.cultura.gov.it\/index.php\/wp-json\/wp\/v2\/posts\/4489\/revisions\/4499"}],"wp:featuredmedia":[{"embeddable":true,"href":"https:\/\/museipiemonte.cultura.gov.it\/index.php\/wp-json\/wp\/v2\/media\/1854"}],"wp:attachment":[{"href":"https:\/\/museipiemonte.cultura.gov.it\/index.php\/wp-json\/wp\/v2\/media?parent=4489"}],"wp:term":[{"taxonomy":"category","embeddable":true,"href":"https:\/\/museipiemonte.cultura.gov.it\/index.php\/wp-json\/wp\/v2\/categories?post=4489"},{"taxonomy":"post_tag","embeddable":true,"href":"https:\/\/museipiemonte.cultura.gov.it\/index.php\/wp-json\/wp\/v2\/tags?post=4489"}],"curies":[{"name":"wp","href":"https:\/\/api.w.org\/{rel}","templated":true}]}}