{"id":4628,"date":"2019-05-21T12:27:10","date_gmt":"2019-05-21T10:27:10","guid":{"rendered":"http:\/\/museipiemonte.cultura.gov.it\/?p=4628"},"modified":"2019-06-03T11:58:03","modified_gmt":"2019-06-03T09:58:03","slug":"eventi-della-settimana-dal-23-al-26-maggio-2019","status":"publish","type":"post","link":"https:\/\/museipiemonte.cultura.gov.it\/index.php\/2019\/05\/21\/eventi-della-settimana-dal-23-al-26-maggio-2019\/","title":{"rendered":"Eventi della settimana, dal 23 al 26 maggio 2019"},"content":{"rendered":"<p>Ripartono, grazie alla collaborazione con <em><a href=\"https:\/\/www.turismotorino.org\/it\/reali-sensi-2\" target=\"_blank\">Turismo Torino e Provincia<\/a>,&nbsp;<\/em>le attivit\u00e0 realizzate per l&#8217;iniziativa <em><strong>Reali Sensi<\/strong><\/em>, in questa occasione al Castello di Racconigi e a Palazzo Carignano.<\/p>\n<p>&nbsp;<\/p>\n<p><a href=\"http:\/\/museipiemonte.cultura.gov.it\/wp-content\/uploads\/2016\/05\/Racconigi.jpg\"><img loading=\"lazy\" decoding=\"async\" class=\"alignnone wp-image-830 size-medium\" src=\"http:\/\/museipiemonte.cultura.gov.it\/wp-content\/uploads\/2016\/05\/Racconigi-300x43.jpg\" alt=\"Racconigi\" width=\"300\" height=\"43\" srcset=\"https:\/\/museipiemonte.cultura.gov.it\/wp-content\/uploads\/2016\/05\/Racconigi-300x43.jpg 300w, https:\/\/museipiemonte.cultura.gov.it\/wp-content\/uploads\/2016\/05\/Racconigi-230x33.jpg 230w, https:\/\/museipiemonte.cultura.gov.it\/wp-content\/uploads\/2016\/05\/Racconigi-350x50.jpg 350w, https:\/\/museipiemonte.cultura.gov.it\/wp-content\/uploads\/2016\/05\/Racconigi.jpg 700w\" sizes=\"auto, (max-width: 300px) 100vw, 300px\" \/><\/a><\/p>\n<p>Al <strong><a href=\"http:\/\/museipiemonte.cultura.gov.it\/index.php\/musei-e-luoghi-della-cultura\/castello-di-racconigi\/\" target=\"_blank\">Castello di Racconigi<\/a>, gioved\u00ec 23 maggio alle 15.30<\/strong><\/p>\n<p><em><strong>Il Gusto &#8211; Dalle cucine reali ai pranzi di corte<\/strong>:&nbsp;<\/em>un percorso tematico sul gusto aprendo le porte di uno dei suoi luoghi pi\u00f9 coinvolgenti e nascosti: le cucine reali, chiamate a corte <em>\u201cUffici di Bocca\u201d<\/em>. La visita sar\u00e0 un\u2019occasione per scoprire gli aspetti inediti delle cucine sabaude: un grande palcoscenico su cui si muovevano brigate di cuochi e di inservienti. Un itinerario approfondito che, attraverso studi, notizie e curiosit\u00e0, permetter\u00e0 di esplorare il dietro le quinte dei banchetti della corte sabauda dell\u2019800 e del \u2018900.<\/p>\n<p><a href=\"http:\/\/museipiemonte.cultura.gov.it\/wp-content\/uploads\/2016\/09\/Cucine.jpg\"><img loading=\"lazy\" decoding=\"async\" class=\"alignnone wp-image-1101\" src=\"http:\/\/museipiemonte.cultura.gov.it\/wp-content\/uploads\/2016\/09\/Cucine-1024x677.jpg\" alt=\"cucine\" width=\"500\" height=\"330\" srcset=\"https:\/\/museipiemonte.cultura.gov.it\/wp-content\/uploads\/2016\/09\/Cucine-1024x677.jpg 1024w, https:\/\/museipiemonte.cultura.gov.it\/wp-content\/uploads\/2016\/09\/Cucine-300x198.jpg 300w, https:\/\/museipiemonte.cultura.gov.it\/wp-content\/uploads\/2016\/09\/Cucine-830x548.jpg 830w, https:\/\/museipiemonte.cultura.gov.it\/wp-content\/uploads\/2016\/09\/Cucine-230x152.jpg 230w, https:\/\/museipiemonte.cultura.gov.it\/wp-content\/uploads\/2016\/09\/Cucine-350x231.jpg 350w\" sizes=\"auto, (max-width: 500px) 100vw, 500px\" \/><\/a><\/p>\n<p>Per informazioni e prenotazioni:&nbsp;<a href=\"mailto:pm-pie.racconigi.sed@beniculturali.it\" target=\"_blank\">pm-pie.racconigi.sed@beniculturali.it<\/a><\/p>\n<p>&nbsp;<\/p>\n<p><a href=\"http:\/\/museipiemonte.cultura.gov.it\/wp-content\/uploads\/2016\/05\/PoloMuseale.jpg\"><img loading=\"lazy\" decoding=\"async\" class=\"alignnone wp-image-837 size-medium\" src=\"http:\/\/museipiemonte.cultura.gov.it\/wp-content\/uploads\/2016\/05\/PoloMuseale-300x43.jpg\" alt=\"PoloMuseale\" width=\"300\" height=\"43\" srcset=\"https:\/\/museipiemonte.cultura.gov.it\/wp-content\/uploads\/2016\/05\/PoloMuseale-300x43.jpg 300w, https:\/\/museipiemonte.cultura.gov.it\/wp-content\/uploads\/2016\/05\/PoloMuseale-230x33.jpg 230w, https:\/\/museipiemonte.cultura.gov.it\/wp-content\/uploads\/2016\/05\/PoloMuseale-350x50.jpg 350w, https:\/\/museipiemonte.cultura.gov.it\/wp-content\/uploads\/2016\/05\/PoloMuseale.jpg 700w\" sizes=\"auto, (max-width: 300px) 100vw, 300px\" \/><\/a><\/p>\n<p>A <strong><a href=\"http:\/\/museipiemonte.cultura.gov.it\/index.php\/musei-e-luoghi-della-cultura\/palazzo-carignano\/\" target=\"_blank\">Palazzo Carignano<\/a>, domenica 26 maggio, alle ore 11.00<\/strong><\/p>\n<p><strong><em>Il Tatto &#8211; Vietato non toccare:&nbsp;<\/em><\/strong>un percorso condotto nelle parti esterne di Palazzo Carignano, in cui i visitatori potranno ammirare la genialit\u00e0 costruttiva dell\u2019architetto, il geniale Guarino Guarini, e toccare cogli occhi e con la mano i materiali utilizzati: il mattone seicentesco che adorna le facciate, il marmo di Gassino delle colonne dell\u2019atrio, la pietra di Luserna che pavimenta l\u2019atrio e i vestiboli, e i suggestivi Scaloni dalle linee curve.<br \/>\nAll\u2019interno degli Appartamenti dei Principi verr\u00e0 approfondito il discorso della decorazione murale con <em>boiseries<\/em> dorate a foglia d\u2019oro, finemente lavorate, che risplendono fra i grandi specchi incastonati nelle pareti.<\/p>\n<p><a href=\"http:\/\/museipiemonte.cultura.gov.it\/wp-content\/uploads\/2019\/05\/IMG_4611.jpg\"><img loading=\"lazy\" decoding=\"async\" class=\"alignnone wp-image-4633\" src=\"http:\/\/museipiemonte.cultura.gov.it\/wp-content\/uploads\/2019\/05\/IMG_4611-1024x768.jpg\" alt=\"IMG_4611\" width=\"500\" height=\"375\" srcset=\"https:\/\/museipiemonte.cultura.gov.it\/wp-content\/uploads\/2019\/05\/IMG_4611-1024x768.jpg 1024w, https:\/\/museipiemonte.cultura.gov.it\/wp-content\/uploads\/2019\/05\/IMG_4611-300x225.jpg 300w, https:\/\/museipiemonte.cultura.gov.it\/wp-content\/uploads\/2019\/05\/IMG_4611-830x623.jpg 830w, https:\/\/museipiemonte.cultura.gov.it\/wp-content\/uploads\/2019\/05\/IMG_4611-230x173.jpg 230w, https:\/\/museipiemonte.cultura.gov.it\/wp-content\/uploads\/2019\/05\/IMG_4611-350x263.jpg 350w\" sizes=\"auto, (max-width: 500px) 100vw, 500px\" \/><\/a><\/p>\n<p>Prenotazioni e informazioni: tel. 0115641791;&nbsp;e-mail <a href=\"mailto:pm-pie.palazzocarignano@beniculturali.it\" target=\"_blank\">pm-pie.palazzocarignano@beniculturali.it<\/a><\/p>\n<p>&nbsp;<\/p>\n<p><a href=\"http:\/\/museipiemonte.cultura.gov.it\/wp-content\/uploads\/2016\/07\/Vezzolano.jpg\"><img loading=\"lazy\" decoding=\"async\" class=\"alignnone wp-image-980 size-medium\" src=\"http:\/\/museipiemonte.cultura.gov.it\/wp-content\/uploads\/2016\/07\/Vezzolano-300x43.jpg\" alt=\"Vezzolano\" width=\"300\" height=\"43\" srcset=\"https:\/\/museipiemonte.cultura.gov.it\/wp-content\/uploads\/2016\/07\/Vezzolano-300x43.jpg 300w, https:\/\/museipiemonte.cultura.gov.it\/wp-content\/uploads\/2016\/07\/Vezzolano-230x33.jpg 230w, https:\/\/museipiemonte.cultura.gov.it\/wp-content\/uploads\/2016\/07\/Vezzolano-350x50.jpg 350w, https:\/\/museipiemonte.cultura.gov.it\/wp-content\/uploads\/2016\/07\/Vezzolano.jpg 700w\" sizes=\"auto, (max-width: 300px) 100vw, 300px\" \/><\/a><\/p>\n<p>All&#8217;<strong><a href=\"http:\/\/museipiemonte.cultura.gov.it\/index.php\/musei-e-luoghi-della-cultura\/abbazia-di-vezzolano\/\" target=\"_blank\">Abbazia di Vezzolano<\/a>&nbsp;fino a domenica 2 giugno&nbsp;<\/strong>sar\u00e0 possibile visitare&nbsp;la mostra di pittura dell\u2019<em>Unione Artisti Chieresi<\/em>&nbsp;<\/p>\n<p><em><strong>Tesori oltre il tempo<\/strong><\/em><\/p>\n<p>Ingresso libero e gratuito.<\/p>\n<p>Inoltre <strong>domenica 26 maggio, alle ore 15.00<\/strong>, concerto della Corale Pinese &#8220;<em>La Primavera dell\u2019anima\u201d<\/em>. <em>Missae della tradizione classica e contemporanea, arie di stampo meditativo senza accompagnamento strumentale<\/em>, diretta dal Maestro Mario Tento.&nbsp;<\/p>\n<p>&nbsp;<\/p>\n<p><a href=\"http:\/\/museipiemonte.cultura.gov.it\/wp-content\/uploads\/2016\/08\/Serralunga.jpg\"><img loading=\"lazy\" decoding=\"async\" class=\"alignnone wp-image-1052 size-medium\" src=\"http:\/\/museipiemonte.cultura.gov.it\/wp-content\/uploads\/2016\/08\/Serralunga-300x43.jpg\" alt=\"Serralunga\" width=\"300\" height=\"43\" srcset=\"https:\/\/museipiemonte.cultura.gov.it\/wp-content\/uploads\/2016\/08\/Serralunga-300x43.jpg 300w, https:\/\/museipiemonte.cultura.gov.it\/wp-content\/uploads\/2016\/08\/Serralunga-230x33.jpg 230w, https:\/\/museipiemonte.cultura.gov.it\/wp-content\/uploads\/2016\/08\/Serralunga-350x50.jpg 350w, https:\/\/museipiemonte.cultura.gov.it\/wp-content\/uploads\/2016\/08\/Serralunga.jpg 700w\" sizes=\"auto, (max-width: 300px) 100vw, 300px\" \/><\/a><\/p>\n<p>Nel <strong><a href=\"http:\/\/museipiemonte.cultura.gov.it\/index.php\/musei-e-luoghi-della-cultura\/castello-di-serralunga\/\" target=\"_blank\">Castello di Serralunga d&#8217;Alba<\/a>, sabato 25 maggio alle ore 16.00,<\/strong> vi aspetta<\/p>\n<p><strong><em>Un giardino da fiaba:&nbsp;<\/em><\/strong>una nuova attivit\u00e0 per i visitatori pi\u00f9 giovani, alla scoperta della natura che circonda uno dei manieri pi\u00f9 affascinanti di tutta la Langa, affidato in gestione alla&nbsp;<em>Barolo &amp; Castles Foundation<\/em>, tra gli esempi meglio conservati di edificio nobiliare trecentesco di tutta la regione.<\/p>\n<p>Durante la visita, organizzata in collaborazione con <em>Officine Zeta,<\/em> i bambini saranno coinvolti in un laboratorio interattivo in cui imparare a usare tutti i 5 sensi e scoprire quali misteriosi segreti nasconde il giardino del castello. Ad accompagnare i partecipanti in questo viaggio all\u2019aperto ci sar\u00e0 un\u2019animatrice che guider\u00e0 i bimbi tra colori, profumi, piccoli esseri viventi e, forse, perfino creature un po\u2019 magiche.<\/p>\n<p>Et\u00e0 consigliata: dai 5 ai 10 anni<br \/>\n<strong>Prenotazioni obbligatorie entro le 18.00 di venerd\u00ec 24 maggio<\/strong>. L\u2019attivit\u00e0 ha una durata di 45 minuti. Durante l&#8217;attivit\u00e0 dei bambini, i genitori potranno visitare il maniero con accompagnamento guidato o ancora partecipare prima o dopo a un altro turno di visita in compagnia dei propri bambini<br \/>\nCosto: 8 euro a bambino che al termine dell\u2019attivit\u00e0 ricever\u00e0 un piccolo omaggio <em>Baratti &amp; Milano.<\/em><br \/>\nIn caso di maltempo l\u2019attivit\u00e0 sar\u00e0 annullata<\/p>\n<p>Informazioni e prenotazioni (obbligatorie): <a href=\"mailto:info@barolofoundation.it\" target=\"_blank\">info@barolofoundation.it<\/a> oppure chiamando il numero 0173386697.<\/p>\n<p>&nbsp;<\/p>\n<p><a href=\"http:\/\/museipiemonte.cultura.gov.it\/wp-content\/uploads\/2016\/05\/Gavi.jpg\"><img loading=\"lazy\" decoding=\"async\" class=\"alignnone size-medium wp-image-827\" src=\"http:\/\/museipiemonte.cultura.gov.it\/wp-content\/uploads\/2016\/05\/Gavi-300x43.jpg\" alt=\"Gavi\" width=\"300\" height=\"43\" srcset=\"https:\/\/museipiemonte.cultura.gov.it\/wp-content\/uploads\/2016\/05\/Gavi-300x43.jpg 300w, https:\/\/museipiemonte.cultura.gov.it\/wp-content\/uploads\/2016\/05\/Gavi-230x33.jpg 230w, https:\/\/museipiemonte.cultura.gov.it\/wp-content\/uploads\/2016\/05\/Gavi-350x50.jpg 350w, https:\/\/museipiemonte.cultura.gov.it\/wp-content\/uploads\/2016\/05\/Gavi.jpg 700w\" sizes=\"auto, (max-width: 300px) 100vw, 300px\" \/><\/a><\/p>\n<p>Al <strong><a href=\"http:\/\/museipiemonte.cultura.gov.it\/index.php\/musei-e-luoghi-della-cultura\/forte-di-gavi\/\" target=\"_blank\">Forte di Gavi<\/a>,&nbsp;sabato 25 maggio alle 16.00,<\/strong> inaugurazione della mostra di Francesco Jodice <em><strong>Il Corsaro Nero e la vendetta del Gavi<\/strong><\/em>,&nbsp;a cura di Ilaria Bonacossa, direttore della Fondazione La Raia e Annamaria Aimone, direttore del Forte di Gavi.<\/p>\n<p>Per questa mostra Jodice ha fotografato le architetture, i paesaggi, i monumenti, le colline e le cantine, indagando gli aneddoti vernacolari e i personaggi che hanno segnato la storia del Gavi e di Novi Ligure.<br \/>\nLe opere di Francesco Jodice \u2013 bassorilievi nati dall\u2019inaspettata fusione tra fotografie scattate dall\u2019artista per questo progetto e i protagonisti delle locandine dei film musicati da&nbsp;Angelo Francesco Lavagnino \u2013 sono il risultato della sovrapposizione di due mondi: uno reale, l\u2019altro fantastico. Nel loro insieme sembrano trasformare il Gavi nel set immaginario di un film popolato da cowboy, vampiri, pirati, figure mitologiche e donne seducenti. Jodice, attraverso un\u2019operazione di collage pop e low-fi, trasfigura i castelli, le valli, le montagne e le cascate del Gavi in luoghi onirici e indimenticabili.&nbsp;<\/p>\n<p>La mostra sar\u00e0 visitabile fino all&#8217;8 settembre 2019. Per informazioni: <a href=\"mailto:segreteria@fondazionelaraia.it\" target=\"_blank\">segreteria@fondazionelaraia.it<\/a><\/p>\n<p>&nbsp;<\/p>\n","protected":false},"excerpt":{"rendered":"<p>Tornano nelle sedi del Polo Museale i Reali Sensi, ma non solo&#8230;.<\/p>\n","protected":false},"author":1,"featured_media":1020,"comment_status":"closed","ping_status":"closed","sticky":false,"template":"","format":"standard","meta":{"footnotes":""},"categories":[12,10,11,4,8,5],"tags":[52,35,61,43,44,50,36,21,62,109,31,54],"class_list":["post-4628","post","type-post","status-publish","format-standard","has-post-thumbnail","hentry","category-abbazia-di-vezzolano","category-castello-di-racconigi","category-castello-di-serralunga","category-direzione-regionale-musei","category-forte-di-gavi","category-palazzo-carignano","tag-abbazia","tag-castello","tag-concerto","tag-forte","tag-gavi","tag-mostra","tag-musei","tag-news","tag-palazzo-carignano","tag-reali-sensi","tag-serralunga","tag-visita-guidata"],"_links":{"self":[{"href":"https:\/\/museipiemonte.cultura.gov.it\/index.php\/wp-json\/wp\/v2\/posts\/4628","targetHints":{"allow":["GET"]}}],"collection":[{"href":"https:\/\/museipiemonte.cultura.gov.it\/index.php\/wp-json\/wp\/v2\/posts"}],"about":[{"href":"https:\/\/museipiemonte.cultura.gov.it\/index.php\/wp-json\/wp\/v2\/types\/post"}],"author":[{"embeddable":true,"href":"https:\/\/museipiemonte.cultura.gov.it\/index.php\/wp-json\/wp\/v2\/users\/1"}],"replies":[{"embeddable":true,"href":"https:\/\/museipiemonte.cultura.gov.it\/index.php\/wp-json\/wp\/v2\/comments?post=4628"}],"version-history":[{"count":14,"href":"https:\/\/museipiemonte.cultura.gov.it\/index.php\/wp-json\/wp\/v2\/posts\/4628\/revisions"}],"predecessor-version":[{"id":4663,"href":"https:\/\/museipiemonte.cultura.gov.it\/index.php\/wp-json\/wp\/v2\/posts\/4628\/revisions\/4663"}],"wp:featuredmedia":[{"embeddable":true,"href":"https:\/\/museipiemonte.cultura.gov.it\/index.php\/wp-json\/wp\/v2\/media\/1020"}],"wp:attachment":[{"href":"https:\/\/museipiemonte.cultura.gov.it\/index.php\/wp-json\/wp\/v2\/media?parent=4628"}],"wp:term":[{"taxonomy":"category","embeddable":true,"href":"https:\/\/museipiemonte.cultura.gov.it\/index.php\/wp-json\/wp\/v2\/categories?post=4628"},{"taxonomy":"post_tag","embeddable":true,"href":"https:\/\/museipiemonte.cultura.gov.it\/index.php\/wp-json\/wp\/v2\/tags?post=4628"}],"curies":[{"name":"wp","href":"https:\/\/api.w.org\/{rel}","templated":true}]}}