{"id":4667,"date":"2019-05-28T08:29:43","date_gmt":"2019-05-28T06:29:43","guid":{"rendered":"http:\/\/museipiemonte.cultura.gov.it\/?p=4667"},"modified":"2019-05-31T19:27:34","modified_gmt":"2019-05-31T17:27:34","slug":"le-canzoni-della-rayra-abbazia-di-vezzolano-1-giugno-2019","status":"publish","type":"post","link":"https:\/\/museipiemonte.cultura.gov.it\/index.php\/2019\/05\/28\/le-canzoni-della-rayra-abbazia-di-vezzolano-1-giugno-2019\/","title":{"rendered":"Le Canzoni della Rayra &#8211; Abbazia di Vezzolano, 1 giugno 2019"},"content":{"rendered":"<p><strong>Dalle ore 15.00<\/strong>&nbsp;amici e colleghi ricordano <strong>Renato Bordone<\/strong>, professore di storia medievale all&#8217;Universit\u00e0 degli Studi di Torino.<\/p>\n<p>Introduce Valentina Barberis, direttore dell&#8217;Abbazia<\/p>\n<p>Interventi di Carlo Cavalla,Franco Correggia, Marco Devecchi, Cristina Lucca, Giancarlo Malabaila, Nico Novara, Ezio Claudio Pia, Liliana Pittarello, Pippo Sacco, Paola Salerno.<\/p>\n<p>Alle ore 16.30<\/p>\n<p>Concerto di Bianca Maria Bordone e Giovanni Acchiardi dal titolo <em>Le Canzoni della Rayra<\/em>, con i testi di Renato Bordone.<\/p>\n<p><em>&#8220;Bianca Maria Bordone e Giovanni Acchiardi fermano le lancette dei nostri orologi per presentarci un ragazzo degli anni \u201860. \u00c8 Renato Bordone, medievista torinese, che per fotogrammi ci rac-conta un mondo passato, dimenticato dai pi\u00f9, che rivive attraverso le sue pi\u00f9 poetiche suggestioni giovanili. Poesia in musica dunque, tra una stagione e l\u2019altra, per sentieri ora innevati, ora ricolmi di fieno tagliato. Una chitarra e due voci, arrangiamenti essenziali, al di l\u00e0 del tempo \u2013 il nostro \u2013 segnato dal ritmo di un \u2018allora\u2019.&#8221;<\/em><\/p>\n","protected":false},"excerpt":{"rendered":"<p>Giornata nel ricordo di Roberto Bordone all&#8217;Abbazia di Vezzolano<\/p>\n","protected":false},"author":1,"featured_media":980,"comment_status":"closed","ping_status":"closed","sticky":false,"template":"","format":"standard","meta":{"footnotes":""},"categories":[12],"tags":[],"class_list":["post-4667","post","type-post","status-publish","format-standard","has-post-thumbnail","hentry","category-abbazia-di-vezzolano"],"_links":{"self":[{"href":"https:\/\/museipiemonte.cultura.gov.it\/index.php\/wp-json\/wp\/v2\/posts\/4667","targetHints":{"allow":["GET"]}}],"collection":[{"href":"https:\/\/museipiemonte.cultura.gov.it\/index.php\/wp-json\/wp\/v2\/posts"}],"about":[{"href":"https:\/\/museipiemonte.cultura.gov.it\/index.php\/wp-json\/wp\/v2\/types\/post"}],"author":[{"embeddable":true,"href":"https:\/\/museipiemonte.cultura.gov.it\/index.php\/wp-json\/wp\/v2\/users\/1"}],"replies":[{"embeddable":true,"href":"https:\/\/museipiemonte.cultura.gov.it\/index.php\/wp-json\/wp\/v2\/comments?post=4667"}],"version-history":[{"count":1,"href":"https:\/\/museipiemonte.cultura.gov.it\/index.php\/wp-json\/wp\/v2\/posts\/4667\/revisions"}],"predecessor-version":[{"id":4668,"href":"https:\/\/museipiemonte.cultura.gov.it\/index.php\/wp-json\/wp\/v2\/posts\/4667\/revisions\/4668"}],"wp:featuredmedia":[{"embeddable":true,"href":"https:\/\/museipiemonte.cultura.gov.it\/index.php\/wp-json\/wp\/v2\/media\/980"}],"wp:attachment":[{"href":"https:\/\/museipiemonte.cultura.gov.it\/index.php\/wp-json\/wp\/v2\/media?parent=4667"}],"wp:term":[{"taxonomy":"category","embeddable":true,"href":"https:\/\/museipiemonte.cultura.gov.it\/index.php\/wp-json\/wp\/v2\/categories?post=4667"},{"taxonomy":"post_tag","embeddable":true,"href":"https:\/\/museipiemonte.cultura.gov.it\/index.php\/wp-json\/wp\/v2\/tags?post=4667"}],"curies":[{"name":"wp","href":"https:\/\/api.w.org\/{rel}","templated":true}]}}