{"id":4681,"date":"2019-05-31T19:26:57","date_gmt":"2019-05-31T17:26:57","guid":{"rendered":"http:\/\/museipiemonte.cultura.gov.it\/?p=4681"},"modified":"2019-05-31T19:26:57","modified_gmt":"2019-05-31T17:26:57","slug":"sabato-1-giugno-riapre-il-primo-anello-del-castello-di-racconigi","status":"publish","type":"post","link":"https:\/\/museipiemonte.cultura.gov.it\/index.php\/2019\/05\/31\/sabato-1-giugno-riapre-il-primo-anello-del-castello-di-racconigi\/","title":{"rendered":"Sabato 1\u00b0 giugno riapre il primo anello del Castello di Racconigi"},"content":{"rendered":"<p><strong>Sabato 1\u00b0 giugno<\/strong>&nbsp;riapre il primo anello del <strong>Parco del <a href=\"http:\/\/museipiemonte.cultura.gov.it\/index.php\/musei-e-luoghi-della-cultura\/castello-di-racconigi\/\" target=\"_blank\">Castello di Racconigi<\/a><\/strong>.<\/p>\n<p>Il sito torner\u00e0 cos\u00ec a essere <strong>aperto e visitabile dalle 9.30 alle 19.00<\/strong>, con ultimo ingresso previsto alle 18.30 (tutti i giorni escluso il luned\u00ec), a seguito della conclusione della prima parte dei lavori di messa in sicurezza e di manutenzione ordinaria e straordinaria condotti per la sicurezza dei visitatori e dei lavoratori del Castello di Racconigi.<\/p>\n<p>Viene cos\u00ec restituito alla pubblica fruizione il cosiddetto &#8220;primo anello&#8221; del parco stesso, ovvero la porzione pi\u00f9 prossima al Castello.<\/p>\n<p>I lavori proseguiranno invece nelle prossime settimane nella porzione pi\u00f9 settentrionale del parco, per consentire la successiva riapertura di tutta l&#8217;area verde, per la quale seguir\u00e0 una nuova comunicazione nel momento in cui sar\u00e0 completato il ripristino delle condizioni di agibilit\u00e0 del parco nella sua interezza.<\/p>\n<p>&nbsp;<\/p>\n<p><a href=\"http:\/\/museipiemonte.cultura.gov.it\/wp-content\/uploads\/2019\/05\/Racconigi_castello-e-parco-05.jpg\" target=\"_blank\"><img loading=\"lazy\" decoding=\"async\" class=\"alignnone wp-image-4683\" src=\"http:\/\/museipiemonte.cultura.gov.it\/wp-content\/uploads\/2019\/05\/Racconigi_castello-e-parco-05-927x1024.jpg\" alt=\"Racconigi_castello e parco 05\" width=\"400\" height=\"442\" srcset=\"https:\/\/museipiemonte.cultura.gov.it\/wp-content\/uploads\/2019\/05\/Racconigi_castello-e-parco-05-927x1024.jpg 927w, https:\/\/museipiemonte.cultura.gov.it\/wp-content\/uploads\/2019\/05\/Racconigi_castello-e-parco-05-272x300.jpg 272w, https:\/\/museipiemonte.cultura.gov.it\/wp-content\/uploads\/2019\/05\/Racconigi_castello-e-parco-05-830x917.jpg 830w, https:\/\/museipiemonte.cultura.gov.it\/wp-content\/uploads\/2019\/05\/Racconigi_castello-e-parco-05-230x254.jpg 230w, https:\/\/museipiemonte.cultura.gov.it\/wp-content\/uploads\/2019\/05\/Racconigi_castello-e-parco-05-350x387.jpg 350w\" sizes=\"auto, (max-width: 400px) 100vw, 400px\" \/><\/a><\/p>\n","protected":false},"excerpt":{"rendered":"<p>Il sito torner\u00e0 ad essere aperto e visitabile a seguito della conclusione della prima parte dei lavori di messa in sicurezza e di manutenzione ordinaria e straordinaria.<\/p>\n","protected":false},"author":1,"featured_media":830,"comment_status":"closed","ping_status":"closed","sticky":false,"template":"","format":"standard","meta":{"footnotes":""},"categories":[10,4],"tags":[35,46,36,21,40,41],"class_list":["post-4681","post","type-post","status-publish","format-standard","has-post-thumbnail","hentry","category-castello-di-racconigi","category-direzione-regionale-musei","tag-castello","tag-manutenzione","tag-musei","tag-news","tag-parco","tag-racconigi"],"_links":{"self":[{"href":"https:\/\/museipiemonte.cultura.gov.it\/index.php\/wp-json\/wp\/v2\/posts\/4681","targetHints":{"allow":["GET"]}}],"collection":[{"href":"https:\/\/museipiemonte.cultura.gov.it\/index.php\/wp-json\/wp\/v2\/posts"}],"about":[{"href":"https:\/\/museipiemonte.cultura.gov.it\/index.php\/wp-json\/wp\/v2\/types\/post"}],"author":[{"embeddable":true,"href":"https:\/\/museipiemonte.cultura.gov.it\/index.php\/wp-json\/wp\/v2\/users\/1"}],"replies":[{"embeddable":true,"href":"https:\/\/museipiemonte.cultura.gov.it\/index.php\/wp-json\/wp\/v2\/comments?post=4681"}],"version-history":[{"count":2,"href":"https:\/\/museipiemonte.cultura.gov.it\/index.php\/wp-json\/wp\/v2\/posts\/4681\/revisions"}],"predecessor-version":[{"id":4684,"href":"https:\/\/museipiemonte.cultura.gov.it\/index.php\/wp-json\/wp\/v2\/posts\/4681\/revisions\/4684"}],"wp:featuredmedia":[{"embeddable":true,"href":"https:\/\/museipiemonte.cultura.gov.it\/index.php\/wp-json\/wp\/v2\/media\/830"}],"wp:attachment":[{"href":"https:\/\/museipiemonte.cultura.gov.it\/index.php\/wp-json\/wp\/v2\/media?parent=4681"}],"wp:term":[{"taxonomy":"category","embeddable":true,"href":"https:\/\/museipiemonte.cultura.gov.it\/index.php\/wp-json\/wp\/v2\/categories?post=4681"},{"taxonomy":"post_tag","embeddable":true,"href":"https:\/\/museipiemonte.cultura.gov.it\/index.php\/wp-json\/wp\/v2\/tags?post=4681"}],"curies":[{"name":"wp","href":"https:\/\/api.w.org\/{rel}","templated":true}]}}