{"id":4783,"date":"2019-07-10T11:42:55","date_gmt":"2019-07-10T09:42:55","guid":{"rendered":"http:\/\/museipiemonte.cultura.gov.it\/?p=4783"},"modified":"2019-07-11T15:26:38","modified_gmt":"2019-07-11T13:26:38","slug":"reali-sensi-e-castelli-fra-le-onde-sabato-13-luglio-2019","status":"publish","type":"post","link":"https:\/\/museipiemonte.cultura.gov.it\/index.php\/2019\/07\/10\/reali-sensi-e-castelli-fra-le-onde-sabato-13-luglio-2019\/","title":{"rendered":"Visite speciali e castelli fra le onde, venerd\u00ec 12 e sabato 13 luglio 2019"},"content":{"rendered":"<p>&nbsp;<\/p>\n<p><a href=\"http:\/\/museipiemonte.cultura.gov.it\/wp-content\/uploads\/2016\/05\/Racconigi.jpg\"><img loading=\"lazy\" decoding=\"async\" class=\"alignnone wp-image-830 size-medium\" src=\"http:\/\/museipiemonte.cultura.gov.it\/wp-content\/uploads\/2016\/05\/Racconigi-300x43.jpg\" alt=\"Racconigi\" width=\"300\" height=\"43\" srcset=\"https:\/\/museipiemonte.cultura.gov.it\/wp-content\/uploads\/2016\/05\/Racconigi-300x43.jpg 300w, https:\/\/museipiemonte.cultura.gov.it\/wp-content\/uploads\/2016\/05\/Racconigi-230x33.jpg 230w, https:\/\/museipiemonte.cultura.gov.it\/wp-content\/uploads\/2016\/05\/Racconigi-350x50.jpg 350w, https:\/\/museipiemonte.cultura.gov.it\/wp-content\/uploads\/2016\/05\/Racconigi.jpg 700w\" sizes=\"auto, (max-width: 300px) 100vw, 300px\" \/><\/a><\/p>\n<p>Al <a href=\"http:\/\/museipiemonte.cultura.gov.it\/index.php\/musei-e-luoghi-della-cultura\/castello-di-racconigi\/\" target=\"_blank\"><strong>Castello di Racconigi<\/strong><\/a> <strong>venerd\u00ec 12 luglio<\/strong> con speciali visite guidate&nbsp;alle ore: 10.30, 12.00, 14.00 e 15.30.<\/p>\n<p>Nell&#8217;ambito del percorso didattico<em>&nbsp;&#8220;Guida per un giorno&#8221;,&nbsp;<\/em>gli studenti in PCTO (ex alternanza scuola-lavoro) dell&#8217;Istituto <em>Cravetta<\/em> di Savigliano e del Liceo <em>Ancina<\/em> di Fossano accoglieranno il pubblico per una visita speciale agli ambienti e alle collezioni del Castello dal titolo<\/p>\n<p><strong><em>Miti e storie scolpite: la Sala di Diana<\/em><\/strong><\/p>\n<p>La giornata sar\u00e0 l\u2019occasione per documentare i risultati del percorso di orientamento professionale da loro svolto presso il Castello e l\u2019acquisizione di competenze operative di comunicazione e mediazione: un\u2019esperienza finalizzata al riconoscimento del ruolo e delle funzioni di una delle tante professioni museali e che costituisce un esempio lodevole di educazione al patrimonio culturale come sinonimo di educazione alla cittadinanza.<\/p>\n<p><a href=\"http:\/\/museipiemonte.cultura.gov.it\/wp-content\/uploads\/2019\/07\/12-luglio.jpg\"><img loading=\"lazy\" decoding=\"async\" class=\"alignnone wp-image-4794\" src=\"http:\/\/museipiemonte.cultura.gov.it\/wp-content\/uploads\/2019\/07\/12-luglio-1024x769.jpg\" alt=\"12 luglio\" width=\"600\" height=\"451\" srcset=\"https:\/\/museipiemonte.cultura.gov.it\/wp-content\/uploads\/2019\/07\/12-luglio-1024x769.jpg 1024w, https:\/\/museipiemonte.cultura.gov.it\/wp-content\/uploads\/2019\/07\/12-luglio-300x225.jpg 300w, https:\/\/museipiemonte.cultura.gov.it\/wp-content\/uploads\/2019\/07\/12-luglio-830x623.jpg 830w, https:\/\/museipiemonte.cultura.gov.it\/wp-content\/uploads\/2019\/07\/12-luglio-230x173.jpg 230w, https:\/\/museipiemonte.cultura.gov.it\/wp-content\/uploads\/2019\/07\/12-luglio-350x263.jpg 350w\" sizes=\"auto, (max-width: 600px) 100vw, 600px\" \/><\/a><\/p>\n<p>Attivit\u00e0 a titolo gratuito previo pagamento del biglietto d&#8217;ingresso e senza obbligo di prenotazione.<\/p>\n<p>&nbsp;<\/p>\n<p><a href=\"http:\/\/museipiemonte.cultura.gov.it\/wp-content\/uploads\/2016\/05\/Aglie.jpg\"><img loading=\"lazy\" decoding=\"async\" class=\"alignnone wp-image-828 size-medium\" src=\"http:\/\/museipiemonte.cultura.gov.it\/wp-content\/uploads\/2016\/05\/Aglie-300x43.jpg\" alt=\"Aglie\" width=\"300\" height=\"43\" srcset=\"https:\/\/museipiemonte.cultura.gov.it\/wp-content\/uploads\/2016\/05\/Aglie-300x43.jpg 300w, https:\/\/museipiemonte.cultura.gov.it\/wp-content\/uploads\/2016\/05\/Aglie-230x33.jpg 230w, https:\/\/museipiemonte.cultura.gov.it\/wp-content\/uploads\/2016\/05\/Aglie-350x50.jpg 350w, https:\/\/museipiemonte.cultura.gov.it\/wp-content\/uploads\/2016\/05\/Aglie.jpg 700w\" sizes=\"auto, (max-width: 300px) 100vw, 300px\" \/><\/a><\/p>\n<p>Al <strong><a href=\"http:\/\/museipiemonte.cultura.gov.it\/index.php\/musei-e-luoghi-della-cultura\/castello-di-aglie\/\" target=\"_blank\">Castello di Agli\u00e9<\/a>, sabato 13 luglio alle ore 15.00<\/strong>&nbsp;tornano i <em>Reali Sensi 2019<\/em>.<\/p>\n<p>Per il senso del <em><strong>gusto<\/strong><\/em> speciale visita guidata dal titolo&nbsp;<em><strong>&#8220;&#8230;servito su un piatto dorato!&#8221;<\/strong><\/em><\/p>\n<p>\u201cCom&#8217;era un pranzo a Corte alla presenza del Re e della Regina? Quante portate c&#8217;erano e come venivano preparate?\u201d.<br \/>\nA queste e a molte altre domande risponderanno i nostri educatori museali accompagnando i visitatori al Primo Piano Nobile, dove sono esposti i servizi da tavola, e alle immense Cucine Reali, dove sar\u00e0 possibile scoprire la vita quotidiana dei cuochi.<\/p>\n<p>Informazioni e prenotazioni: tel. 0124330102, e-mail&nbsp;<a href=\"mailto:pm-pie.aglie@beniculturali.it\" target=\"_blank\">pm-pie.aglie@beniculturali.it<\/a><\/p>\n<p>&nbsp;<\/p>\n<p><a href=\"http:\/\/museipiemonte.cultura.gov.it\/wp-content\/uploads\/2016\/08\/Serralunga.jpg\"><img loading=\"lazy\" decoding=\"async\" class=\"alignnone wp-image-1052 size-medium\" src=\"http:\/\/museipiemonte.cultura.gov.it\/wp-content\/uploads\/2016\/08\/Serralunga-300x43.jpg\" alt=\"Serralunga\" width=\"300\" height=\"43\" srcset=\"https:\/\/museipiemonte.cultura.gov.it\/wp-content\/uploads\/2016\/08\/Serralunga-300x43.jpg 300w, https:\/\/museipiemonte.cultura.gov.it\/wp-content\/uploads\/2016\/08\/Serralunga-230x33.jpg 230w, https:\/\/museipiemonte.cultura.gov.it\/wp-content\/uploads\/2016\/08\/Serralunga-350x50.jpg 350w, https:\/\/museipiemonte.cultura.gov.it\/wp-content\/uploads\/2016\/08\/Serralunga.jpg 700w\" sizes=\"auto, (max-width: 300px) 100vw, 300px\" \/><\/a><\/p>\n<p>Al <strong><a href=\"http:\/\/museipiemonte.cultura.gov.it\/index.php\/musei-e-luoghi-della-cultura\/castello-di-serralunga\/\" target=\"_blank\">Castello di Serralunga d&#8217;Alba<\/a> sabato 13 luglio alle ore 16.00&nbsp;<\/strong>un pomeriggio speciale con<\/p>\n<p><em><strong>\u201cIl castello tra le onde\u201d<\/strong><\/em><\/p>\n<p>Forse non tutti lo sanno, ma tra le curiosit\u00e0 che si possono trovare nel castello trecentesco di Langa c\u2019\u00e8 una conchiglia incastonata da secoli in un camino. Nasce cos\u00ec la fiaba animata che prende vita al castello, a partire proprio da quella conchiglia rimasta ben visibile in una delle sale solitamente escluse dal percorso di visita, per scoprire un pezzo di storia di questo antico maniero che svetta nel cielo di Langa e di come abbia fatto un tesoro prezioso a passare dal fondo del mare alla cornice di un caminetto.<\/p>\n<p>L\u2019attivit\u00e0 \u00e8 proposta dalla <em>Barolo &amp; Castles Foundation<\/em> in collaborazione con <em>Officine Zeta<\/em>.<\/p>\n<p>La visita dura circa 45 minuti ed \u00e8 rivolta ai bambini dai 5 ai 10 anni. Non \u00e8 necessaria la presenza dei genitori che, durante la fiaba animata, potranno visitare il maniero con accompagnamento guidato o ancora partecipare prima o dopo a un altro turno di visita in compagnia dei propri bambini.<\/p>\n<p>Informazioni e prenotazioni: tel.&nbsp;0173.386697, e-mail:&nbsp; <a href=\"mailto:info@barolofoundation.it\" target=\"_blank\">info@barolofoundation.it<\/a>&nbsp;o <a href=\"mailto:info@castellodiserralunga.it\" target=\"_blank\">info@castellodiserralunga.it<\/a><\/p>\n<p>Le prenotazioni vanno effettuate entro le 18.00 del giorno precedente.<\/p>\n<p>&nbsp;<\/p>\n","protected":false},"excerpt":{"rendered":"<p>Suggestive possibilit\u00e0 di visita ai Castelli di Agli\u00e9, Racconigi e Serralunga d&#8217;Alba venerd\u00ec 12 e sabato 13 luglio.<\/p>\n","protected":false},"author":1,"featured_media":1020,"comment_status":"closed","ping_status":"closed","sticky":false,"template":"","format":"standard","meta":{"footnotes":""},"categories":[7,10,11],"tags":[58,35,41,109,31,54],"class_list":["post-4783","post","type-post","status-publish","format-standard","has-post-thumbnail","hentry","category-castello-di-aglie","category-castello-di-racconigi","category-castello-di-serralunga","tag-aglie","tag-castello","tag-racconigi","tag-reali-sensi","tag-serralunga","tag-visita-guidata"],"_links":{"self":[{"href":"https:\/\/museipiemonte.cultura.gov.it\/index.php\/wp-json\/wp\/v2\/posts\/4783","targetHints":{"allow":["GET"]}}],"collection":[{"href":"https:\/\/museipiemonte.cultura.gov.it\/index.php\/wp-json\/wp\/v2\/posts"}],"about":[{"href":"https:\/\/museipiemonte.cultura.gov.it\/index.php\/wp-json\/wp\/v2\/types\/post"}],"author":[{"embeddable":true,"href":"https:\/\/museipiemonte.cultura.gov.it\/index.php\/wp-json\/wp\/v2\/users\/1"}],"replies":[{"embeddable":true,"href":"https:\/\/museipiemonte.cultura.gov.it\/index.php\/wp-json\/wp\/v2\/comments?post=4783"}],"version-history":[{"count":4,"href":"https:\/\/museipiemonte.cultura.gov.it\/index.php\/wp-json\/wp\/v2\/posts\/4783\/revisions"}],"predecessor-version":[{"id":4795,"href":"https:\/\/museipiemonte.cultura.gov.it\/index.php\/wp-json\/wp\/v2\/posts\/4783\/revisions\/4795"}],"wp:featuredmedia":[{"embeddable":true,"href":"https:\/\/museipiemonte.cultura.gov.it\/index.php\/wp-json\/wp\/v2\/media\/1020"}],"wp:attachment":[{"href":"https:\/\/museipiemonte.cultura.gov.it\/index.php\/wp-json\/wp\/v2\/media?parent=4783"}],"wp:term":[{"taxonomy":"category","embeddable":true,"href":"https:\/\/museipiemonte.cultura.gov.it\/index.php\/wp-json\/wp\/v2\/categories?post=4783"},{"taxonomy":"post_tag","embeddable":true,"href":"https:\/\/museipiemonte.cultura.gov.it\/index.php\/wp-json\/wp\/v2\/tags?post=4783"}],"curies":[{"name":"wp","href":"https:\/\/api.w.org\/{rel}","templated":true}]}}