{"id":4869,"date":"2019-08-12T11:20:01","date_gmt":"2019-08-12T09:20:01","guid":{"rendered":"http:\/\/museipiemonte.cultura.gov.it\/?p=4869"},"modified":"2019-08-13T16:16:33","modified_gmt":"2019-08-13T14:16:33","slug":"aperture-della-settimana-di-ferragosto-nelle-sedi-del-polo-museale","status":"publish","type":"post","link":"https:\/\/museipiemonte.cultura.gov.it\/index.php\/2019\/08\/12\/aperture-della-settimana-di-ferragosto-nelle-sedi-del-polo-museale\/","title":{"rendered":"Aperture della settimana di Ferragosto nelle sedi del Polo Museale"},"content":{"rendered":"<p>Nella settimana di Ferragosto le sedi del Polo Museale osserveranno il consueto orario. Inoltre<\/p>\n<p>&nbsp;<\/p>\n<p><a href=\"http:\/\/museipiemonte.cultura.gov.it\/wp-content\/uploads\/2016\/05\/Villa.jpg\"><img loading=\"lazy\" decoding=\"async\" class=\"alignnone wp-image-780 size-medium\" src=\"http:\/\/museipiemonte.cultura.gov.it\/wp-content\/uploads\/2016\/05\/Villa-300x43.jpg\" alt=\"Villa\" width=\"300\" height=\"43\" srcset=\"https:\/\/museipiemonte.cultura.gov.it\/wp-content\/uploads\/2016\/05\/Villa-300x43.jpg 300w, https:\/\/museipiemonte.cultura.gov.it\/wp-content\/uploads\/2016\/05\/Villa-230x33.jpg 230w, https:\/\/museipiemonte.cultura.gov.it\/wp-content\/uploads\/2016\/05\/Villa-350x50.jpg 350w, https:\/\/museipiemonte.cultura.gov.it\/wp-content\/uploads\/2016\/05\/Villa.jpg 700w\" sizes=\"auto, (max-width: 300px) 100vw, 300px\" \/><\/a><\/p>\n<p><a href=\"http:\/\/museipiemonte.cultura.gov.it\/index.php\/musei-e-luoghi-della-cultura\/villa-della-regina\/\" target=\"_blank\"><strong>Villa della Regina<\/strong><\/a> sar\u00e0 straordinariamente aperta <strong>luned\u00ec 12 agosto dalle 10.00 alle 18.00<\/strong> e il giorno di <strong>Ferragosto proporr\u00e0 un&#8217;apertura prolungata fino alle 21.00.<\/strong><\/p>\n<p>Alle 18.30 una visita guidata gratuita dal titolo <strong><em>La vigna delle delitiae <\/em><\/strong>accompagner\u00e0 alla scoperta degli Appartamenti in cui si svolgeva la villeggiatura dei reali ospiti.<\/p>\n<p>Informazioni e prenotazioni: tel. 0118194484, e-mail <a href=\"mailto:pm-pie.villadellaregina@beniculturali.it\" target=\"_blank\">pm-pie.villadellaregina@beniculturali.it<\/a><\/p>\n<p>&nbsp;<\/p>\n<p><a href=\"http:\/\/museipiemonte.cultura.gov.it\/wp-content\/uploads\/2016\/08\/Serralunga.jpg\"><img loading=\"lazy\" decoding=\"async\" class=\"alignnone wp-image-1052 size-medium\" src=\"http:\/\/museipiemonte.cultura.gov.it\/wp-content\/uploads\/2016\/08\/Serralunga-300x43.jpg\" alt=\"Serralunga\" width=\"300\" height=\"43\" srcset=\"https:\/\/museipiemonte.cultura.gov.it\/wp-content\/uploads\/2016\/08\/Serralunga-300x43.jpg 300w, https:\/\/museipiemonte.cultura.gov.it\/wp-content\/uploads\/2016\/08\/Serralunga-230x33.jpg 230w, https:\/\/museipiemonte.cultura.gov.it\/wp-content\/uploads\/2016\/08\/Serralunga-350x50.jpg 350w, https:\/\/museipiemonte.cultura.gov.it\/wp-content\/uploads\/2016\/08\/Serralunga.jpg 700w\" sizes=\"auto, (max-width: 300px) 100vw, 300px\" \/><\/a><\/p>\n<p>Il <a href=\"http:\/\/museipiemonte.cultura.gov.it\/index.php\/musei-e-luoghi-della-cultura\/castello-di-serralunga\/\" target=\"_blank\"><strong>Castello di Serralunga<\/strong><\/a>,<strong> venerd\u00ec 16 agosto<\/strong>&nbsp;sar\u00e0 straordinariamente aperto anche al mattino dalle 10.30 alle 13.30;<\/p>\n<p>nel pomeriggio apertura ordinaria dalle 14.30 alle 18.30, mentre&nbsp;alle 19.00 torna&nbsp;l\u2019appuntamento <i>con<\/i>&nbsp;<em><strong><a href=\"http:\/\/museipiemonte.cultura.gov.it\/index.php\/2019\/08\/12\/prosit-il-barolo-i-castelli-i-cru-venerdi-16-agosto-2019\/\" target=\"_blank\">Prosit!<\/a><\/strong><\/em><\/p>\n<p>&nbsp;<\/p>\n","protected":false},"excerpt":{"rendered":"<p>Nella settimana di Ferragosto le sedi del Polo Museale osserveranno il consueto orario. Inoltre &nbsp; Villa della Regina sar\u00e0 straordinariamente aperta luned\u00ec 12 agosto dalle 10.00 alle 18.00 e il giorno di Ferragosto proporr\u00e0 un&#8217;apertura [&hellip;]<\/p>\n","protected":false},"author":1,"featured_media":0,"comment_status":"closed","ping_status":"closed","sticky":false,"template":"","format":"standard","meta":{"footnotes":""},"categories":[64,12,7,10,11,8,5,6],"tags":[52,58,35,44,62,41,31,25,54],"class_list":["post-4869","post","type-post","status-publish","format-standard","hentry","category-abbazia-di-fruttuaria","category-abbazia-di-vezzolano","category-castello-di-aglie","category-castello-di-racconigi","category-castello-di-serralunga","category-forte-di-gavi","category-palazzo-carignano","category-villa-della-regina","tag-abbazia","tag-aglie","tag-castello","tag-gavi","tag-palazzo-carignano","tag-racconigi","tag-serralunga","tag-villa-della-regina","tag-visita-guidata"],"_links":{"self":[{"href":"https:\/\/museipiemonte.cultura.gov.it\/index.php\/wp-json\/wp\/v2\/posts\/4869","targetHints":{"allow":["GET"]}}],"collection":[{"href":"https:\/\/museipiemonte.cultura.gov.it\/index.php\/wp-json\/wp\/v2\/posts"}],"about":[{"href":"https:\/\/museipiemonte.cultura.gov.it\/index.php\/wp-json\/wp\/v2\/types\/post"}],"author":[{"embeddable":true,"href":"https:\/\/museipiemonte.cultura.gov.it\/index.php\/wp-json\/wp\/v2\/users\/1"}],"replies":[{"embeddable":true,"href":"https:\/\/museipiemonte.cultura.gov.it\/index.php\/wp-json\/wp\/v2\/comments?post=4869"}],"version-history":[{"count":4,"href":"https:\/\/museipiemonte.cultura.gov.it\/index.php\/wp-json\/wp\/v2\/posts\/4869\/revisions"}],"predecessor-version":[{"id":4877,"href":"https:\/\/museipiemonte.cultura.gov.it\/index.php\/wp-json\/wp\/v2\/posts\/4869\/revisions\/4877"}],"wp:attachment":[{"href":"https:\/\/museipiemonte.cultura.gov.it\/index.php\/wp-json\/wp\/v2\/media?parent=4869"}],"wp:term":[{"taxonomy":"category","embeddable":true,"href":"https:\/\/museipiemonte.cultura.gov.it\/index.php\/wp-json\/wp\/v2\/categories?post=4869"},{"taxonomy":"post_tag","embeddable":true,"href":"https:\/\/museipiemonte.cultura.gov.it\/index.php\/wp-json\/wp\/v2\/tags?post=4869"}],"curies":[{"name":"wp","href":"https:\/\/api.w.org\/{rel}","templated":true}]}}