{"id":5000,"date":"2019-10-08T09:25:40","date_gmt":"2019-10-08T07:25:40","guid":{"rendered":"http:\/\/museipiemonte.cultura.gov.it\/?p=5000"},"modified":"2019-11-26T09:53:57","modified_gmt":"2019-11-26T08:53:57","slug":"famiglie-al-museo-2019-e-non-solo-sabato-12-e-domenica-13-ottobre-2019","status":"publish","type":"post","link":"https:\/\/museipiemonte.cultura.gov.it\/index.php\/2019\/10\/08\/famiglie-al-museo-2019-e-non-solo-sabato-12-e-domenica-13-ottobre-2019\/","title":{"rendered":"Famiglie al museo 2019 e non solo&#8230;, sabato 12 e domenica 13 ottobre 2019"},"content":{"rendered":"<p>Torna la domenica dedicata alle&nbsp;<em><strong><a href=\"http:\/\/www.famigliealmuseo.it\/\" target=\"_blank\">Famiglie al Museo<\/a>&nbsp;<\/strong><\/em>in cui i bambini e le loro famiglie possono partecipare ad attivit\u00e0 create appositamente per l\u2019occasione.&nbsp;Quest\u2019anno il&nbsp;tema prescelto \u00e8<strong><em>&nbsp;C&#8217;era una volta al museo&nbsp;<\/em><\/strong>ed il Polo museale partecipa con molte delle sue sedi.<\/p>\n<p>Ma attenzione: anche altre opportunit\u00e0 di visita sono pronte per voi\u2026<\/p>\n<p>&nbsp;<\/p>\n<p>Per le <em><strong>Famiglie al museo 2019<\/strong><\/em><\/p>\n<p>&nbsp;<\/p>\n<p><a href=\"http:\/\/museipiemonte.cultura.gov.it\/wp-content\/uploads\/2016\/05\/Racconigi.jpg\"><img loading=\"lazy\" decoding=\"async\" class=\"alignnone wp-image-830 size-medium\" src=\"http:\/\/museipiemonte.cultura.gov.it\/wp-content\/uploads\/2016\/05\/Racconigi-300x43.jpg\" alt=\"Racconigi\" width=\"300\" height=\"43\" srcset=\"https:\/\/museipiemonte.cultura.gov.it\/wp-content\/uploads\/2016\/05\/Racconigi-300x43.jpg 300w, https:\/\/museipiemonte.cultura.gov.it\/wp-content\/uploads\/2016\/05\/Racconigi-230x33.jpg 230w, https:\/\/museipiemonte.cultura.gov.it\/wp-content\/uploads\/2016\/05\/Racconigi-350x50.jpg 350w, https:\/\/museipiemonte.cultura.gov.it\/wp-content\/uploads\/2016\/05\/Racconigi.jpg 700w\" sizes=\"auto, (max-width: 300px) 100vw, 300px\" \/><\/a><\/p>\n<p>Al&nbsp;<a href=\"http:\/\/museipiemonte.cultura.gov.it\/index.php\/musei-e-luoghi-della-cultura\/castello-di-racconigi\/\" target=\"_blank\"><strong>Castello di Racconigi<\/strong><\/a>&nbsp;<strong>alle 11.00 e alle 15.00<\/strong>&nbsp;visite guidate dal titolo<\/p>\n<p><strong><em>La storia del principe<\/em><\/strong><\/p>\n<p>In occasione della giornata dedicata alle Famiglie al Museo sar\u00e0 possibile scoprire la storia del principe Emanuele Filiberto di Savoia Carignano, proprietario del Castello di Racconigi nel Seicento, mediante il linguaggio della fiaba.<br \/>\nDurante l\u2019attivit\u00e0 i bambini e le loro famiglie intraprenderanno un percorso in alcuni selezionati ambienti della residenza e saranno invitati a osservare i tanti dipinti che presentano il principe Emanuele Filiberto e la sua famiglia.<br \/>\nLa visita \u00e8 integrata da un laboratorio nel quale sar\u00e0 consegnato un album da colorare e da completare.<br \/>\nDurata: 75 minuti. Max. 25 persone. Attivit\u00e0 su prenotazione e soggetta a disponibilit\u00e0<br \/>\ne-mail: pm-pie.racconigi.sed@beniculturali.it<\/p>\n<p><strong>La prenotazione \u00e8 obbligatoria:&nbsp;<\/strong>e-mail&nbsp;<a href=\"mailto:pm-pie.racconigi.sed@beniculturali.it\" target=\"_blank\">pm-pie.racconigi.sed@beniculturali.it<\/a><\/p>\n<p>&nbsp;<\/p>\n<p>&nbsp;<\/p>\n<p><a href=\"http:\/\/museipiemonte.cultura.gov.it\/wp-content\/uploads\/2016\/05\/Aglie.jpg\"><img loading=\"lazy\" decoding=\"async\" class=\"alignnone wp-image-828 size-medium\" src=\"http:\/\/museipiemonte.cultura.gov.it\/wp-content\/uploads\/2016\/05\/Aglie-300x43.jpg\" alt=\"Aglie\" width=\"300\" height=\"43\" srcset=\"https:\/\/museipiemonte.cultura.gov.it\/wp-content\/uploads\/2016\/05\/Aglie-300x43.jpg 300w, https:\/\/museipiemonte.cultura.gov.it\/wp-content\/uploads\/2016\/05\/Aglie-230x33.jpg 230w, https:\/\/museipiemonte.cultura.gov.it\/wp-content\/uploads\/2016\/05\/Aglie-350x50.jpg 350w, https:\/\/museipiemonte.cultura.gov.it\/wp-content\/uploads\/2016\/05\/Aglie.jpg 700w\" sizes=\"auto, (max-width: 300px) 100vw, 300px\" \/><\/a><\/p>\n<p>Al&nbsp;<strong><a href=\"http:\/\/museipiemonte.cultura.gov.it\/index.php\/musei-e-luoghi-della-cultura\/castello-di-aglie\/\" target=\"_blank\">Castello di Agli\u00e9<\/a><\/strong>&nbsp;<strong>alle 11.00 e alle 15.00,<\/strong>&nbsp;&nbsp;visite guidate&nbsp;dal titolo<\/p>\n<p><strong><em>C\u2019era una volta\u2026 la storia che ho scritto io<\/em><\/strong><\/p>\n<p>Il re Carlo e la regina Cristina sono arrivati in Castello per passare una vacanza tranquilla, ma\u2026 riusciranno a rilassarsi? Nelle sale incontreranno molti personaggi: saremo proprio noi a farli entrare nella storia, una storia che non esiste ancora ma che inventeremo noi, passo dopo passo durante la visita.<\/p>\n<p>Informazioni e prenotazioni: tel. 0124 330102, e-mail:&nbsp;<a href=\"mailto:pm-pie.aglie@beniculturali.it\" target=\"_blank\">pm-pie.aglie@beniculturali.it<\/a><\/p>\n<p>&nbsp;<\/p>\n<p>&nbsp;<\/p>\n<p><a href=\"http:\/\/museipiemonte.cultura.gov.it\/wp-content\/uploads\/2016\/05\/PoloMuseale.jpg\"><img loading=\"lazy\" decoding=\"async\" class=\"alignnone wp-image-837 size-medium\" src=\"http:\/\/museipiemonte.cultura.gov.it\/wp-content\/uploads\/2016\/05\/PoloMuseale-300x43.jpg\" alt=\"PoloMuseale\" width=\"300\" height=\"43\" srcset=\"https:\/\/museipiemonte.cultura.gov.it\/wp-content\/uploads\/2016\/05\/PoloMuseale-300x43.jpg 300w, https:\/\/museipiemonte.cultura.gov.it\/wp-content\/uploads\/2016\/05\/PoloMuseale-230x33.jpg 230w, https:\/\/museipiemonte.cultura.gov.it\/wp-content\/uploads\/2016\/05\/PoloMuseale-350x50.jpg 350w, https:\/\/museipiemonte.cultura.gov.it\/wp-content\/uploads\/2016\/05\/PoloMuseale.jpg 700w\" sizes=\"auto, (max-width: 300px) 100vw, 300px\" \/><\/a><\/p>\n<p>A&nbsp;<a href=\"http:\/\/museipiemonte.cultura.gov.it\/index.php\/musei-e-luoghi-della-cultura\/palazzo-carignano\/\" target=\"_blank\"><strong>Palazzo Carignano<\/strong><\/a>&nbsp; si comincia <strong>alle 11.00<\/strong> con un concerto nell&#8217;ambito del <em>Festival delle Nvove Mvsiche:<br \/>\n<\/em>Francesco Olivero alla tiorba eseguir\u00e0 musiche di Piccinini, Kapsberger e Hurel.<\/p>\n<p><strong>alle 15.00 <\/strong>per<strong>&nbsp;<em>Famiglie al Museo<\/em>&nbsp;<\/strong>un laboratorio didattico dal titolo<\/p>\n<p><em><strong>C\u2019era una volta al Museo\u2026 un pittore di nome Stefano<\/strong><\/em><\/p>\n<p>Nelle Sale dorate dell\u2019Appartamento dei Principi, un laboratorio attende i piccoli partecipanti a cui verr\u00e0 chiesto di vestire i panni dell\u2019aiutante del pittore di corte Stefano Maria Legnani, detto il Legnanino, e di terminare i ritratti dei principi e le volte affrescate delle sale dorate che l\u2019artista, chiamato urgentemente su altri cantieri, non ha avuto modo di completare.<br \/>\nNel tempo dedicato, i bambini potranno scegliere di lavorare su pi\u00f9 immagini o su una sola fra quelle proposte.<\/p>\n<p>L\u2019attivit\u00e0 prevede la partecipazione di 25 persone max.<\/p>\n<p><strong>Si consiglia la prenotazione:<\/strong>&nbsp;tel. +39 0115641791; e-mail&nbsp;<a href=\"mailto:pm-pie.palazzocarignano@beniculturali.it\" target=\"_blank\">pm-pie.palazzocarignano@beniculturali.it<\/a>&nbsp;<\/p>\n<p>&nbsp;<\/p>\n<p>&nbsp;<\/p>\n<p><a href=\"http:\/\/museipiemonte.cultura.gov.it\/wp-content\/uploads\/2016\/05\/Villa.jpg\"><img loading=\"lazy\" decoding=\"async\" class=\"alignnone wp-image-780 size-medium\" src=\"http:\/\/museipiemonte.cultura.gov.it\/wp-content\/uploads\/2016\/05\/Villa-300x43.jpg\" alt=\"Villa\" width=\"300\" height=\"43\" srcset=\"https:\/\/museipiemonte.cultura.gov.it\/wp-content\/uploads\/2016\/05\/Villa-300x43.jpg 300w, https:\/\/museipiemonte.cultura.gov.it\/wp-content\/uploads\/2016\/05\/Villa-230x33.jpg 230w, https:\/\/museipiemonte.cultura.gov.it\/wp-content\/uploads\/2016\/05\/Villa-350x50.jpg 350w, https:\/\/museipiemonte.cultura.gov.it\/wp-content\/uploads\/2016\/05\/Villa.jpg 700w\" sizes=\"auto, (max-width: 300px) 100vw, 300px\" \/><\/a><\/p>\n<p>A&nbsp;<a href=\"http:\/\/museipiemonte.cultura.gov.it\/index.php\/musei-e-luoghi-della-cultura\/villa-della-regina\/\" target=\"_blank\"><strong>Villa della Regina<\/strong><\/a>&nbsp;<strong>alle 11.00 e alle 15.00&nbsp;<\/strong>due visite guidate dal titolo<\/p>\n<p><strong><em>C\u2019era una volta\u2026..la magia del racconto<\/em><\/strong><\/p>\n<p>Un gradevole momento dedicato ai bambini e a chi bambino non lo \u00e8 pi\u00f9, senza alcun limite di et\u00e0. Un piacevole intrattenimento nella meravigliosa residenza reale sabauda, sulla collina torinese.<br \/>\nVi aspettiamo nell\u2019accogliente salottino della regina Anna Maria d\u2019Orleans, per raccontare quelle stesse fiabe che con molta probabilit\u00e0 narrava ai suoi adorati principini e ricreando quella dolce e magica atmosfera del racconto, trasportati in un mondo lontano nel tempo. Venite ad ascoltare\u2026.C\u2019era una volta\u2026..<br \/>\nAl termine del racconto, i bambini che lo desidereranno potranno rappresentare attraverso un disegno una delle fiabe ascoltate.<\/p>\n<p><strong>Si consiglia la prenotazione:&nbsp;<\/strong>tel. +39 0118194484;&nbsp;e-mail&nbsp;<a href=\"mailto:pm-pie.villadellaregina@beniculturali.it\" target=\"_blank\">pm-pie.villadellaregina@beniculturali.it<\/a><\/p>\n<p>&nbsp;<\/p>\n<p>&nbsp;<\/p>\n<p><a href=\"http:\/\/museipiemonte.cultura.gov.it\/wp-content\/uploads\/2016\/05\/Gavi.jpg\"><img loading=\"lazy\" decoding=\"async\" class=\"alignnone size-medium wp-image-827\" src=\"http:\/\/museipiemonte.cultura.gov.it\/wp-content\/uploads\/2016\/05\/Gavi-300x43.jpg\" alt=\"Gavi\" width=\"300\" height=\"43\" srcset=\"https:\/\/museipiemonte.cultura.gov.it\/wp-content\/uploads\/2016\/05\/Gavi-300x43.jpg 300w, https:\/\/museipiemonte.cultura.gov.it\/wp-content\/uploads\/2016\/05\/Gavi-230x33.jpg 230w, https:\/\/museipiemonte.cultura.gov.it\/wp-content\/uploads\/2016\/05\/Gavi-350x50.jpg 350w, https:\/\/museipiemonte.cultura.gov.it\/wp-content\/uploads\/2016\/05\/Gavi.jpg 700w\" sizes=\"auto, (max-width: 300px) 100vw, 300px\" \/><\/a><\/p>\n<p>Al <strong><a href=\"http:\/\/museipiemonte.cultura.gov.it\/index.php\/musei-e-luoghi-della-cultura\/forte-di-gavi\/\" target=\"_blank\">Forte di Gavi<\/a>&nbsp;domenica 13 ottobre alle ore 11.00&nbsp;<\/strong>una suggestiva proposta di percorso:<\/p>\n<p><strong><em>Aliti di storia<\/em><\/strong><\/p>\n<p>Durante la normale visita guidata al Forte, a sorpresa, ci saranno degli interventi degli attori dell\u2019Associazione <em>I Mancini del Quarto<\/em>&nbsp;che interpreteranno alcuni dei pi\u00f9 considerevoli episodi e personaggi della lunga storia della fortezza.<br \/>\nDurante la performance i membri dell\u2019Associazione \u201cAmici dell\u2019Arte di Serravalle Scrivia\u201d, accanto agli attori dipingeranno su grandi tele o proietteranno su grandi schermi gli episodi o i personaggi recitati, mentre dei musicisti suoneranno musiche inedite.<\/p>\n<p>La visita \u00e8 inclusa nel pagamento del biglietto al Forte.<\/p>\n<p><a href=\"http:\/\/museipiemonte.cultura.gov.it\/wp-content\/uploads\/2019\/10\/2019_10_13_Locandina7.jpg\"><img loading=\"lazy\" decoding=\"async\" class=\"alignnone wp-image-5012\" src=\"http:\/\/museipiemonte.cultura.gov.it\/wp-content\/uploads\/2019\/10\/2019_10_13_Locandina7-212x300.jpg\" alt=\"2019_10_13_Locandina7\" width=\"350\" height=\"495\" srcset=\"https:\/\/museipiemonte.cultura.gov.it\/wp-content\/uploads\/2019\/10\/2019_10_13_Locandina7-212x300.jpg 212w, https:\/\/museipiemonte.cultura.gov.it\/wp-content\/uploads\/2019\/10\/2019_10_13_Locandina7-724x1024.jpg 724w, https:\/\/museipiemonte.cultura.gov.it\/wp-content\/uploads\/2019\/10\/2019_10_13_Locandina7-830x1174.jpg 830w, https:\/\/museipiemonte.cultura.gov.it\/wp-content\/uploads\/2019\/10\/2019_10_13_Locandina7-230x325.jpg 230w, https:\/\/museipiemonte.cultura.gov.it\/wp-content\/uploads\/2019\/10\/2019_10_13_Locandina7-350x495.jpg 350w, https:\/\/museipiemonte.cultura.gov.it\/wp-content\/uploads\/2019\/10\/2019_10_13_Locandina7.jpg 1754w\" sizes=\"auto, (max-width: 350px) 100vw, 350px\" \/><\/a><\/p>\n<p>Informazioni: tel. 3474109278, e-mail <a href=\"mailto:associazioneamicidellarte@gmail.com\" target=\"_blank\">associazioneamicidellarte@gmail.com<\/a><\/p>\n<p>&nbsp;<\/p>\n<p>E inoltre&#8230;&#8230;.<\/p>\n<p>&nbsp;<\/p>\n<p><img decoding=\"async\" src=\"http:\/\/museipiemonte.cultura.gov.it\/wp-content\/uploads\/2016\/07\/Vezzolano-300x43.jpg\" alt=\"Vezzolano\"><\/p>\n<p>&nbsp;<\/p>\n<p>All\u2019<a href=\"http:\/\/museipiemonte.cultura.gov.it\/index.php\/musei-e-luoghi-della-cultura\/abbazia-di-vezzolano\/\" target=\"_blank\"><strong>Abbazia di Vezzolano<\/strong><\/a>&nbsp;continua fino a domenica 13 ottobre 2019 la mostra di Francesco Corni<\/p>\n<p><em><strong>La conchiglia e la piuma. Chiese e monasteri lungo le vie di pellegrinaggio<\/strong><\/em><\/p>\n<p>in cui sono esposti i disegni dell&#8217;artista che illustrano alcune tra le pi\u00f9 famose chiese, cattedrali e monasteri disposte lungo la via di San Michele e la via di Santiago de Compostela.<br \/>\nL&#8217;esposizione \u00e8 ad ingresso libero ed \u00e8 visitabile durante l&#8217;orario di apertura del complesso.<\/p>\n<p>Inoltre <strong>domenica 13 ottobre alle 15.30<\/strong> nella Chiesa di Santa Maria&nbsp;nell&#8217;ambito della Rassegna di Concerti di Musica Sacra<br \/>\nConcerto della <em>Corale Santa Cecilia<\/em> di Buttigliera d&#8217;Asti, diretta dal Maestro Paolo Dav\u00f2.<br \/>\nIngresso libero e gratuito fino ad esaurimento posti.<\/p>\n<p>&nbsp;<\/p>\n<p><a href=\"http:\/\/museipiemonte.cultura.gov.it\/wp-content\/uploads\/2016\/08\/Serralunga.jpg\"><img loading=\"lazy\" decoding=\"async\" class=\"alignnone wp-image-1052 size-medium\" src=\"http:\/\/museipiemonte.cultura.gov.it\/wp-content\/uploads\/2016\/08\/Serralunga-300x43.jpg\" alt=\"Serralunga\" width=\"300\" height=\"43\" srcset=\"https:\/\/museipiemonte.cultura.gov.it\/wp-content\/uploads\/2016\/08\/Serralunga-300x43.jpg 300w, https:\/\/museipiemonte.cultura.gov.it\/wp-content\/uploads\/2016\/08\/Serralunga-230x33.jpg 230w, https:\/\/museipiemonte.cultura.gov.it\/wp-content\/uploads\/2016\/08\/Serralunga-350x50.jpg 350w, https:\/\/museipiemonte.cultura.gov.it\/wp-content\/uploads\/2016\/08\/Serralunga.jpg 700w\" sizes=\"auto, (max-width: 300px) 100vw, 300px\" \/><\/a><\/p>\n<p>Il&nbsp;<strong><a href=\"http:\/\/museipiemonte.cultura.gov.it\/index.php\/musei-e-luoghi-della-cultura\/castello-di-serralunga\/\" target=\"_blank\">Castello di Serralunga d\u2019Alba<\/a>,&nbsp;sabato 12 ottobre, alle ore 16.00&nbsp;<\/strong>attende&nbsp; i visitatori pi\u00f9 piccoli a trascorrere un&nbsp;pomeriggio speciale tra le colline di Langa per scoprire qualcosa di misterioso che riguarda addirittura il mare:&nbsp;&nbsp;<\/p>\n<p><em><strong>Un castello tra le onde<\/strong><\/em><\/p>\n<p>Nel maniero trecentesco, a partire da una vera conchiglia incastonata da secoli in un camino, si prepara a prendere vita una fiaba animata. La conchiglia \u2013 che probabilmente giaceva in fondo al mare \u2013 oggi \u00e8 ben visibile in una delle sale solitamente escluse dal percorso di visita e racconta un pezzo di storia di questo antico castello che svetta nel cielo di Langa.<\/p>\n<p>L\u2019attivit\u00e0 \u00e8 proposta dalla&nbsp;<em>Barolo &amp; Castles Foundation<\/em>&nbsp;in collaborazione con&nbsp;<em>Officine Zeta, spazio di lettura, creativit\u00e0 e manualit\u00e0<\/em>.&nbsp;<br \/>\nLa visita, che dura circa 45 minuti, \u00e8 rivolta ai bambini dai 5 ai 10 anni. Non \u00e8 necessaria la presenza dei genitori che, durante la fiaba animata, potranno visitare il maniero con accompagnamento guidato o ancora partecipare prima o dopo a un altro turno di visita in compagnia dei propri bambini.<br \/>\nCosto de \u201cIl castello tra le onde\u201d: 8 euro a bambino, che al termine dell\u2019attivit\u00e0 ricever\u00e0 un piccolo omaggio&nbsp;<em>Baratti &amp; Milano<\/em>.<\/p>\n<p>Info e prenotazioni per \u201cUn castello tra le onde\u201d entro le 18,00 di venerd\u00ec 11 ottobre a cura della&nbsp;<em>Barolo &amp; Castles Foundation:<\/em><br \/>\ntel. 0173.386697, e-mail&nbsp;<a href=\"mailto:info@barolofoundation.it\" target=\"_blank\">info@barolofoundation.it<\/a><\/p>\n<p>&nbsp;<br \/>\nCondividi su:<br \/>\n<a class=\"synved-social-button synved-social-button-share synved-social-size-24 synved-social-resolution-normal synved-social-provider-facebook nolightbox\" title=\"Condividi su Facebook\" href=\"http:\/\/www.facebook.com\/sharer.php?u=http%3A%2F%2Fmuseipiemonte.cultura.gov.it%2F%3Fp%3D4091&amp;t=Famiglie%20al%20museo%202018%20e%20non%20solo%E2%80%A6.%20%E2%80%93%20da%20venerd%C3%AC%2012%20a%20domenica%2014%20ottobre%202018&amp;s=100&amp;p[url]=http%3A%2F%2Fmuseipiemonte.cultura.gov.it%2F%3Fp%3D4091&amp;p[images][0]=http%3A%2F%2Fmuseipiemonte.cultura.gov.it%2Fwp-content%2Fuploads%2F2018%2F10%2Fcover-tema-FAMU.jpg&amp;p[title]=Famiglie%20al%20museo%202018%20e%20non%20solo%E2%80%A6.%20%E2%80%93%20da%20venerd%C3%AC%2012%20a%20domenica%2014%20ottobre%202018\" target=\"_blank\" rel=\"nofollow\" data-provider=\"facebook\"><img loading=\"lazy\" decoding=\"async\" class=\"synved-share-image synved-social-image synved-social-image-share\" title=\"Condividi su Facebook\" src=\"http:\/\/museipiemonte.cultura.gov.it\/wp-content\/plugins\/social-media-feather\/synved-social\/image\/social\/regular\/24x24\/facebook.png\" alt=\"Facebook\" width=\"24\" height=\"24\"><\/a><a class=\"synved-social-button synved-social-button-share synved-social-size-24 synved-social-resolution-normal synved-social-provider-twitter nolightbox\" title=\"Condividi su Twitter\" href=\"https:\/\/twitter.com\/intent\/tweet?url=http%3A%2F%2Fmuseipiemonte.cultura.gov.it%2F%3Fp%3D4091&amp;text=Leggi%20questo%20articolo\" target=\"_blank\" rel=\"nofollow\" data-provider=\"twitter\"><img loading=\"lazy\" decoding=\"async\" class=\"synved-share-image synved-social-image synved-social-image-share\" title=\"Condividi su Twitter\" src=\"http:\/\/museipiemonte.cultura.gov.it\/wp-content\/plugins\/social-media-feather\/synved-social\/image\/social\/regular\/24x24\/twitter.png\" alt=\"twitter\" width=\"24\" height=\"24\"><\/a><a class=\"synved-social-button synved-social-button-share synved-social-size-24 synved-social-resolution-normal synved-social-provider-pinterest nolightbox\" title=\"Pin it su Pinterest\" href=\"http:\/\/pinterest.com\/pin\/create\/button\/?url=http%3A%2F%2Fmuseipiemonte.cultura.gov.it%2F%3Fp%3D4091&amp;media=http%3A%2F%2Fmuseipiemonte.cultura.gov.it%2Fwp-content%2Fuploads%2F2018%2F10%2Fcover-tema-FAMU.jpg&amp;description=Famiglie%20al%20museo%202018%20e%20non%20solo%E2%80%A6.%20%E2%80%93%20da%20venerd%C3%AC%2012%20a%20domenica%2014%20ottobre%202018\" target=\"_blank\" rel=\"nofollow\" data-provider=\"pinterest\"><img loading=\"lazy\" decoding=\"async\" class=\"synved-share-image synved-social-image synved-social-image-share\" title=\"Pin it su Pinterest\" src=\"http:\/\/museipiemonte.cultura.gov.it\/wp-content\/plugins\/social-media-feather\/synved-social\/image\/social\/regular\/24x24\/pinterest.png\" alt=\"pinterest\" width=\"24\" height=\"24\"><\/a><a class=\"synved-social-button synved-social-button-share synved-social-size-24 synved-social-resolution-normal synved-social-provider-linkedin nolightbox\" title=\"Condividi su LinkedIn\" href=\"http:\/\/www.linkedin.com\/shareArticle?mini=true&amp;url=http%3A%2F%2Fmuseipiemonte.cultura.gov.it%2F%3Fp%3D4091&amp;title=Famiglie%20al%20museo%202018%20e%20non%20solo%E2%80%A6.%20%E2%80%93%20da%20venerd%C3%AC%2012%20a%20domenica%2014%20ottobre%202018\" target=\"_blank\" rel=\"nofollow\" data-provider=\"linkedin\"><img loading=\"lazy\" decoding=\"async\" class=\"synved-share-image synved-social-image synved-social-image-share\" title=\"Condividi su LinkedIn\" src=\"http:\/\/museipiemonte.cultura.gov.it\/wp-content\/plugins\/social-media-feather\/synved-social\/image\/social\/regular\/24x24\/linkedin.png\" alt=\"linkedin\" width=\"24\" height=\"24\"><\/a><a class=\"synved-social-button synved-social-button-share synved-social-size-24 synved-social-resolution-normal synved-social-provider-tumblr nolightbox\" title=\"Condividi su Tumblr\" href=\"http:\/\/tumblr.com\/share?s=&amp;v=3&amp;t=Famiglie%20al%20museo%202018%20e%20non%20solo%E2%80%A6.%20%E2%80%93%20da%20venerd%C3%AC%2012%20a%20domenica%2014%20ottobre%202018&amp;u=http%3A%2F%2Fmuseipiemonte.cultura.gov.it%2F%3Fp%3D4091\" target=\"_blank\" rel=\"nofollow\" data-provider=\"tumblr\"><img loading=\"lazy\" decoding=\"async\" class=\"synved-share-image synved-social-image synved-social-image-share\" title=\"Condividi su Tumblr\" src=\"http:\/\/museipiemonte.cultura.gov.it\/wp-content\/plugins\/social-media-feather\/synved-social\/image\/social\/regular\/24x24\/tumblr.png\" alt=\"tumblr\" width=\"24\" height=\"24\"><\/a><a class=\"synved-social-button synved-social-button-share synved-social-size-24 synved-social-resolution-normal synved-social-provider-mail nolightbox\" title=\"Invia via mail\" href=\"mailto:?subject=Famiglie%20al%20museo%202018%20e%20non%20solo%E2%80%A6.%20%E2%80%93%20da%20venerd%C3%AC%2012%20a%20domenica%2014%20ottobre%202018&amp;body=Leggi%20questo%20articolo:%20http%3A%2F%2Fmuseipiemonte.cultura.gov.it%2F%3Fp%3D4091\" rel=\"nofollow\" data-provider=\"mail\"><img loading=\"lazy\" decoding=\"async\" class=\"synved-share-image synved-social-image synved-social-image-share\" title=\"Invia via mail\" src=\"http:\/\/museipiemonte.cultura.gov.it\/wp-content\/plugins\/social-media-feather\/synved-social\/image\/social\/regular\/24x24\/mail.png\" alt=\"mail\" width=\"24\" height=\"24\"><\/a><\/p>\n","protected":false},"excerpt":{"rendered":"<p>Visite guida e laboratori didattici dedicati ai bambini domenica 13 ottobre.<\/p>\n","protected":false},"author":1,"featured_media":837,"comment_status":"closed","ping_status":"closed","sticky":false,"template":"","format":"standard","meta":{"footnotes":""},"categories":[12,7,10,8,5,6],"tags":[52,58,35,61,43,44,36,21,62,41,33,25,54],"class_list":["post-5000","post","type-post","status-publish","format-standard","has-post-thumbnail","hentry","category-abbazia-di-vezzolano","category-castello-di-aglie","category-castello-di-racconigi","category-forte-di-gavi","category-palazzo-carignano","category-villa-della-regina","tag-abbazia","tag-aglie","tag-castello","tag-concerto","tag-forte","tag-gavi","tag-musei","tag-news","tag-palazzo-carignano","tag-racconigi","tag-valorizzazione","tag-villa-della-regina","tag-visita-guidata"],"_links":{"self":[{"href":"https:\/\/museipiemonte.cultura.gov.it\/index.php\/wp-json\/wp\/v2\/posts\/5000","targetHints":{"allow":["GET"]}}],"collection":[{"href":"https:\/\/museipiemonte.cultura.gov.it\/index.php\/wp-json\/wp\/v2\/posts"}],"about":[{"href":"https:\/\/museipiemonte.cultura.gov.it\/index.php\/wp-json\/wp\/v2\/types\/post"}],"author":[{"embeddable":true,"href":"https:\/\/museipiemonte.cultura.gov.it\/index.php\/wp-json\/wp\/v2\/users\/1"}],"replies":[{"embeddable":true,"href":"https:\/\/museipiemonte.cultura.gov.it\/index.php\/wp-json\/wp\/v2\/comments?post=5000"}],"version-history":[{"count":10,"href":"https:\/\/museipiemonte.cultura.gov.it\/index.php\/wp-json\/wp\/v2\/posts\/5000\/revisions"}],"predecessor-version":[{"id":5168,"href":"https:\/\/museipiemonte.cultura.gov.it\/index.php\/wp-json\/wp\/v2\/posts\/5000\/revisions\/5168"}],"wp:featuredmedia":[{"embeddable":true,"href":"https:\/\/museipiemonte.cultura.gov.it\/index.php\/wp-json\/wp\/v2\/media\/837"}],"wp:attachment":[{"href":"https:\/\/museipiemonte.cultura.gov.it\/index.php\/wp-json\/wp\/v2\/media?parent=5000"}],"wp:term":[{"taxonomy":"category","embeddable":true,"href":"https:\/\/museipiemonte.cultura.gov.it\/index.php\/wp-json\/wp\/v2\/categories?post=5000"},{"taxonomy":"post_tag","embeddable":true,"href":"https:\/\/museipiemonte.cultura.gov.it\/index.php\/wp-json\/wp\/v2\/tags?post=5000"}],"curies":[{"name":"wp","href":"https:\/\/api.w.org\/{rel}","templated":true}]}}