{"id":5037,"date":"2019-10-21T10:38:54","date_gmt":"2019-10-21T08:38:54","guid":{"rendered":"http:\/\/museipiemonte.cultura.gov.it\/?p=5037"},"modified":"2019-11-26T09:54:48","modified_gmt":"2019-11-26T08:54:48","slug":"villa-della-regina-mostra-sincerita-della-materia-dal-25-ottobre-al-3-novembre-2019","status":"publish","type":"post","link":"https:\/\/museipiemonte.cultura.gov.it\/index.php\/2019\/10\/21\/villa-della-regina-mostra-sincerita-della-materia-dal-25-ottobre-al-3-novembre-2019\/","title":{"rendered":"Villa della Regina &#8211; Mostra &#8220;Sincerit\u00e0 della materia&#8221;, dal 25 ottobre al 3 novembre 2019"},"content":{"rendered":"<p>&nbsp;<\/p>\n<p><strong>Dal 25 ottobre al 3 novembre 2019 <a href=\"http:\/\/museipiemonte.cultura.gov.it\/index.php\/musei-e-luoghi-della-cultura\/villa-della-regina\/\" target=\"_blank\">Villa della Regina<\/a>&nbsp;<\/strong>ospita la mostra<\/p>\n<p><em><strong>Sincerit\u00e0 della materia \/ Honesty of Matter<br \/>\n<\/strong><\/em>personale dell\u2019artista Caterina Morigi (Ravenna, 1991), a cura di Amalia Nangeroni.<\/p>\n<p style=\"background: white;\">&nbsp;<\/p>\n<p>La mostra illustra il lavoro di uno dei progetti vincitori del Bando OraX!, Strade per creativi under 30 promosso dalla Compagnia di San Paolo, con l\u2019obiettivo di formare e sostenere le produzioni di espressivit\u00e0 contemporanea di talenti di nuova generazione.<\/p>\n<p>Il progetto presenta due lavori inediti che interrogano il rapporto tra umano e natura, mettendo in luce le modificazioni operate dall\u2019uomo sull\u2019elemento naturale, con un particolare riferimento alla pietra e alle tecniche usate per la sua rappresentazione nel corso dei secoli.<\/p>\n<p>L\u2019esposizione si sviluppa in due luoghi della citt\u00e0 di Torino.<br \/>\nA Villa della Regina l\u2019artista espone un\u2019installazione scultorea <em>site-specific<\/em> in pietra e porcellana, creata in collaborazione con l\u2019Istituto Caselli-Real Fabbrica di Capodimonte, Napoli. Il lavoro si relaziona con le quadrature architettoniche del salone d\u2019onore progettate da Filippo Juvarra e realizzate dal pittore Giuseppe Dallamano (1733). L\u2019allestimento \u00e8 a cura di Sara Ricciardi Studio.<\/p>\n<p>Nell\u2019artist-run space Mucho Mas!, corso Brescia 89 a Torino, il progetto si presenta in forma di installazioni bidimensionali in marmo artificiale di Rima, realizzate in collaborazione con il Maestro Simone Desir\u00f2. Esse indagano le suggestioni che talvolta affiorano dalle superfici marmoree, le diverse cromie e l\u2019irregolarit\u00e0 delle venature sembrano dipingere corpi umani nelle loro cicatrici e segni del tempo che, fissati nel marmo, sfidano la decadenza organica del corpo.<\/p>\n<p>La mostra \u00e8 accompagnata da un libro d\u2019artista, edito da Witty Kiwi, Torino, e da una serie limitata di multipli disponibili presso Mucho Mas!.<\/p>\n<p>La mostra \u00e8 visitabile nel normale orario di apertura della Villa: marted\u00ec-domenica, 10.00 -18.00 (ultimo ingresso ore 17.00). Solo venerd\u00ec 1 e sabato 2 novembre, prolungamento di apertura fino alle 21.00 (ultimo ingresso ore 20.00).<\/p>\n<p><a href=\"http:\/\/museipiemonte.cultura.gov.it\/wp-content\/uploads\/2019\/10\/Caterina-Morigi_arabescato.jpg\"><img loading=\"lazy\" decoding=\"async\" class=\"alignnone size-medium wp-image-5040\" src=\"http:\/\/museipiemonte.cultura.gov.it\/wp-content\/uploads\/2019\/10\/Caterina-Morigi_arabescato-300x214.jpg\" alt=\"Caterina Morigi_arabescato\" width=\"300\" height=\"214\" srcset=\"https:\/\/museipiemonte.cultura.gov.it\/wp-content\/uploads\/2019\/10\/Caterina-Morigi_arabescato-300x214.jpg 300w, https:\/\/museipiemonte.cultura.gov.it\/wp-content\/uploads\/2019\/10\/Caterina-Morigi_arabescato-1024x732.jpg 1024w, https:\/\/museipiemonte.cultura.gov.it\/wp-content\/uploads\/2019\/10\/Caterina-Morigi_arabescato-830x593.jpg 830w, https:\/\/museipiemonte.cultura.gov.it\/wp-content\/uploads\/2019\/10\/Caterina-Morigi_arabescato-230x164.jpg 230w, https:\/\/museipiemonte.cultura.gov.it\/wp-content\/uploads\/2019\/10\/Caterina-Morigi_arabescato-350x250.jpg 350w\" sizes=\"auto, (max-width: 300px) 100vw, 300px\" \/><\/a><\/p>\n<p>Informazioni: tel. 0118194484, e-mail <a href=\"mailto:pm-pie.villadellaregina@beniculturali.it\" target=\"_blank\">pm-pie.villadellaregina@beniculturali.it<\/a><\/p>\n","protected":false},"excerpt":{"rendered":"<p>Mostra d&#8217;arte contemporanea nel Salone d&#8217;onore di Villa della Regina<\/p>\n","protected":false},"author":1,"featured_media":780,"comment_status":"closed","ping_status":"closed","sticky":false,"template":"","format":"standard","meta":{"footnotes":""},"categories":[6],"tags":[],"class_list":["post-5037","post","type-post","status-publish","format-standard","has-post-thumbnail","hentry","category-villa-della-regina"],"_links":{"self":[{"href":"https:\/\/museipiemonte.cultura.gov.it\/index.php\/wp-json\/wp\/v2\/posts\/5037","targetHints":{"allow":["GET"]}}],"collection":[{"href":"https:\/\/museipiemonte.cultura.gov.it\/index.php\/wp-json\/wp\/v2\/posts"}],"about":[{"href":"https:\/\/museipiemonte.cultura.gov.it\/index.php\/wp-json\/wp\/v2\/types\/post"}],"author":[{"embeddable":true,"href":"https:\/\/museipiemonte.cultura.gov.it\/index.php\/wp-json\/wp\/v2\/users\/1"}],"replies":[{"embeddable":true,"href":"https:\/\/museipiemonte.cultura.gov.it\/index.php\/wp-json\/wp\/v2\/comments?post=5037"}],"version-history":[{"count":7,"href":"https:\/\/museipiemonte.cultura.gov.it\/index.php\/wp-json\/wp\/v2\/posts\/5037\/revisions"}],"predecessor-version":[{"id":5061,"href":"https:\/\/museipiemonte.cultura.gov.it\/index.php\/wp-json\/wp\/v2\/posts\/5037\/revisions\/5061"}],"wp:featuredmedia":[{"embeddable":true,"href":"https:\/\/museipiemonte.cultura.gov.it\/index.php\/wp-json\/wp\/v2\/media\/780"}],"wp:attachment":[{"href":"https:\/\/museipiemonte.cultura.gov.it\/index.php\/wp-json\/wp\/v2\/media?parent=5037"}],"wp:term":[{"taxonomy":"category","embeddable":true,"href":"https:\/\/museipiemonte.cultura.gov.it\/index.php\/wp-json\/wp\/v2\/categories?post=5037"},{"taxonomy":"post_tag","embeddable":true,"href":"https:\/\/museipiemonte.cultura.gov.it\/index.php\/wp-json\/wp\/v2\/tags?post=5037"}],"curies":[{"name":"wp","href":"https:\/\/api.w.org\/{rel}","templated":true}]}}