{"id":5187,"date":"2019-12-02T12:10:41","date_gmt":"2019-12-02T11:10:41","guid":{"rendered":"http:\/\/museipiemonte.cultura.gov.it\/?p=5187"},"modified":"2019-12-04T09:55:02","modified_gmt":"2019-12-04T08:55:02","slug":"giornata-internazionale-dei-diritti-delle-persone-con-disabilita-martedi-3-dicembre-2019","status":"publish","type":"post","link":"https:\/\/museipiemonte.cultura.gov.it\/index.php\/2019\/12\/02\/giornata-internazionale-dei-diritti-delle-persone-con-disabilita-martedi-3-dicembre-2019\/","title":{"rendered":"Giornata internazionale dei diritti delle persone con disabilit\u00e0, marted\u00ec 3 dicembre 2019"},"content":{"rendered":"<p>Marted\u00ec 3 dicembre 2019, alle ore 15.00, nel Salone d\u2019onore dell\u2019Appartamento di Mezzanotte di Palazzo Carignano, in occasione della Giornata internazionale delle persone con disabilit\u00e0 verr\u00e0 presentato il video inerente il percorso museale degli Appartamenti Reali di Palazzo Carignano realizzato dall\u2019Associazione Culturale Teatro8 in collaborazione con la Direzione di Palazzo Carignano, afferente al Polo Museale del Piemonte.<br \/>\nTeatro8 si occupa di attivit\u00e0 di formazione nell\u2019ambito dello spettacolo con particolare attenzione a ragazzi affetti dalla sindrome di Asperger e da autismo, e dal 2017 i giovani attori dell&#8217;associazione hanno dato vita, in pi\u00f9 occasioni, a Palazzo Carignano, a visite teatralizzate in cui hanno interpretato i diversi personaggi che hanno rivestito un ruolo fondamentale nella storia del Palazzo, da Guarino Guarini fino a Camillo Benso conte di Cavour.<\/p>\n<p>L\u2019ingresso sar\u00e0 consentito fino ad esaurimento posti.<\/p>\n","protected":false},"excerpt":{"rendered":"<p>Presentazione del video di Teatro8 inerente il percorso museale degli Appartamenti Reali di Palazzo Carignano<\/p>\n","protected":false},"author":1,"featured_media":1020,"comment_status":"closed","ping_status":"closed","sticky":false,"template":"","format":"standard","meta":{"footnotes":""},"categories":[5],"tags":[175,33,105],"class_list":["post-5187","post","type-post","status-publish","format-standard","has-post-thumbnail","hentry","category-palazzo-carignano","tag-disabilita-palazzo-carignano","tag-valorizzazione","tag-video"],"_links":{"self":[{"href":"https:\/\/museipiemonte.cultura.gov.it\/index.php\/wp-json\/wp\/v2\/posts\/5187","targetHints":{"allow":["GET"]}}],"collection":[{"href":"https:\/\/museipiemonte.cultura.gov.it\/index.php\/wp-json\/wp\/v2\/posts"}],"about":[{"href":"https:\/\/museipiemonte.cultura.gov.it\/index.php\/wp-json\/wp\/v2\/types\/post"}],"author":[{"embeddable":true,"href":"https:\/\/museipiemonte.cultura.gov.it\/index.php\/wp-json\/wp\/v2\/users\/1"}],"replies":[{"embeddable":true,"href":"https:\/\/museipiemonte.cultura.gov.it\/index.php\/wp-json\/wp\/v2\/comments?post=5187"}],"version-history":[{"count":4,"href":"https:\/\/museipiemonte.cultura.gov.it\/index.php\/wp-json\/wp\/v2\/posts\/5187\/revisions"}],"predecessor-version":[{"id":5191,"href":"https:\/\/museipiemonte.cultura.gov.it\/index.php\/wp-json\/wp\/v2\/posts\/5187\/revisions\/5191"}],"wp:featuredmedia":[{"embeddable":true,"href":"https:\/\/museipiemonte.cultura.gov.it\/index.php\/wp-json\/wp\/v2\/media\/1020"}],"wp:attachment":[{"href":"https:\/\/museipiemonte.cultura.gov.it\/index.php\/wp-json\/wp\/v2\/media?parent=5187"}],"wp:term":[{"taxonomy":"category","embeddable":true,"href":"https:\/\/museipiemonte.cultura.gov.it\/index.php\/wp-json\/wp\/v2\/categories?post=5187"},{"taxonomy":"post_tag","embeddable":true,"href":"https:\/\/museipiemonte.cultura.gov.it\/index.php\/wp-json\/wp\/v2\/tags?post=5187"}],"curies":[{"name":"wp","href":"https:\/\/api.w.org\/{rel}","templated":true}]}}