{"id":5196,"date":"2019-12-04T14:42:32","date_gmt":"2019-12-04T13:42:32","guid":{"rendered":"http:\/\/museipiemonte.cultura.gov.it\/?p=5196"},"modified":"2019-12-04T15:41:25","modified_gmt":"2019-12-04T14:41:25","slug":"eventi-del-fine-settimana-7-e-8-dicembre-2019","status":"publish","type":"post","link":"https:\/\/museipiemonte.cultura.gov.it\/index.php\/2019\/12\/04\/eventi-del-fine-settimana-7-e-8-dicembre-2019\/","title":{"rendered":"Eventi del fine settimana, 7 e 8 dicembre 2019"},"content":{"rendered":"<p><img decoding=\"async\" src=\"http:\/\/museipiemonte.cultura.gov.it\/wp-content\/uploads\/2016\/05\/Villa-300x43.jpg\" alt=\"Villa\"><\/p>\n<p>A <strong><a href=\"http:\/\/museipiemonte.cultura.gov.it\/index.php\/musei-e-luoghi-della-cultura\/\">Villa della Regina<\/a><\/strong>, domenica 8 dicembre \u00e8 prevista l&#8217;apertura straordinaria dalle ore 18.00 alle 21.00.<\/p>\n<p>Per informazioni: tel. 011.8194484, e-mail: <a href=\"mailto:pm-pie.villadellaregina@beniculturali.it\" target=\"_blank\">pm-pie.villadellaregina@beniculturali.it<\/a><\/p>\n<p>&nbsp;<\/p>\n<p><img decoding=\"async\" src=\"http:\/\/museipiemonte.cultura.gov.it\/wp-content\/uploads\/2016\/08\/PalazzoCarignano-300x43.jpg\" alt=\"PalazzoCarignano\"><\/p>\n<p>A <strong><a href=\"http:\/\/museipiemonte.cultura.gov.it\/index.php\/musei-e-luoghi-della-cultura\/\">Palazzo Carignano<\/a><\/strong>, domenica 8 dicembre alle ore 11.00 si terr\u00e0 il concerto, dal titolo <em>Il viaggio di Leonardo<\/em>, promosso dall\u2019Associazione musicale \u201cMusica Viva\u201d in occasione della III edizione di Le Nvove Mvsiche Festival.<br \/>\nSi esibir\u00e0 l&#8217;<em>Ensemble vocale Costanzo Festa<\/em>, nato nel 2012, con Gualtiero Marangoni (violone) e Bruno Bergamini (voce, direzione, spinetta), i quali eseguiranno musiche di Heinrich Isaac, Josquin Des Prez, Bartolomeo Tromboncino, Lorenzo il Magnifico e Costanzo Festa.<\/p>\n<p>Il concerto \u00e8 gratuito previo pagamento del normale biglietto d\u2019ingresso.<\/p>\n<p>Per informazioni: tel. 011.5641791, e-mail: <a href=\"mailto:pm-pie.palazzocarignano@beniculturali.it\" target=\"_blank\">pm-pie.palazzocarignano@beniculturali.it<\/a><\/p>\n<p>&nbsp;<\/p>\n<p><img decoding=\"async\" src=\"http:\/\/museipiemonte.cultura.gov.it\/wp-content\/uploads\/2016\/05\/Aglie-300x43.jpg\" alt=\"Aglie\"><\/p>\n<p>Al <strong><a href=\"http:\/\/museipiemonte.cultura.gov.it\/index.php\/musei-e-luoghi-della-cultura\/\">Castello di Agli\u00e8<\/a><\/strong>, sabato 7 dicembre 2019 riaprir\u00e0 finalmente alla visita dopo una lunga chiusura l&#8217;Appartamento del Re. Per l&#8217;occasione, oltre alle consuete visite accompagnate dal personale del Castello, verranno offerte ai visitatori due visite di approfondimento. Alle ore 10.00 e alle ore 16.00 il personale del museo accompagner\u00e0 i visitatori facendo loro scoprire i segreti di queste stanze: l&#8217;ambizione di un re e l&#8217;ingegno del suo architetto, i soggiorni al Castello del re Carlo Felice di Savoia e della regina Maria Cristina di Borbone-Napoli, e gli interessi del duca Tomaso di Savoia-Genova e della duchessa Isabella di Baviera.<\/p>\n<p>Per informazioni: tel. 0124.330102, e-mail: <a href=\"mailto:pm-pie.aglie@beniculturali.it\" target=\"_blank\">pm-pie.aglie@beniculturali.it<\/a><\/p>\n<p>&nbsp;<\/p>\n<p><img decoding=\"async\" src=\"http:\/\/museipiemonte.cultura.gov.it\/wp-content\/uploads\/2016\/05\/Gavi-300x43.jpg\" alt=\"Gavi\"><\/p>\n<p>Al <strong><a href=\"http:\/\/museipiemonte.cultura.gov.it\/index.php\/musei-e-luoghi-della-cultura\/\">Forte di Gavi<\/a><\/strong>, da domenica 8 dicembre al 16 febbraio, si svolger\u00e0 la <em>Mostra di presepi e artigianato artistico<\/em>. Domenica 8 dicembre, alle ore 11.00, verr\u00e0 inaugurata la mostra; alle ore 11.20 seguir\u00e0 il concerto della Banda Musicale Arquatese, e infine, alle ore 11.45 verr\u00e0 presentato il libro &#8216;Il sorriso degli eroi&#8217;, scritto da Massimo e Maurizio Novelli, e illustrato dal vignettista Max Volpa.<\/p>\n<p>Per informazioni: cell. 347.4109278, e-mail: <a href=\"mailto:associazioneamicidellarte@gmail.com\" target=\"_blank\">associazioneamicidellarte@gmail.com<\/a><\/p>\n<p>&nbsp;<\/p>\n<p><img decoding=\"async\" src=\"http:\/\/museipiemonte.cultura.gov.it\/wp-content\/uploads\/2016\/07\/Vezzolano-300x43.jpg\" alt=\"Vezzolano\"><\/p>\n<p>All\u2019<strong><a href=\"http:\/\/museipiemonte.cultura.gov.it\/index.php\/musei-e-luoghi-della-cultura\/\">Abbazia di Vezzolano<\/a><\/strong> sabato 7 dicembre iniziano le attivit\u00e0 di <em><a href=\"http:\/\/museipiemonte.cultura.gov.it\/index.php\/2019\/12\/04\/natale-an-soran\/\">Natale An Soran<\/a><\/em><\/p>\n<p>&nbsp;<\/p>\n","protected":false},"excerpt":{"rendered":"<p>Aperture straordinarie, mostre e concerti in attesa del Natale.<\/p>\n","protected":false},"author":1,"featured_media":837,"comment_status":"closed","ping_status":"closed","sticky":false,"template":"","format":"standard","meta":{"footnotes":""},"categories":[12,7,4,8,5,6],"tags":[58,177,61,44,50,36,21,62,33,53,25],"class_list":["post-5196","post","type-post","status-publish","format-standard","has-post-thumbnail","hentry","category-abbazia-di-vezzolano","category-castello-di-aglie","category-direzione-regionale-musei","category-forte-di-gavi","category-palazzo-carignano","category-villa-della-regina","tag-aglie","tag-apertura-straordinaria","tag-concerto","tag-gavi","tag-mostra","tag-musei","tag-news","tag-palazzo-carignano","tag-valorizzazione","tag-vezzolano","tag-villa-della-regina"],"_links":{"self":[{"href":"https:\/\/museipiemonte.cultura.gov.it\/index.php\/wp-json\/wp\/v2\/posts\/5196","targetHints":{"allow":["GET"]}}],"collection":[{"href":"https:\/\/museipiemonte.cultura.gov.it\/index.php\/wp-json\/wp\/v2\/posts"}],"about":[{"href":"https:\/\/museipiemonte.cultura.gov.it\/index.php\/wp-json\/wp\/v2\/types\/post"}],"author":[{"embeddable":true,"href":"https:\/\/museipiemonte.cultura.gov.it\/index.php\/wp-json\/wp\/v2\/users\/1"}],"replies":[{"embeddable":true,"href":"https:\/\/museipiemonte.cultura.gov.it\/index.php\/wp-json\/wp\/v2\/comments?post=5196"}],"version-history":[{"count":10,"href":"https:\/\/museipiemonte.cultura.gov.it\/index.php\/wp-json\/wp\/v2\/posts\/5196\/revisions"}],"predecessor-version":[{"id":5216,"href":"https:\/\/museipiemonte.cultura.gov.it\/index.php\/wp-json\/wp\/v2\/posts\/5196\/revisions\/5216"}],"wp:featuredmedia":[{"embeddable":true,"href":"https:\/\/museipiemonte.cultura.gov.it\/index.php\/wp-json\/wp\/v2\/media\/837"}],"wp:attachment":[{"href":"https:\/\/museipiemonte.cultura.gov.it\/index.php\/wp-json\/wp\/v2\/media?parent=5196"}],"wp:term":[{"taxonomy":"category","embeddable":true,"href":"https:\/\/museipiemonte.cultura.gov.it\/index.php\/wp-json\/wp\/v2\/categories?post=5196"},{"taxonomy":"post_tag","embeddable":true,"href":"https:\/\/museipiemonte.cultura.gov.it\/index.php\/wp-json\/wp\/v2\/tags?post=5196"}],"curies":[{"name":"wp","href":"https:\/\/api.w.org\/{rel}","templated":true}]}}