{"id":5253,"date":"2019-12-19T17:14:53","date_gmt":"2019-12-19T16:14:53","guid":{"rendered":"http:\/\/museipiemonte.cultura.gov.it\/?p=5253"},"modified":"2019-12-23T15:21:44","modified_gmt":"2019-12-23T14:21:44","slug":"5253","status":"publish","type":"post","link":"https:\/\/museipiemonte.cultura.gov.it\/index.php\/2019\/12\/19\/5253\/","title":{"rendered":"Apertura della Cappella di San Massimo al Castello di Agli\u00e8"},"content":{"rendered":"<p>Al&nbsp;<a href=\"http:\/\/museipiemonte.cultura.gov.it\/index.php\/musei-e-luoghi-della-cultura\/castello-di-aglie\/\">Castello di Agli\u00e9<\/a>&nbsp;da domenica 15 dicembre 2019 a domenica 5&nbsp;gennaio&nbsp;2020 la visita si arricchisce con l&#8217;apertura della&nbsp;Cappella.<\/p>\n<p>La pi\u00f9 importante area sacra del Castello venne&nbsp;fondata nel Seicento e venne&nbsp;completata nell&#8217;Ottocento&nbsp;con i marmi,&nbsp;il dipinto sull&#8217;altare&nbsp;che raffigura San Massimo,&nbsp;il santo&nbsp;patrono di Agli\u00e8,&nbsp;e la copia ufficiale&nbsp;della Sindone; in essa gli antichi proprietari facevano celebrare le&nbsp;funzioni pi\u00f9 intime e sentite,&nbsp;come&nbsp;il battesimo&nbsp;dei piccoli duchi. La visita della Cappella sar\u00e0 parte integrante del percorso accompagnato nelle&nbsp;Sale di Rappresentanza.<br \/>\n&nbsp;<br \/>\nInformazioni: tel. 0124 330102, e-mail:&nbsp;pm-pie.aglie@beniculturali.it<\/p>\n<div class=\"_n_X4\">&nbsp;<\/div>\n","protected":false},"excerpt":{"rendered":"<p>Al&nbsp;Castello di Agli\u00e9&nbsp;da domenica 15 dicembre 2019 a domenica 5&nbsp;gennaio&nbsp;2020 la visita si arricchisce con l&#8217;apertura della&nbsp;Cappella. La pi\u00f9 importante area sacra del Castello venne&nbsp;fondata nel Seicento e venne&nbsp;completata nell&#8217;Ottocento&nbsp;con i marmi,&nbsp;il dipinto sull&#8217;altare&nbsp;che raffigura [&hellip;]<\/p>\n","protected":false},"author":1,"featured_media":828,"comment_status":"closed","ping_status":"closed","sticky":false,"template":"","format":"standard","meta":{"footnotes":""},"categories":[7],"tags":[58,54],"class_list":["post-5253","post","type-post","status-publish","format-standard","has-post-thumbnail","hentry","category-castello-di-aglie","tag-aglie","tag-visita-guidata"],"_links":{"self":[{"href":"https:\/\/museipiemonte.cultura.gov.it\/index.php\/wp-json\/wp\/v2\/posts\/5253","targetHints":{"allow":["GET"]}}],"collection":[{"href":"https:\/\/museipiemonte.cultura.gov.it\/index.php\/wp-json\/wp\/v2\/posts"}],"about":[{"href":"https:\/\/museipiemonte.cultura.gov.it\/index.php\/wp-json\/wp\/v2\/types\/post"}],"author":[{"embeddable":true,"href":"https:\/\/museipiemonte.cultura.gov.it\/index.php\/wp-json\/wp\/v2\/users\/1"}],"replies":[{"embeddable":true,"href":"https:\/\/museipiemonte.cultura.gov.it\/index.php\/wp-json\/wp\/v2\/comments?post=5253"}],"version-history":[{"count":4,"href":"https:\/\/museipiemonte.cultura.gov.it\/index.php\/wp-json\/wp\/v2\/posts\/5253\/revisions"}],"predecessor-version":[{"id":5257,"href":"https:\/\/museipiemonte.cultura.gov.it\/index.php\/wp-json\/wp\/v2\/posts\/5253\/revisions\/5257"}],"wp:featuredmedia":[{"embeddable":true,"href":"https:\/\/museipiemonte.cultura.gov.it\/index.php\/wp-json\/wp\/v2\/media\/828"}],"wp:attachment":[{"href":"https:\/\/museipiemonte.cultura.gov.it\/index.php\/wp-json\/wp\/v2\/media?parent=5253"}],"wp:term":[{"taxonomy":"category","embeddable":true,"href":"https:\/\/museipiemonte.cultura.gov.it\/index.php\/wp-json\/wp\/v2\/categories?post=5253"},{"taxonomy":"post_tag","embeddable":true,"href":"https:\/\/museipiemonte.cultura.gov.it\/index.php\/wp-json\/wp\/v2\/tags?post=5253"}],"curies":[{"name":"wp","href":"https:\/\/api.w.org\/{rel}","templated":true}]}}