{"id":5390,"date":"2020-02-18T14:29:07","date_gmt":"2020-02-18T13:29:07","guid":{"rendered":"http:\/\/museipiemonte.cultura.gov.it\/?p=5390"},"modified":"2020-02-18T14:31:25","modified_gmt":"2020-02-18T13:31:25","slug":"tutto-il-mondo-e-un-teatro-e-noi-siamo-gli-attori","status":"publish","type":"post","link":"https:\/\/museipiemonte.cultura.gov.it\/index.php\/2020\/02\/18\/tutto-il-mondo-e-un-teatro-e-noi-siamo-gli-attori\/","title":{"rendered":"Tutto il mondo \u00e8 un teatro e noi siamo gli attori&#8230;"},"content":{"rendered":"<p>Attivit\u00e0 di Carnevale al Castello di Agli\u00e8 per bambini di et\u00e0 compresa tra 5 e 11 anni.<br \/>\nIn occasione delle feste di Carnevale&nbsp;il re Carlo Felice vuole assistere a uno spettacolo di maschere in Castello, ma la compagnia teatrale non riesce ad arrivare! Riusciranno i nostri piccoli visitatori a sostituire gli attori nel Teatrino senza che il re si accorga di nulla? Lo scopriremo sabato 22 febbraio alle ore 15.00 nell&#8217;ambito della visita con laboratorio teatrale <em>Tutto il mondo \u00e8 un teatro e noi siamo gli attori&#8230;<\/em><br \/>\nPrenotazione obbligatoria entro il 21 febbraio ai seguenti recapiti: 0124 330102, pm-pie.aglie@beniculturali.it; ingresso secondo le tariffe consuete senza costi aggiuntivi per la visita con laboratorio.<\/p>\n<p><img loading=\"lazy\" decoding=\"async\" class=\"alignnone size-medium wp-image-5391\" src=\"http:\/\/museipiemonte.cultura.gov.it\/wp-content\/uploads\/2020\/02\/meissen-Bimbo-in-costume-da-Mezzettino-1815-1924_galleria_verde-305x500.jpg\" alt=\"meissen, Bimbo in costume da Mezzettino, 1815-1924_galleria_verde\" width=\"305\" height=\"500\" srcset=\"https:\/\/museipiemonte.cultura.gov.it\/wp-content\/uploads\/2020\/02\/meissen-Bimbo-in-costume-da-Mezzettino-1815-1924_galleria_verde-305x500.jpg 305w, https:\/\/museipiemonte.cultura.gov.it\/wp-content\/uploads\/2020\/02\/meissen-Bimbo-in-costume-da-Mezzettino-1815-1924_galleria_verde-624x1024.jpg 624w, https:\/\/museipiemonte.cultura.gov.it\/wp-content\/uploads\/2020\/02\/meissen-Bimbo-in-costume-da-Mezzettino-1815-1924_galleria_verde-230x377.jpg 230w, https:\/\/museipiemonte.cultura.gov.it\/wp-content\/uploads\/2020\/02\/meissen-Bimbo-in-costume-da-Mezzettino-1815-1924_galleria_verde-350x574.jpg 350w, https:\/\/museipiemonte.cultura.gov.it\/wp-content\/uploads\/2020\/02\/meissen-Bimbo-in-costume-da-Mezzettino-1815-1924_galleria_verde.jpg 782w\" sizes=\"auto, (max-width: 305px) 100vw, 305px\" \/><\/p>\n","protected":false},"excerpt":{"rendered":"<p>Attivit\u00e0 di Carnevale al Castello di Agli\u00e8 per bambini di et\u00e0 compresa tra 5 e 11 anni. In occasione delle feste di Carnevale&nbsp;il re Carlo Felice vuole assistere a uno spettacolo di maschere in Castello, [&hellip;]<\/p>\n","protected":false},"author":1,"featured_media":828,"comment_status":"closed","ping_status":"closed","sticky":false,"template":"","format":"standard","meta":{"footnotes":""},"categories":[7],"tags":[58,35,26,54],"class_list":["post-5390","post","type-post","status-publish","format-standard","has-post-thumbnail","hentry","category-castello-di-aglie","tag-aglie","tag-castello","tag-laboratorio-didattico","tag-visita-guidata"],"_links":{"self":[{"href":"https:\/\/museipiemonte.cultura.gov.it\/index.php\/wp-json\/wp\/v2\/posts\/5390","targetHints":{"allow":["GET"]}}],"collection":[{"href":"https:\/\/museipiemonte.cultura.gov.it\/index.php\/wp-json\/wp\/v2\/posts"}],"about":[{"href":"https:\/\/museipiemonte.cultura.gov.it\/index.php\/wp-json\/wp\/v2\/types\/post"}],"author":[{"embeddable":true,"href":"https:\/\/museipiemonte.cultura.gov.it\/index.php\/wp-json\/wp\/v2\/users\/1"}],"replies":[{"embeddable":true,"href":"https:\/\/museipiemonte.cultura.gov.it\/index.php\/wp-json\/wp\/v2\/comments?post=5390"}],"version-history":[{"count":3,"href":"https:\/\/museipiemonte.cultura.gov.it\/index.php\/wp-json\/wp\/v2\/posts\/5390\/revisions"}],"predecessor-version":[{"id":5394,"href":"https:\/\/museipiemonte.cultura.gov.it\/index.php\/wp-json\/wp\/v2\/posts\/5390\/revisions\/5394"}],"wp:featuredmedia":[{"embeddable":true,"href":"https:\/\/museipiemonte.cultura.gov.it\/index.php\/wp-json\/wp\/v2\/media\/828"}],"wp:attachment":[{"href":"https:\/\/museipiemonte.cultura.gov.it\/index.php\/wp-json\/wp\/v2\/media?parent=5390"}],"wp:term":[{"taxonomy":"category","embeddable":true,"href":"https:\/\/museipiemonte.cultura.gov.it\/index.php\/wp-json\/wp\/v2\/categories?post=5390"},{"taxonomy":"post_tag","embeddable":true,"href":"https:\/\/museipiemonte.cultura.gov.it\/index.php\/wp-json\/wp\/v2\/tags?post=5390"}],"curies":[{"name":"wp","href":"https:\/\/api.w.org\/{rel}","templated":true}]}}