{"id":5704,"date":"2020-08-20T10:22:40","date_gmt":"2020-08-20T08:22:40","guid":{"rendered":"http:\/\/museipiemonte.cultura.gov.it\/?p=5704"},"modified":"2020-09-09T09:59:34","modified_gmt":"2020-09-09T07:59:34","slug":"scrittori-al-castello-nel-giardino-del-castello-di-aglie-dal-21-agosto-al-4-settembre","status":"publish","type":"post","link":"https:\/\/museipiemonte.cultura.gov.it\/index.php\/2020\/08\/20\/scrittori-al-castello-nel-giardino-del-castello-di-aglie-dal-21-agosto-al-4-settembre\/","title":{"rendered":"&#8220;Scrittori al Castello&#8221; nel giardino del Castello di Agli\u00e8 &#8211; dal 21 agosto al 4 settembre"},"content":{"rendered":"<p>Nella suggestiva cornice del Giardino del <a href=\"http:\/\/museipiemonte.cultura.gov.it\/index.php\/musei-e-luoghi-della-cultura\/castello-di-aglie\/\" target=\"_blank\"><strong>Castello di Agli\u00e9<\/strong><\/a> tre appuntamenti estivi con i libri per la rassegna &#8220;Scrittori al Castello&#8221;, organizzata in collaborazione con l&#8217;Associazione Aladei e la Libreria Colibr\u00ec di Cuorgn\u00e9.<\/p>\n<p>Si inizia <strong>venerd\u00ec 21 agosto<\/strong> con Enrico Pandiani e la sua opera &#8220;Il gourmet mangia sempre due volte&#8221; (EDT editore), modera Viola Configliacco. <strong>Venerd\u00ec 28 agosto<\/strong> sar\u00e0 la volta di Debora Bocchiardo con &#8220;La donna di Swarowski&#8221;, edito da Golem e gi\u00e0 vincitore del Premio Pannunzio 2019; l&#8217;incontro sar\u00e0 presentato da Maurizio Lazzero. Ultimo appuntamento <strong>venerd\u00ec 4 settembre<\/strong> con &#8220;Quando l&#8217;automobile uccise la cavalleria&#8221; di Giorgio Caponetti (Marcos y Marcos).<\/p>\n<p>Tutti gli incontri si svolgeranno alle ore 17.30, con ingresso gratuito fino a esaurimento posti.<\/p>\n<p>Informazioni:<br \/>\n? drm-pie.aglie@beniculturali.it\u200b<br \/>\n\u260e\ufe0f 0124 330102<\/p>\n<p>&nbsp;<\/p>\n<p><a href=\"http:\/\/museipiemonte.cultura.gov.it\/wp-content\/uploads\/2020\/08\/Scrittori-al-Castello.jpg\" target=\"_blank\"><img loading=\"lazy\" decoding=\"async\" class=\"alignnone wp-image-5705 size-medium\" src=\"http:\/\/museipiemonte.cultura.gov.it\/wp-content\/uploads\/2020\/08\/Scrittori-al-Castello-500x353.jpg\" alt=\"Scrittori al Castello\" width=\"500\" height=\"353\" srcset=\"https:\/\/museipiemonte.cultura.gov.it\/wp-content\/uploads\/2020\/08\/Scrittori-al-Castello-500x353.jpg 500w, https:\/\/museipiemonte.cultura.gov.it\/wp-content\/uploads\/2020\/08\/Scrittori-al-Castello-1024x724.jpg 1024w, https:\/\/museipiemonte.cultura.gov.it\/wp-content\/uploads\/2020\/08\/Scrittori-al-Castello-830x587.jpg 830w, https:\/\/museipiemonte.cultura.gov.it\/wp-content\/uploads\/2020\/08\/Scrittori-al-Castello-230x163.jpg 230w, https:\/\/museipiemonte.cultura.gov.it\/wp-content\/uploads\/2020\/08\/Scrittori-al-Castello-350x247.jpg 350w\" sizes=\"auto, (max-width: 500px) 100vw, 500px\" \/><\/a><\/p>\n","protected":false},"excerpt":{"rendered":"<p>Nella suggestiva cornice del Giardino del Castello di Agli\u00e9 tre appuntamenti estivi con i libri per la rassegna &#8220;Scrittori al Castello&#8221;, organizzata in collaborazione con l&#8217;Associazione Aladei e la Libreria Colibr\u00ec di Cuorgn\u00e9. Si inizia [&hellip;]<\/p>\n","protected":false},"author":1,"featured_media":828,"comment_status":"closed","ping_status":"closed","sticky":false,"template":"","format":"standard","meta":{"footnotes":""},"categories":[7,4],"tags":[58,35,186,187,36,21,185],"class_list":["post-5704","post","type-post","status-publish","format-standard","has-post-thumbnail","hentry","category-castello-di-aglie","category-direzione-regionale-musei","tag-aglie","tag-castello","tag-giardino","tag-libri","tag-musei","tag-news","tag-scrittori"],"_links":{"self":[{"href":"https:\/\/museipiemonte.cultura.gov.it\/index.php\/wp-json\/wp\/v2\/posts\/5704","targetHints":{"allow":["GET"]}}],"collection":[{"href":"https:\/\/museipiemonte.cultura.gov.it\/index.php\/wp-json\/wp\/v2\/posts"}],"about":[{"href":"https:\/\/museipiemonte.cultura.gov.it\/index.php\/wp-json\/wp\/v2\/types\/post"}],"author":[{"embeddable":true,"href":"https:\/\/museipiemonte.cultura.gov.it\/index.php\/wp-json\/wp\/v2\/users\/1"}],"replies":[{"embeddable":true,"href":"https:\/\/museipiemonte.cultura.gov.it\/index.php\/wp-json\/wp\/v2\/comments?post=5704"}],"version-history":[{"count":4,"href":"https:\/\/museipiemonte.cultura.gov.it\/index.php\/wp-json\/wp\/v2\/posts\/5704\/revisions"}],"predecessor-version":[{"id":5727,"href":"https:\/\/museipiemonte.cultura.gov.it\/index.php\/wp-json\/wp\/v2\/posts\/5704\/revisions\/5727"}],"wp:featuredmedia":[{"embeddable":true,"href":"https:\/\/museipiemonte.cultura.gov.it\/index.php\/wp-json\/wp\/v2\/media\/828"}],"wp:attachment":[{"href":"https:\/\/museipiemonte.cultura.gov.it\/index.php\/wp-json\/wp\/v2\/media?parent=5704"}],"wp:term":[{"taxonomy":"category","embeddable":true,"href":"https:\/\/museipiemonte.cultura.gov.it\/index.php\/wp-json\/wp\/v2\/categories?post=5704"},{"taxonomy":"post_tag","embeddable":true,"href":"https:\/\/museipiemonte.cultura.gov.it\/index.php\/wp-json\/wp\/v2\/tags?post=5704"}],"curies":[{"name":"wp","href":"https:\/\/api.w.org\/{rel}","templated":true}]}}