{"id":5744,"date":"2020-09-18T14:24:47","date_gmt":"2020-09-18T12:24:47","guid":{"rendered":"http:\/\/museipiemonte.cultura.gov.it\/?p=5744"},"modified":"2020-09-18T14:24:47","modified_gmt":"2020-09-18T12:24:47","slug":"giornate-europee-del-patrimonio-2020-aperture-straordinarie-visite-guidate-eventi-speciali","status":"publish","type":"post","link":"https:\/\/museipiemonte.cultura.gov.it\/index.php\/2020\/09\/18\/giornate-europee-del-patrimonio-2020-aperture-straordinarie-visite-guidate-eventi-speciali\/","title":{"rendered":"Giornate Europee del Patrimonio 2020 &#8211; Aperture straordinarie, visite guidate, eventi speciali"},"content":{"rendered":"<p><strong>Sabato 26 e domenica 27 settembre 2020<\/strong> si celebrano le <strong>Giornate Europee del Patrimonio<\/strong>, manifestazione ideata dal Consiglio d&#8217;Europa e dalla Commissione Europea al fine di potenziare e favorire il dialogo e lo scambio in ambito culturale tra le nazioni europee. Si tratta di un&#8217;occasione importante per mettere in rilievo il ruolo centrale della cultura nelle dinamiche sociali, focalizzando l\u2019attenzione sui benefici che derivano dall\u2019esperienza culturale, dalla trasmissione delle conoscenze, nonch\u00e9 sugli aspetti correlati al concetto di eredit\u00e0 culturale.<br \/>\nAll\u2019insegna dello slogan<strong><em> Imparare per la vita<\/em><\/strong>, scelto dal MiBACT in linea con il tema indicato dal Consiglio d\u2019Europa <em>Heritage and Education \u2013 Learning for Life<\/em>, la <strong>Direzione regionale Musei<\/strong> propone un articolato <strong>programma di visite guidate, spettacoli ed eventi speciali<\/strong>. <strong>Sabato 26 settembre<\/strong> sono anche previste <strong>aperture straordinarie serali<\/strong> con biglietto di ingresso <strong>al costo simbolico di 1 euro<\/strong>, fermo restando il riconoscimento delle gratuit\u00e0 in vigore.<\/p>\n<p>A Torino gli sfarzosi ambienti degli Appartamenti dei Principi di <strong>Palazzo Carignano<\/strong> sono lo scenario delle visite guidate tematiche Storia di un Palazzo, Storia di una famiglia, dedicate al contesto storico in cui fu commissionato e realizzato l&#8217;edificio, con un focus sulla figura di Emanuele Filiberto, secondo principe di Savoia-Carignano, sulla sua famiglia e sui rapporti intrattenuti con il ramo principale di casa Savoia. Le visite si svolgono sabato 26 settembre dalle 14.00 alle 20.30, con biglietto a 1 euro a partire dalle 18.00, e domenica 27 settembre dalle 14.00 alle 17.00; in entrambi i giorni il percorso di visita \u00e8 comunque accessibile con visite accompagnate dalle 9.00. Domenica, nel salone dell\u2019Appartamento di Mezzanotte, concerto di musica barocca alle 15.30 e 16.30: Thomas Petrucci esegue alla chitarra brani di J.S. Bach (Ciaccona partita n. 2 BWV 1004, From Suite BWV 995, Prelude, Allemande, Courante, Sarabande, Gavotte I, Gavotte II, Gigue).<\/p>\n<p>Nella cornice di <strong>Villa della Regina<\/strong> sulla collina torinese, oltre alle visite libere possibili dalle 10.00, sabato 26 settembre alle 11.00 e domenica 27 settembre alle 11.00 e 16.00 Visite speciali guidate nei Giardini sul tema delle zone agricole e produttive dell\u2019antica vigna, con approfondimenti sulle abitudini alimentari, sia della corte, sia dei contadini, e sul reimpianto della vigna avvenuto durante i lavori di restauro che hanno interessato l\u2019intero complesso tra la fine del secolo scorso e i primi anni Duemila. La vigna, elemento fondante dell\u2019identit\u00e0 del luogo, produce uva Freisa: al termine della visita assaggio delle sue deliziose \u201cbacche rosse\u201d. Inoltre, sabato 26 settembre alle 15.30 e 16.30, nel Salone delle Feste, interventi musicali di epoca barocca: il violinista Gioele Pierro esegue pezzi di J.S. Bach (II partita per violino solo) e G.P. Telemann (Fantasie per violino solo n. 1,7, 9 e 12). Nella stessa giornata dalle 18.00 alle 20.00 visita libera con biglietto a 1 euro.<\/p>\n<p>Al <strong>Castello di Agli\u00e8<\/strong>, la maestosa residenza sabauda che con la sua magnificente appendice di Parco e Giardini si estende nel panorama del Canavese, Novit\u00e0 d\u2019autunno in Castello: gli Appartamenti delle Loro Maest\u00e0 e la Fontana del Parco. Dopo mesi di chiusura riaprono infatti al pubblico gli Appartamenti Reali, i cui apparati decorativi celebrano i fasti della corte e della vita privata dei sovrani, visibili tramite visite accompagnate sabato 27 settembre dalle 9.00 alle 21.30, con biglietto a 1 euro dalle 19.00, e domenica 27 settembre dalle 9.00 alle 18.30. In orario 9.00-13.00 anche visite guidate con il responsabile delle aree verdi alla scoperta della vegetazione e dell\u2019arte nella zona bassa del Parco, intorno alla Fontana dei Quattro Fiumi.<\/p>\n<p>All\u2019<strong>Abbazia di Vezzolano<\/strong>, capolavoro di architettura medievale in provincia di Asti, ingresso gratuito non solo per le visite libere possibili in orario di apertura, ma anche per la partecipazione alle attivit\u00e0 previste. Sabato 26 settembre, dalle 12.00 alle 15.00, e domenica 27 settembre, dalle 10.00 alle 13.00 e dalle 15.00 alle 17.00, visite guidate al complesso e alla mostra La materia e l\u2019invenzione sullo stile romanico nel Monferrato astigiano. E, ancora, sabato 26 settembre alle 16.00 e 21.00 spettacolo Stabat Mater. Creazione per sei voci e un\u2019abbazia di e con compagnia Faber Teater. Si tratta di un\u2019opera di sonorizzazione degli spazi realizzata nell\u2019ambito della rassegna Concentrica a cura del Teatro della Caduta, un canto sull\u2019esperienza del dolore, dell\u2019ingiustizia, dello scandalo e sulla necessit\u00e0 di convivere con la tragedia e superarla.<\/p>\n<p>Nel Cuneese gli ambienti della quotidianit\u00e0 a corte sono al centro delle visite accompagnate Il Castello domestico, proposte dal <strong>Castello di Racconigi<\/strong> per le giornate di sabato 26 e domenica 27 settembre, in orario 9.00-18.00, con l\u2019obiettivo di condurre il pubblico nelle stanze delle \u2018balie\u2019, oltrech\u00e9 negli appartamenti novecenteschi, e introdurre nella dimensione della vita quotidiana della famiglia reale, quando i principini giocavano accuditi dalle balie e i sovrani restavano affascinati dalle innovazioni tecnologiche dell\u2019epoca. In serata aperture straordinarie con le visite accompagnate Percorso dedicato al Novecento: sabato 26 settembre entro le 21.30 con biglietto a 1 euro, mentre domenica 27 settembre fino alle 22.30 a tariffa ordinaria.<\/p>\n<p>Tra i colori dello spettacolare paesaggio di colline e vigneti delle Langhe, il fascino di usi e costumi di un tempo primeggia al <strong>Castello di Serralunga d\u2019Alba<\/strong> con la visita guidata Medioevo in famiglia che si svolge domenica 27 settembre alle 15.15: un\u2019occasione, con agevolazioni tariffarie riservate ai nuclei familiari, per scoprire l&#8217;antica funzione di roccaforte difensiva dell\u2019edificio e conoscere la storia della nobile famiglia Falletti, i signori del Castello che nel XIV secolo amministravano le terre circostanti e dettavano le regole per il popolo.<\/p>\n<p>In provincia di Alessandria, il <strong>Forte di Gavi<\/strong> prolunga l\u2019apertura fino alle 20.30 nella giornata di sabato 26 settembre, con biglietto a 1 euro dalle 17.30, permettendo di ammirare al crepuscolo gli spazi di questa eccezionale struttura, scaturita da un processo di stratificazione storica che va dall\u2019Alto Medioevo, con la presenza documentata di un antico castello, all\u2019et\u00e0 contemporanea, con le memorie delle due guerre mondiali, sino ad apparire oggi un esempio di architettura di difesa perfettamente integrato nel paesaggio circostante. Domenica 27 settembre il Forte \u00e8 invece aperto in orario 9.00-13.00.<\/p>\n<p>\u201cLa manifestazione delle Giornate Europee del Patrimonio, che costituisce da tempo un importante appuntamento \u2013 spiega la direttrice <strong>Enrica Pagella<\/strong> \u2013 assume quest\u2019anno un significato ancor pi\u00f9 particolare: alla luce della difficile prova imposta dall\u2019emergenza sanitaria, abbiamo infatti il dovere di mantenere viva l\u2019attenzione sul ruolo della cultura nella societ\u00e0, mettendo in rilievo gli strumenti che ne possono derivare anche per fronteggiare le fasi di crisi. Il tema Imparare per la vita, scelto dal Ministero per questa edizione, sollecita senza dubbio riflessioni che inducono a guardare al patrimonio in maniera altra e rinnovata. Per questo la Direzione regionale Musei ha voluto declinare la propria partecipazione in un\u2019offerta culturale piuttosto articolata, rispondente non solo alle istanze emerse, ma anche alla realt\u00e0 composita gestita che spazia da castelli e abbazie di origine medievale, alle residenze sabaude, a una imponente architettura fortificata, ed esprime una vocazione eterogenea e multiforme che consente di ripercorrere la vicenda secolare di un territorio\u201d.<\/p>\n<p>In questa prospettiva si precisa la chiave interpretativa attraverso cui le iniziative previste indagano e presentano personaggi storici, architetture e collezioni: \u201cImparare per la vita \u2013 prosegue Pagella \u2013 \u00e8 ad esempio la testimonianza che ci ha lasciato il principe Emanuele Filiberto, protagonista delle visite a Palazzo Carignano, il quale, nato muto nel Seicento, punt\u00f2 sulla formazione e sull\u2019arricchimento culturale per integrarsi in societ\u00e0, ma \u00e8 anche il valore della trasmissione del sapere su cui vertono gli approfondimenti green a Villa della Regina e al Castello di Agli\u00e8, cos\u00ec come l\u2019esame di stili e consuetudini del passato al centro delle attivit\u00e0 promosse nei Castelli di Agli\u00e8, Racconigi e Serralunga\u201d.<br \/>\nLa Direzione regionale Musei celebra dunque le Giornate Europee del Patrimonio nell\u2019auspicio che i percorsi di conoscenza possano consolidare le funzioni della cultura e aprire, in pi\u00f9 direzioni, opportunit\u00e0 inclusive di aggregazione sociale.<\/p>\n<p><span style=\"text-decoration: underline;\">La visita ai musei e la partecipazione agli eventi \u00e8 su prenotazione obbligatoria; per ogni sede museale \u00e8 opportuno verificare modalit\u00e0 di accesso e contatti per la prenotazione come da elenco allegato. Tutte le info anche sul nostro sito web<\/span> <a href=\"http:\/\/museipiemonte.cultura.gov.it\">museipiemonte.cultura.gov.it<\/a><\/p>\n<p><strong>INFO E ORARI<\/strong><\/p>\n<p><strong>PALAZZO CARIGNANO<\/strong><br \/>\nSabato 26 settembre: orario 9.00-21.00, ultimo ingresso alle ore 20.30; visite guidate Storia di un Palazzo, Storia di una famiglia orario 14.00-21.00;<br \/>\nDomenica 27 settembre: orario 9.00-18.00, ultimo ingresso alle ore 17.00; visite guidate Storia di un Palazzo, Storia di una famiglia orario 14.00-18.00; Concerto di musica barocca alle ore 15.30 e 16.30;<br \/>\nBiglietti: intero \u20ac 5,00; ridotto \u20ac 2,00 dai 18 ai 25 anni; gratuito per minori di 18 anni; ulteriori riduzioni e gratuit\u00e0 in base a disposizioni di legge; ingresso al concerto di domenica 27 settembre compreso nel biglietto per la visita agli Appartamenti;<br \/>\nSabato 26 settembre in orario 18.00-21.00 intero \u20ac 1,00;<br \/>\nPrenotazione: obbligatoria;<br \/>\nInfo e prenotazioni: <a href=\"mailto:drm-pie.palazzocarignano@beniculturali.it\" target=\"_blank\">drm-pie.palazzocarignano@beniculturali.it<\/a>; tel. 011 5641733 \u2013 011 5641791<\/p>\n<p><strong>VILLA DELLA REGINA<\/strong><br \/>\nSabato 26 settembre: orario 10.00-21.00, ultimo ingresso alle ore 20.00; Visite speciali guidate nei Giardini alle ore 11.00; interventi musicali di epoca barocca alle ore 15.30 e 16.30;<br \/>\nDomenica 27 settembre: orario 10.00-18.00, ultimo ingresso alle ore 17.00; Visite speciali guidate nei Giardini alle ore 11.00 e 16.00;<br \/>\nBiglietti: intero \u20ac 7,00; ridotto \u20ac 2,00 dai 18 ai 25 anni; gratuito per minori di 18 anni; ulteriori riduzioni e gratuit\u00e0 in base a disposizioni di legge;<br \/>\nSabato 26 settembre in orario 18.00-21.00 intero \u20ac 1,00;<br \/>\nPrenotazione: obbligatoria;<br \/>\nInfo e prenotazioni: tel. 011 8195035<\/p>\n<p><strong>COMPLESSO DEL CASTELLO DI AGLI\u00c8<\/strong><br \/>\nSabato 26 settembre: orario 9.00-22.00, ultimo ingresso alle ore 21.30; visite accompagnate agli Appartamenti Reali orario 9.00-21.30; visite guidate al Parco orario 9.00-13.00;<br \/>\nDomenica 27 settembre: orario 9.00-19.00, ultimo ingresso alle ore 18.00; visite accompagnate agli Appartamenti Reali orario 9.00-18.00; visite guidate al Parco orario 9.00-13.00;<br \/>\nBiglietti: intero \u20ac 4,00; ridotto \u20ac 2,00 dai 18 ai 25 anni; gratuito per minori di 18 anni; ulteriori riduzioni e gratuit\u00e0 in base a disposizioni di legge;<br \/>\nSabato 26 settembre in orario 19.00-21.30 intero \u20ac 1,00;<br \/>\nPrenotazione: obbligatoria;<br \/>\nInfo e prenotazioni: <a href=\"mailto:drm-pie.aglie.prenotazioni@beniculturali.it\" target=\"_blank\">drm-pie.aglie.prenotazioni@beniculturali.it<\/a>; tel. 0124 330102<\/p>\n<p><strong>ABBAZIA DI VEZZOLANO<\/strong><br \/>\nSabato 26 settembre: orario 10.00-16.00, ultimo ingresso alle ore 15.00;<br \/>\nDomenica 27 settembre: orario 10.00-18.00, ultimo ingresso alle ore 17.00;<br \/>\nBiglietti: gratuito;<br \/>\nPrenotazione: per le visite obbligatoria per i gruppi, fortemente consigliata per i singoli; obbligatoria per lo spettacolo;<br \/>\nInfo e prenotazioni: per le visite <a href=\"mailto:infopoint@turismoincollina.it\" target=\"_blank\">infopoint@turismoincollina.it<\/a>; per lo spettacolo <a href=\"mailto:prenota@rassegnacontentrica.net\" target=\"_blank\">prenota@rassegnacontentrica.net<\/a>, 011 0606079 (chiamate o messaggi di testo su Whatsapp)<\/p>\n<p><strong>COMPLESSO DEL CASTELLO DI RACCONIGI<\/strong><br \/>\nSabato 26 settembre: orario 9.00-22.30; visite accompagnate Il Castello domestico orario 9.00-19.00; ultimo ingresso alle ore 18.00; visite accompagnate Percorso dedicato al Novecento orario 19.30-22.30, ultimo ingresso 21.30;<br \/>\nDomenica 27 settembre: orario 9.00-23.30; visite accompagnate Il Castello domestico orario 9.00-19.00; ultimo ingresso alle ore 18.00; visite accompagnate Percorso dedicato al Novecento orario 19.30-23.30, ultimo ingresso 22.30;<br \/>\nBiglietti: intero \u20ac 5,00; ridotto \u20ac 2,00 dai 18 ai 25 anni; gratuito per minori di 18 anni; ulteriori riduzioni e gratuit\u00e0 in base a disposizioni di legge;<br \/>\nSabato 26 settembre in orario 19.30-22.30 intero \u20ac 1,00;<br \/>\nPrenotazione: obbligatoria;<br \/>\nInfo e prenotazione: <a href=\"mailto:racconigi.prenotazioni@beniculturali.it\" target=\"_blank\">racconigi.prenotazioni@beniculturali.it<\/a> (servizio attivo dal luned\u00ec al venerd\u00ec dalle 9.00 alle 15.00; la prenotazione \u00e8 da intendersi effettuata solo dopo aver ricevuto conferma via mail da parte dell\u2019ufficio prenotazioni del Castello di Racconigi).; tel. 0172 84005 (servizio attivo il sabato e la domenica dalle 9.00 alle 15.00)<\/p>\n<p><strong>CASTELLO DI SERRALUNGA D\u2019ALBA<\/strong><br \/>\nDomenica 27 settembre: visita guidata Medioevo in famiglia alle 15.15;<br \/>\nBiglietti: tariffa famiglia \u20ac 15,00 per un massimo di 2 adulti e 3 bambini; oltre la quinta persona biglietto di \u20ac 6,00 per ogni adulto e ridotto di \u20ac 3,00 per bambino;<br \/>\nPrenotazione: obbligatoria <a href=\"mailto:prenotazioni@barolofoundation.it\" target=\"_blank\">prenotazioni@barolofoundation.it<\/a>;<br \/>\nPer tutte le info relative a orari e biglietti nelle giornate di sabato 26 e domenica 27 settembre consultare il sito <a href=\"https:\/\/www.castellodiserralunga.it\/it\/\" target=\"_blank\">https:\/\/www.castellodiserralunga.it\/it\/<\/a><\/p>\n<p><strong>FORTE DI GAVI<\/strong><br \/>\nSabato 26 settembre: orario 8.30-20.30, ultimo ingresso alle ore 19.30;<br \/>\nDomenica 27 settembre: orario 9.00-13.00, ultimo ingresso alle ore 11.30;<br \/>\nBiglietti: intero \u20ac 5,00; ridotto \u20ac 2,00 dai 18 ai 25 anni; gratuito per minori di 18 anni; ulteriori riduzioni e gratuit\u00e0 in base a disposizioni di legge;<br \/>\nSabato 26 settembre in orario 17.30-20.30 intero \u20ac 1,00;<br \/>\nPrenotazione: obbligatoria;<br \/>\nInfo e prenotazioni: <a href=\"mailto:drm-pie.gavi@beniculturali.it\" target=\"_blank\">drm-pie.gavi@beniculturali.it<\/a>; tel. 0143 643554<\/p>\n<p>&nbsp;<\/p>\n<p><img loading=\"lazy\" decoding=\"async\" class=\"alignnone size-medium wp-image-5745\" src=\"http:\/\/museipiemonte.cultura.gov.it\/wp-content\/uploads\/2020\/09\/Logo-EHD_Italia-Full-color-357x500.png\" alt=\"Logo-EHD_Italia-Full-color\" width=\"357\" height=\"500\" srcset=\"https:\/\/museipiemonte.cultura.gov.it\/wp-content\/uploads\/2020\/09\/Logo-EHD_Italia-Full-color-357x500.png 357w, https:\/\/museipiemonte.cultura.gov.it\/wp-content\/uploads\/2020\/09\/Logo-EHD_Italia-Full-color-230x322.png 230w, https:\/\/museipiemonte.cultura.gov.it\/wp-content\/uploads\/2020\/09\/Logo-EHD_Italia-Full-color-350x490.png 350w, https:\/\/museipiemonte.cultura.gov.it\/wp-content\/uploads\/2020\/09\/Logo-EHD_Italia-Full-color.png 591w\" sizes=\"auto, (max-width: 357px) 100vw, 357px\" \/><\/p>\n","protected":false},"excerpt":{"rendered":"<p>Sabato 26 e domenica 27 settembre 2020 si celebrano le Giornate Europee del Patrimonio, manifestazione ideata dal Consiglio d&#8217;Europa e dalla Commissione Europea al fine di potenziare e favorire il dialogo e lo scambio in [&hellip;]<\/p>\n","protected":false},"author":1,"featured_media":837,"comment_status":"closed","ping_status":"closed","sticky":false,"template":"","format":"standard","meta":{"footnotes":""},"categories":[12,7,10,11,4,8,5,6],"tags":[79,36,21,33,54],"class_list":["post-5744","post","type-post","status-publish","format-standard","has-post-thumbnail","hentry","category-abbazia-di-vezzolano","category-castello-di-aglie","category-castello-di-racconigi","category-castello-di-serralunga","category-direzione-regionale-musei","category-forte-di-gavi","category-palazzo-carignano","category-villa-della-regina","tag-gep","tag-musei","tag-news","tag-valorizzazione","tag-visita-guidata"],"_links":{"self":[{"href":"https:\/\/museipiemonte.cultura.gov.it\/index.php\/wp-json\/wp\/v2\/posts\/5744","targetHints":{"allow":["GET"]}}],"collection":[{"href":"https:\/\/museipiemonte.cultura.gov.it\/index.php\/wp-json\/wp\/v2\/posts"}],"about":[{"href":"https:\/\/museipiemonte.cultura.gov.it\/index.php\/wp-json\/wp\/v2\/types\/post"}],"author":[{"embeddable":true,"href":"https:\/\/museipiemonte.cultura.gov.it\/index.php\/wp-json\/wp\/v2\/users\/1"}],"replies":[{"embeddable":true,"href":"https:\/\/museipiemonte.cultura.gov.it\/index.php\/wp-json\/wp\/v2\/comments?post=5744"}],"version-history":[{"count":2,"href":"https:\/\/museipiemonte.cultura.gov.it\/index.php\/wp-json\/wp\/v2\/posts\/5744\/revisions"}],"predecessor-version":[{"id":5747,"href":"https:\/\/museipiemonte.cultura.gov.it\/index.php\/wp-json\/wp\/v2\/posts\/5744\/revisions\/5747"}],"wp:featuredmedia":[{"embeddable":true,"href":"https:\/\/museipiemonte.cultura.gov.it\/index.php\/wp-json\/wp\/v2\/media\/837"}],"wp:attachment":[{"href":"https:\/\/museipiemonte.cultura.gov.it\/index.php\/wp-json\/wp\/v2\/media?parent=5744"}],"wp:term":[{"taxonomy":"category","embeddable":true,"href":"https:\/\/museipiemonte.cultura.gov.it\/index.php\/wp-json\/wp\/v2\/categories?post=5744"},{"taxonomy":"post_tag","embeddable":true,"href":"https:\/\/museipiemonte.cultura.gov.it\/index.php\/wp-json\/wp\/v2\/tags?post=5744"}],"curies":[{"name":"wp","href":"https:\/\/api.w.org\/{rel}","templated":true}]}}