{"id":5775,"date":"2020-10-01T15:17:11","date_gmt":"2020-10-01T13:17:11","guid":{"rendered":"http:\/\/museipiemonte.cultura.gov.it\/?p=5775"},"modified":"2020-11-04T15:47:09","modified_gmt":"2020-11-04T14:47:09","slug":"eventi-e-aperture-straordinarie-ottobre-2020","status":"publish","type":"post","link":"https:\/\/museipiemonte.cultura.gov.it\/index.php\/2020\/10\/01\/eventi-e-aperture-straordinarie-ottobre-2020\/","title":{"rendered":"Eventi e aperture straordinarie &#8211; ottobre 2020"},"content":{"rendered":"<blockquote>\n<p style=\"text-align: center;\"><a href=\"http:\/\/museipiemonte.cultura.gov.it\/?p=5775\"><strong>Avviso annullamento eventi al Castello di Agli\u00e9:<br \/>\n<\/strong><\/a><a href=\"http:\/\/museipiemonte.cultura.gov.it\/?p=5818\" target=\"_blank\"><strong>Sono annullate le conferenze&nbsp;di&nbsp;<strong>gioved\u00ec 22 ottobre<\/strong>&nbsp;alle ore 18 per &#8220;Un&#8217;ora di storia al Castello di Agli\u00e8&#8221;, e le conferenze di&nbsp;<strong>venerd\u00ec 23 ottobre e luned\u00ec 26 ottobre<\/strong>, alle ore 21, previste per il ciclo &#8220;Lettera&#8230;lmente 22&#8221; nell&#8217;ambito della manifestazione &#8220;70 anni di Olivetti Lettera 22&#8221;<\/strong><\/a><\/p>\n<\/blockquote>\n<p>Nel mese di <strong>ottobre<\/strong> la Direzione regionale Musei del Piemonte incrementa l\u2019offerta culturale con un <strong>calendario di eventi e aperture straordinarie<\/strong>, aggiungendo <strong>opportunit\u00e0 di visita e fruizione<\/strong> che completano e portano avanti il programma di iniziative e ampliamento degli orari adottato con successo nel periodo estivo. &nbsp;<\/p>\n<p>Dopo aver sperimentato l\u2019apertura al pubblico il primo e il terzo luned\u00ec del mese,<strong> Palazzo Carignano<\/strong> \u00e8 pronto ad accogliere il pubblico anche nei luned\u00ec<strong> 12 e 26 ottobre<\/strong>, in orario <strong>9.00-14.00<\/strong>, rendendo cos\u00ec accessibile il percorso degli Appartamenti dei Principi tutti i luned\u00ec del mese, mentre sabato<strong> 10 ottobre<\/strong>, in occasione della manifestazione Slow Food, <strong>apertura straordinaria serale<\/strong> in orario <strong>18.00-22.00<\/strong>, con <strong>visite guidate <em>A tavola con i principi<\/em><\/strong>, un approfondimento sullo sfarzo delle tavole imbandite e sulla complessit\u00e0 del cerimoniale.<\/p>\n<p>A <strong>Villa della Regina<\/strong> aperture straordinarie serali <strong>venerd\u00ec 9, 16 e 23 ottobre<\/strong>, in orario <strong>18.00-21.00<\/strong>, per offrire al pubblico l\u2019occasione di ammirare al tramonto l\u2019incantevole scenario che circonda la residenza e lo straordinario affaccio panoramico sulla citt\u00e0. Alle aree verdi e, in particolare, al tema delle zone agricole e produttive dell\u2019antica vigna, \u00e8 dedicato l\u2019appuntamento con le <strong>visite guidate<\/strong>, legate a Slow Food, <strong><em>La vigna delle delitiae<\/em><\/strong>, venerd\u00ec <strong>9 ottobre<\/strong> alle <strong>17.00<\/strong>, <strong>gioved\u00ec 15 e 22 ottobre<\/strong> alle <strong>11.00<\/strong>. Domenica <strong>11 ottobre<\/strong> alle <strong>10.30 e 11.30<\/strong>, il <strong>concerto <em>Quel dolce foco<\/em> <\/strong>apre la rassegna di musica antica e contemporanea organizzata in collaborazione con l\u2019Associazione musicale Musicaviva.<\/p>\n<p>Il <strong>Castello di Agli\u00e8<\/strong> aggiunge <strong>gioved\u00ec 29 ottobre<\/strong>, completando la serie delle aperture straordinarie previste per questo giorno della settimana: l\u2019ingresso \u00e8 in orario <strong>14.00-18.00<\/strong>, con <strong>visite guidate<\/strong> all\u2019<strong>Appartamento Reale<\/strong>, un susseguirsi di ambienti sfarzosi, restituiti al pubblico dopo mesi di chiusura, i cui apparati decorativi celebrano i fasti della corte e della vita privata dei sovrani. Inoltre nelle <strong>domeniche 11, 18 e 25 ottobre<\/strong>&nbsp;<strong>visite guidate<\/strong> alla <strong>Cucina reale<\/strong> con partenze nei alle <strong>9.30, 11.30, 15.00<\/strong>; un&#8217;occasione per ammirare la grande cucina utilizzata per Benedetto Maria Maurizio e, successivamente agli anni dell&#8217;occupazione francese, anche per Carlo Felice e Maria Cristina di Borbone-Napoli. Nel corso del mese la residenza alladiese \u00e8 anche sede di due cicli di incontri organizzati in collaborazione con l\u2019Associazione Culturale Aladei. Riprende, infatti, dopo una prima tornata tra fine agosto e inizio settembre, la <strong>rassegna <\/strong><strong><em>Scrittori al Castello <a href=\"http:\/\/museipiemonte.cultura.gov.it\/wp-content\/uploads\/2020\/10\/Scrittori-al-Castello.docx\" target=\"_blank\">(programma)<\/a><\/em><\/strong> con la partecipazione, tra gli altri, di autori che hanno vinto prestigiosi premi letterari: si comincia gioved\u00ec <strong>1 ottobre<\/strong> alle <strong>21.00<\/strong> e si prosegue venerd\u00ec <strong>9 e 16<\/strong> <strong>ottobre<\/strong> alle <strong>18.00<\/strong>. Nelle serate di venerd\u00ec <strong>2 e 23 ottobre<\/strong>, luned\u00ec <strong>26 <\/strong>e venerd\u00ec <strong>30 ottobre<\/strong>, alle <strong>21.00<\/strong>, si svolgono invece le <strong>conferenze <em>Lettera\u2026lmente 22<\/em><\/strong>, nell\u2019ambito della manifestazione<strong> <em>70 anni di Olivetti Lettera 22<\/em><\/strong>&nbsp;ideata per celebrare il noto modello di macchina da scrivere, tra i pi\u00f9 famosi dell\u2019azienda canavesana, che veniva prodotto proprio nello stabilimento di Agli\u00e8. Un\u2019occasione per ripercorrere i cambiamenti intervenuti nel mondo della comunicazione e indagare la storia del territorio in una scansione temporale che connette le vicende dell\u2019antico maniero alle trasformazioni della nostra contemporaneit\u00e0.<\/p>\n<p>Negli orari di apertura previsti, l\u2019<strong>Abbazia di Vezzolano<\/strong> propone eventi dedicati alle arti performative, oltre al percorso di visita che si snoda tra la chiesa e gli spazi della vita monastica. Domenica <strong>11 ottobre<\/strong> alle <strong>15.30<\/strong> \u00e8 in programma lo <strong>spettacolo teatrale<\/strong> <em>Vita, morte, miracoli e scherzi di Santa Fede di Agen<\/em>, regia di Marco Viecca, a <strong>ingresso gratuito<\/strong>, ma con <strong>prenotazione obbligatoria<\/strong> (<a href=\"mailto:info@lacabalesta.it\">info@lacabalesta.it<\/a>&nbsp; &#8211; 349 5772932); sabato <strong>17 ottobre<\/strong> alle <strong>16.00<\/strong> si tiene il <strong>concerto benefico&nbsp;<em><a href=\"http:\/\/museipiemonte.cultura.gov.it\/wp-content\/uploads\/2020\/10\/vezzolano-coes.pdf\" target=\"_blank\">(locandina)<\/a><\/em><\/strong>, a favore del COES-Molinette, <em>Le grandi colonne sonore<\/em>, con omaggio al Maestro E. Morricone, con ingresso a numero chiuso e prenotazione obbligatoria (<a href=\"mailto:frm@fondazionericercamolinette.it\">frm@fondazionericercamolinette.it<\/a> &#8211; 011 4476835 lun.-ven. 9.00-15.00).<\/p>\n<p>Per il <strong>Castello di Racconigi<\/strong> nuovi giorni di apertura con <strong>visite accompagnate<\/strong> al Primo Piano Nobile e alle Cucine nei <strong>luned\u00ec <\/strong>mattina del <strong>5, 12 e 19 ottobre<\/strong>, in <strong>orario 10.00-14.00<\/strong>, e nel pomeriggio di <strong>mercoled\u00ec 7 ottobre<\/strong>, in <strong>orario<\/strong> <strong>14.00-18.00<\/strong>. In occasione dell\u2019iniziativa <em><a href=\"https:\/\/www.beniculturali.it\/evento\/la-biblioteca-di-carlo-alberto-al-castello-di-racconigi\" target=\"_blank\">Domenica di carta<\/a><\/em>, <strong>domenica 11 ottobre<\/strong>, in <strong>orario 10.00-18.00<\/strong>, apertura straordinaria della <strong>Biblioteca di Carlo Alberto<\/strong>, ambiente progetto da Pelagio Palagi negli anni Trenta dell\u2019Ottocento in cui \u00e8 custodito un <em>corpus<\/em> librario di circa 5.000 volumi che comprende le opere a stampa volute da Carlo Alberto e quelle aggiunte cento anni dopo dal principe ereditario Umberto, con testi dalla storia alla geografia, dalla letteratura antica a quella moderna, accanto a stampe e carte geografiche antiche.<\/p>\n<p>In linea con le aperture straordinarie previste dalla seconda met\u00e0 di agosto agli inizi di ottobre, il <strong>Forte di Gavi<\/strong> aggiunge per questo mese anche <strong>marted\u00ec 13 ottobre<\/strong>, in <strong>orario 8.30-16.30<\/strong>, con ultimo ingresso alle 15.30.<\/p>\n<p>Il calendario di eventi e aperture straordinarie non avr\u00e0 comunque conclusione in ottobre, ma sar\u00e0 ulteriormente implementato nei mesi successivi, nella prospettiva di promuovere un\u2019offerta culturale sempre pi\u00f9 ampia e articolata, anche alla luce dei riscontri decisamente positivi sinora ottenuti.<\/p>\n<p>Oltre ai musei interessati dalle attivit\u00e0 e dalle variazioni di orario sopra indicate, sono <strong>aperti <\/strong>anche il <strong>Castello di Moncalieri<\/strong> e il<strong> Castello di Serralunga d\u2019Alba<\/strong>.<\/p>\n<p>L\u2019accesso alle sedi museali resta per\u00f2 subordinato alle <strong>modalit\u00e0 di prenotazione<\/strong> entrate <strong>in vigore<\/strong> a luglio con la riapertura al pubblico in base alle prescrizioni anti-Covid. Per ogni sede \u00e8 pertanto necessario <strong>verificare condizioni di ingresso e contatti per la prenotazione<\/strong>: tutte le info, nonch\u00e9 i programmi completi dei cicli di conferenze, sono disponibili sul <strong>sito web<\/strong> <a href=\"http:\/\/museipiemonte.cultura.gov.it\/\">http:\/\/museipiemonte.cultura.gov.it\/<\/a><\/p>\n<p>&nbsp;<\/p>\n<p><strong>INFO<\/strong><\/p>\n<p><strong>PALAZZO CARIGNANO<\/strong><\/p>\n<p><strong>Apertura straordinaria del luned\u00ec: <\/strong>12, 26 ottobre dalle 9.00 alle 14.00, ultimo ingresso alle 13.00, con visite accompagnate agli Appartamenti dei Principi;<\/p>\n<p><strong>Apertura straordinaria serale:<\/strong> sabato 10 ottobre dalle 18.00 alle 22.00, ultimo ingresso alle 21.00, con visite guidate a tema gastronomico<em> A tavola con i principi<\/em>, in occasione di Slow Food.<\/p>\n<p>&nbsp;<\/p>\n<p><strong>VILLA DELLA REGINA<\/strong><\/p>\n<p><strong>Apertura straordinaria serale: <\/strong>venerd\u00ec 9, 16, 23 ottobre dalle 18.00 alle 21.00, ultimo ingresso alle 20.00.<\/p>\n<p><strong>Visite guidate <em>La vigna delle delitiae<\/em>: <\/strong>venerd\u00ec 9 ottobre alle 17.00, gioved\u00ec 15 e 22 ottobre alle 11.00, percorso dedicato al tema delle zone agricole e produttive dell\u2019antica vigna ai Giardini e alla vigna in occasione di Slow Food,<\/p>\n<p><strong>Concerto <em>Quel dolce foco<\/em>: <\/strong>domenica 11 ottobre alle 10.30 e 11.30, l\u2019Insieme Polifonico Femminile San Filippo Neri esegue musiche di Gastoldi, Fonghetti, Monteverdi, Casulana, nell\u2019ambito della rassegna di musica antica e contemporanea in collaborazione con l\u2019Associazione musicale MUSICAVIVA.<\/p>\n<p>&nbsp;<\/p>\n<p><strong>CASTELLO DI AGLIE&#8217;<\/strong><\/p>\n<p><strong>Apertura straordinaria del gioved\u00ec: <\/strong>29 ottobre dalle 14.00 alle 18.00, con visite guidate all\u2019Appartamento Reale;<\/p>\n<p><strong>Incontri nell\u2019ambito della manifestazione <em>Scrittori in Castello<\/em>: <\/strong>gioved\u00ec 1 ottobre alle 21.00, venerd\u00ec 9, 16 ottobre alle 18.00, in collaborazione con l\u2019Associazione Culturale Aladei;<\/p>\n<p><strong>Ciclo di conferenze <em>Lettera\u2026lmente 22<\/em><\/strong> <strong>nell\u2019ambito dell\u2019iniziativa <em>70 anni di Olivetti Lettera 22<\/em><\/strong>: venerd\u00ec 2 e&nbsp;23 ottobre, luned\u00ec 26 ottobre, venerd\u00ec 30 ottobre, alle 21.00, in collaborazione con l\u2019Associazione Culturale Aladei.&nbsp;La conferenza prevista per venerd\u00ec 16 ottobre \u00e8 rinviata a venerd\u00ec 23 ottobre, sempre alle ore 21.00, con le stesse modalit\u00e0 di accesso.<\/p>\n<p>&nbsp;<\/p>\n<p><strong>ABBAZIA DI VEZZOLANO<\/strong><\/p>\n<p><strong>Spettacolo teatrale: <\/strong>domenica 11 ottobre alle 15.<em>30 Vita, morte, miracoli e scherzi di Santa Fede di Agen<\/em>, regia di Marco Viecca, ingresso gratuito, prenotazione obbligatoria (<a href=\"mailto:info@lacabalesta.it\">info@lacabalesta.it<\/a> &nbsp;&#8211; 349 5772932);<\/p>\n<p><strong>Concerto <em>Le grandi colonne sonore:<\/em><\/strong> sabato 17 ottobre alle 17.00 concerto benefico a favore del COES-Molinette con omaggio al Maestro E. Morricone, ingresso a numero chiuso, prenotazione obbligatoria (<a href=\"mailto:frm@fondazionericercamolinette.it\">frm@fondazionericercamolinette.it<\/a> &#8211; 011 4476835 lun.-ven. 9.00-15.00).<\/p>\n<p><strong>&nbsp;<\/strong><\/p>\n<p><strong>&nbsp;<\/strong><strong>CASTELLO DI RACCONIGI<\/strong><\/p>\n<p><strong>Apertura straordinaria del luned\u00ec: <\/strong>5, 12, 19 ottobre dalle 10.00 alle 14.00, con visite accompagnate al Primo Piano Nobile e alle Cucine;<\/p>\n<p><strong>Apertura straordinaria del mercoled\u00ec: <\/strong>7 ottobre dalle 14.00 alle 18.00, con visite accompagnate al Primo Piano Nobile e alle Cucine;<\/p>\n<p><strong>Apertura straordinaria della Biblioteca di Carlo Alberto: <\/strong>domenica 11 ottobre dalle 10.00-18.00, in occasione dell\u2019iniziativa <em>Domenica di carta<\/em>.<\/p>\n<p>&nbsp;<\/p>\n<p><strong>FORTE DI GAVI<\/strong><\/p>\n<p><strong>Apertura straordinaria: <\/strong>marted\u00ec 13 ottobre dalle 8.30 alle 16.30, ultimo ingresso alle 15.30.<\/p>\n<p>&nbsp;<\/p>\n<p><img loading=\"lazy\" decoding=\"async\" class=\"alignnone size-medium wp-image-5780\" src=\"http:\/\/museipiemonte.cultura.gov.it\/wp-content\/uploads\/2020\/10\/Palazzo-Carignano-Sala-delle-Stagioni-500x385.jpg\" alt=\"Palazzo Carignano, Sala delle Stagioni\" width=\"500\" height=\"385\" srcset=\"https:\/\/museipiemonte.cultura.gov.it\/wp-content\/uploads\/2020\/10\/Palazzo-Carignano-Sala-delle-Stagioni.jpg 500w, https:\/\/museipiemonte.cultura.gov.it\/wp-content\/uploads\/2020\/10\/Palazzo-Carignano-Sala-delle-Stagioni-230x177.jpg 230w, https:\/\/museipiemonte.cultura.gov.it\/wp-content\/uploads\/2020\/10\/Palazzo-Carignano-Sala-delle-Stagioni-350x270.jpg 350w\" sizes=\"auto, (max-width: 500px) 100vw, 500px\" \/><\/p>\n<p><img loading=\"lazy\" decoding=\"async\" class=\"alignnone size-medium wp-image-5779\" src=\"http:\/\/museipiemonte.cultura.gov.it\/wp-content\/uploads\/2020\/10\/Castello-di-Agli\u00e8-500x284.jpg\" alt=\"Castello di Agli\u00e8\" width=\"500\" height=\"284\" srcset=\"https:\/\/museipiemonte.cultura.gov.it\/wp-content\/uploads\/2020\/10\/Castello-di-Agli\u00e8-500x284.jpg 500w, https:\/\/museipiemonte.cultura.gov.it\/wp-content\/uploads\/2020\/10\/Castello-di-Agli\u00e8-230x131.jpg 230w, https:\/\/museipiemonte.cultura.gov.it\/wp-content\/uploads\/2020\/10\/Castello-di-Agli\u00e8-350x199.jpg 350w, https:\/\/museipiemonte.cultura.gov.it\/wp-content\/uploads\/2020\/10\/Castello-di-Agli\u00e8.jpg 800w\" sizes=\"auto, (max-width: 500px) 100vw, 500px\" \/><\/p>\n<p><a href=\"https:\/\/www.beniculturali.it\/evento\/la-biblioteca-di-carlo-alberto-al-castello-di-racconigi\"><img loading=\"lazy\" decoding=\"async\" class=\"alignnone wp-image-5805 size-medium\" src=\"http:\/\/museipiemonte.cultura.gov.it\/wp-content\/uploads\/2020\/10\/carta-racconigi-feed-500x500.jpg\" alt=\"carta-racconigi-feed\" width=\"500\" height=\"500\" srcset=\"https:\/\/museipiemonte.cultura.gov.it\/wp-content\/uploads\/2020\/10\/carta-racconigi-feed-500x500.jpg 500w, https:\/\/museipiemonte.cultura.gov.it\/wp-content\/uploads\/2020\/10\/carta-racconigi-feed-150x150.jpg 150w, https:\/\/museipiemonte.cultura.gov.it\/wp-content\/uploads\/2020\/10\/carta-racconigi-feed-1024x1024.jpg 1024w, https:\/\/museipiemonte.cultura.gov.it\/wp-content\/uploads\/2020\/10\/carta-racconigi-feed-830x830.jpg 830w, https:\/\/museipiemonte.cultura.gov.it\/wp-content\/uploads\/2020\/10\/carta-racconigi-feed-230x230.jpg 230w, https:\/\/museipiemonte.cultura.gov.it\/wp-content\/uploads\/2020\/10\/carta-racconigi-feed-350x350.jpg 350w, https:\/\/museipiemonte.cultura.gov.it\/wp-content\/uploads\/2020\/10\/carta-racconigi-feed.jpg 1080w\" sizes=\"auto, (max-width: 500px) 100vw, 500px\" \/><\/a><\/p>\n<p><img loading=\"lazy\" decoding=\"async\" class=\"alignnone size-medium wp-image-5777\" src=\"http:\/\/museipiemonte.cultura.gov.it\/wp-content\/uploads\/2020\/10\/Villa-della-Regina-Vigna-500x333.jpg\" alt=\"Villa della Regina, Vigna\" width=\"500\" height=\"333\" srcset=\"https:\/\/museipiemonte.cultura.gov.it\/wp-content\/uploads\/2020\/10\/Villa-della-Regina-Vigna-500x333.jpg 500w, https:\/\/museipiemonte.cultura.gov.it\/wp-content\/uploads\/2020\/10\/Villa-della-Regina-Vigna-230x153.jpg 230w, https:\/\/museipiemonte.cultura.gov.it\/wp-content\/uploads\/2020\/10\/Villa-della-Regina-Vigna-350x233.jpg 350w, https:\/\/museipiemonte.cultura.gov.it\/wp-content\/uploads\/2020\/10\/Villa-della-Regina-Vigna.jpg 600w\" sizes=\"auto, (max-width: 500px) 100vw, 500px\" \/><\/p>\n","protected":false},"excerpt":{"rendered":"<p>Avviso annullamento eventi al Castello di Agli\u00e9: Sono annullate le conferenze&nbsp;di&nbsp;gioved\u00ec 22 ottobre&nbsp;alle ore 18 per &#8220;Un&#8217;ora di storia al Castello di Agli\u00e8&#8221;, e le conferenze di&nbsp;venerd\u00ec 23 ottobre e luned\u00ec 26 ottobre, alle ore [&hellip;]<\/p>\n","protected":false},"author":1,"featured_media":837,"comment_status":"closed","ping_status":"closed","sticky":false,"template":"","format":"standard","meta":{"footnotes":""},"categories":[12,7,9,10,11,4,8,5,6],"tags":[36,21,80,54],"class_list":["post-5775","post","type-post","status-publish","format-standard","has-post-thumbnail","hentry","category-abbazia-di-vezzolano","category-castello-di-aglie","category-castello-di-moncalieri","category-castello-di-racconigi","category-castello-di-serralunga","category-direzione-regionale-musei","category-forte-di-gavi","category-palazzo-carignano","category-villa-della-regina","tag-musei","tag-news","tag-teatro","tag-visita-guidata"],"_links":{"self":[{"href":"https:\/\/museipiemonte.cultura.gov.it\/index.php\/wp-json\/wp\/v2\/posts\/5775","targetHints":{"allow":["GET"]}}],"collection":[{"href":"https:\/\/museipiemonte.cultura.gov.it\/index.php\/wp-json\/wp\/v2\/posts"}],"about":[{"href":"https:\/\/museipiemonte.cultura.gov.it\/index.php\/wp-json\/wp\/v2\/types\/post"}],"author":[{"embeddable":true,"href":"https:\/\/museipiemonte.cultura.gov.it\/index.php\/wp-json\/wp\/v2\/users\/1"}],"replies":[{"embeddable":true,"href":"https:\/\/museipiemonte.cultura.gov.it\/index.php\/wp-json\/wp\/v2\/comments?post=5775"}],"version-history":[{"count":14,"href":"https:\/\/museipiemonte.cultura.gov.it\/index.php\/wp-json\/wp\/v2\/posts\/5775\/revisions"}],"predecessor-version":[{"id":5826,"href":"https:\/\/museipiemonte.cultura.gov.it\/index.php\/wp-json\/wp\/v2\/posts\/5775\/revisions\/5826"}],"wp:featuredmedia":[{"embeddable":true,"href":"https:\/\/museipiemonte.cultura.gov.it\/index.php\/wp-json\/wp\/v2\/media\/837"}],"wp:attachment":[{"href":"https:\/\/museipiemonte.cultura.gov.it\/index.php\/wp-json\/wp\/v2\/media?parent=5775"}],"wp:term":[{"taxonomy":"category","embeddable":true,"href":"https:\/\/museipiemonte.cultura.gov.it\/index.php\/wp-json\/wp\/v2\/categories?post=5775"},{"taxonomy":"post_tag","embeddable":true,"href":"https:\/\/museipiemonte.cultura.gov.it\/index.php\/wp-json\/wp\/v2\/tags?post=5775"}],"curies":[{"name":"wp","href":"https:\/\/api.w.org\/{rel}","templated":true}]}}