{"id":5818,"date":"2020-10-21T14:00:12","date_gmt":"2020-10-21T12:00:12","guid":{"rendered":"http:\/\/museipiemonte.cultura.gov.it\/?p=5818"},"modified":"2020-11-04T16:18:19","modified_gmt":"2020-11-04T15:18:19","slug":"castello-di-aglie-avviso-annullamento-conferenze","status":"publish","type":"post","link":"https:\/\/museipiemonte.cultura.gov.it\/index.php\/2020\/10\/21\/castello-di-aglie-avviso-annullamento-conferenze\/","title":{"rendered":"Castello di Agli\u00e8 &#8211; avviso annullamento conferenze"},"content":{"rendered":"<p>In considerazione delle recenti disposizioni governative contenenti misure per il contrasto e il contenimento dell&#8217;emergenza epidemiologica da Covid-19, sono annullati e rimandati in data da destinarsi i seguenti eventi previsti nei prossimi giorni presso il <a href=\"http:\/\/museipiemonte.cultura.gov.it\/index.php\/musei-e-luoghi-della-cultura\/castello-di-aglie\/\"><strong>Castello di Agli\u00e8<\/strong><\/a>:&nbsp;la conferenza di <strong>gioved\u00ec 22 ottobre<\/strong> alle ore 18 per &#8220;Un&#8217;ora di storia al Castello di Agli\u00e8&#8221; e le conferenze di <strong>venerd\u00ec 23 ottobre e luned\u00ec 26 ottobre<\/strong>, alle ore 21, previste per il ciclo &#8220;Lettera&#8230;lmente 22&#8221; nell&#8217;ambito della manifestazione &#8220;70 anni di Olivetti Lettera 22&#8221;.<\/p>\n<p><strong>Proseguono<\/strong>, invece, al Castello di Agli\u00e8, come in tutte le nostre sedi, <strong>le visite ai percorsi museali<\/strong>, secondo le modalit\u00e0 introdotte per garantire le attivit\u00e0 in piena sicurezza: rilevazione della temperatura corporea all&#8217;ingresso, corretto utilizzo della mascherina, distanziamento tramite accessi contingentati su prenotazione.<\/p>\n","protected":false},"excerpt":{"rendered":"<p>In considerazione delle recenti disposizioni governative contenenti misure per il contrasto e il contenimento dell&#8217;emergenza epidemiologica da Covid-19, sono annullati e rimandati in data da destinarsi i seguenti eventi previsti nei prossimi giorni presso il [&hellip;]<\/p>\n","protected":false},"author":1,"featured_media":828,"comment_status":"closed","ping_status":"closed","sticky":false,"template":"","format":"standard","meta":{"footnotes":""},"categories":[7,4],"tags":[58,35,51,36,21],"class_list":["post-5818","post","type-post","status-publish","format-standard","has-post-thumbnail","hentry","category-castello-di-aglie","category-direzione-regionale-musei","tag-aglie","tag-castello","tag-conferenza","tag-musei","tag-news"],"_links":{"self":[{"href":"https:\/\/museipiemonte.cultura.gov.it\/index.php\/wp-json\/wp\/v2\/posts\/5818","targetHints":{"allow":["GET"]}}],"collection":[{"href":"https:\/\/museipiemonte.cultura.gov.it\/index.php\/wp-json\/wp\/v2\/posts"}],"about":[{"href":"https:\/\/museipiemonte.cultura.gov.it\/index.php\/wp-json\/wp\/v2\/types\/post"}],"author":[{"embeddable":true,"href":"https:\/\/museipiemonte.cultura.gov.it\/index.php\/wp-json\/wp\/v2\/users\/1"}],"replies":[{"embeddable":true,"href":"https:\/\/museipiemonte.cultura.gov.it\/index.php\/wp-json\/wp\/v2\/comments?post=5818"}],"version-history":[{"count":1,"href":"https:\/\/museipiemonte.cultura.gov.it\/index.php\/wp-json\/wp\/v2\/posts\/5818\/revisions"}],"predecessor-version":[{"id":5819,"href":"https:\/\/museipiemonte.cultura.gov.it\/index.php\/wp-json\/wp\/v2\/posts\/5818\/revisions\/5819"}],"wp:featuredmedia":[{"embeddable":true,"href":"https:\/\/museipiemonte.cultura.gov.it\/index.php\/wp-json\/wp\/v2\/media\/828"}],"wp:attachment":[{"href":"https:\/\/museipiemonte.cultura.gov.it\/index.php\/wp-json\/wp\/v2\/media?parent=5818"}],"wp:term":[{"taxonomy":"category","embeddable":true,"href":"https:\/\/museipiemonte.cultura.gov.it\/index.php\/wp-json\/wp\/v2\/categories?post=5818"},{"taxonomy":"post_tag","embeddable":true,"href":"https:\/\/museipiemonte.cultura.gov.it\/index.php\/wp-json\/wp\/v2\/tags?post=5818"}],"curies":[{"name":"wp","href":"https:\/\/api.w.org\/{rel}","templated":true}]}}