{"id":6706,"date":"2021-04-21T15:09:25","date_gmt":"2021-04-21T13:09:25","guid":{"rendered":"http:\/\/museipiemonte.cultura.gov.it\/?p=6706"},"modified":"2021-05-05T18:43:44","modified_gmt":"2021-05-05T16:43:44","slug":"conferenza-palazzo-carignano-il-giardino-perduto-27-aprile","status":"publish","type":"post","link":"https:\/\/museipiemonte.cultura.gov.it\/index.php\/2021\/04\/21\/conferenza-palazzo-carignano-il-giardino-perduto-27-aprile\/","title":{"rendered":"Conferenza &#8220;Palazzo Carignano: il giardino perduto&#8221; &#8211; 27 aprile"},"content":{"rendered":"<p>La dimensione <em>green<\/em> del patrimonio gestito dalla Direzione regionale Musei Piemonte comprende importanti parchi e giardini storici, esempi significativi dei cosiddetti luoghi di <em>loisir<\/em>, accanto ad ambiti di rilevante valore paesaggistico in cui sono inserite preesistenze architettoniche che da secoli primeggiano tra i tratti identitari del territorio.<\/p>\n<p>Un tempo piante e fiori prosperavano anche a <strong>Palazzo Carignano<\/strong>, la residenza urbana progettata nel <strong>1679<\/strong> da <strong>Guarino Guarini per Emanuele Filiberto<\/strong> detto il Muto, secondo principe del ramo cadetto dei Savoia-Carignano, all\u2019epoca probabile erede alla corona ducale. Il palazzo risult\u00f2 costituito da un corpo centrale, chiuso dalla sinuosa facciata che si ammira sull\u2019attuale via Accademia delle Scienze, e da due ali laterali aperte su un cortile interno, oltre il quale si sviluppava un giardino di cui per\u00f2 non resta traccia.<\/p>\n<p>A questa parte della residenza, non pi\u00f9 esistente, \u00e8 dedicata, <strong>marted\u00ec 27 aprile<\/strong> alle <strong>ore 16.30<\/strong>, la <strong>conferenza in streaming<\/strong> dal titolo <strong><em>Palazzo Carignano: il giardino perduto<\/em><\/strong>. Quando Guarino Guarini tracci\u00f2 la prima ipotesi progettuale, il grande isolato oggi compreso tra Palazzo Carignano e piazza Carlo Alberto era infatti un terreno libero, non lontano dalla prima fortificazione della citt\u00e0. Accanto all\u2019edificio emerse subito il disegno di un giardino, esteso fino ai margini della propriet\u00e0 chiusa a est dalle scuderie, in coincidenza con l\u2019odierna sede della Biblioteca Nazionale Universitaria. Il <strong>giardino<\/strong> fu <strong>pi\u00f9 volte modificato e decorato<\/strong> con piante e fiori secondo disegni differenti, di cui \u00e8 possibile ricostruire le trasformazioni attraverso la cartografia storica, ma fu di fatto cancellato nel corso dell\u2019Ottocento dalla costruzione del nuovo corpo di fabbrica addossato alla struttura seicentesca e dal progressivo definirsi del nuovo assetto urbano.<\/p>\n<p><strong>Introducono<\/strong> la conferenza <strong>Elena De Filippis<\/strong>, direttrice regionale Musei Piemonte, e <strong>Chiara Teolato<\/strong>, direttrice di Palazzo Carignano, mentre <strong>focalizza l\u2019attenzione sul giardino perduto<\/strong> <strong>Elena Gianasso<\/strong>, ricercatore in Storia dell\u2019architettura presso il Politecnico di Torino.<\/p>\n<p><strong>Elena Gianasso<\/strong>, architetto, specialista e dottore di ricerca, \u00e8 ricercatore in Storia dell\u2019architettura presso il Dipartimento Interateneo di Scienze, Progetto e Politiche del Territorio del Politecnico di Torino. Docente di discipline storiche nello stesso ateneo, ha scritto articoli, saggi e volumi che riguardano tematiche legate all\u2019architettura tra Seicento e Ottocento.<\/p>\n<p><strong><em>Palazzo Carignano: il giardino perduto<\/em><\/strong><\/p>\n<p><strong>Conferenza in streaming<\/strong><br \/>\n<strong>Marted\u00ec 27 aprile 2021 ore 16.30<\/strong><\/p>\n<p><strong><em>Intervengono<\/em><\/strong><br \/>\nElena De Filippis, direttrice regionale Musei Piemonte<br \/>\nChiara Teolato, direttrice di Palazzo Carignano<br \/>\nElena Gianasso, ricercatore in Storia dell\u2019architettura del Politecnico di Torino.<\/p>\n<p>&nbsp;<\/p>\n<p><a href=\"https:\/\/www.youtube.com\/watch?v=a5-8Uh8C-po&amp;t=12s\" target=\"_blank\">GUARDA IL VIDEO DELLA CONFERENZA<\/a><\/p>\n<p>&nbsp;<\/p>\n<p><strong>Partecipazione gratuita tramite il link<\/strong> (si consiglia di copiare e incollare il link nella barra dell\u2019indirizzo del proprio browser):<br \/>\n<a href=\"https:\/\/teams.microsoft.com\/l\/meetup-join\/19%3ameeting_NDcxNzIxYjYtMjViMC00YzQ0LTg2NWQtMDkzMDQxY2NhMmY0%40thread.v2\/0?context=%7b%22Tid%22%3a%2297e13dce-f1b9-42f6-8f67-d7174d0a952a%22%2c%22Oid%22%3a%22de355613-6e9c-4979-b531-df155543754a%22%2c%22IsBroadcastMeeting%22%3atrue%7d&amp;btype=a&amp;role=a\" target=\"_blank\">https:\/\/teams.microsoft.com\/l\/meetup-join\/19%3ameeting_NDcxNzIxYjYtMjViMC00YzQ0LTg2NWQtMDkzMDQxY2NhMmY0%40thread.v2\/0?context=%7b%22Tid%22%3a%2297e13dce-f1b9-42f6-8f67-d7174d0a952a%22%2c%22Oid%22%3a%22de355613-6e9c-4979-b531-df155543754a%22%2c%22IsBroadcastMeeting%22%3atrue%7d&amp;btype=a&amp;role=a<\/a><\/p>\n<p>&nbsp;<\/p>\n<p><img loading=\"lazy\" decoding=\"async\" class=\"alignleft size-medium wp-image-6707\" src=\"http:\/\/museipiemonte.cultura.gov.it\/wp-content\/uploads\/2021\/04\/1_Theatrum-Palazzo-Carignano-con-giardino-500x354.jpg\" alt=\"1_Theatrum Palazzo Carignano con giardino\" width=\"500\" height=\"354\" srcset=\"https:\/\/museipiemonte.cultura.gov.it\/wp-content\/uploads\/2021\/04\/1_Theatrum-Palazzo-Carignano-con-giardino-500x354.jpg 500w, https:\/\/museipiemonte.cultura.gov.it\/wp-content\/uploads\/2021\/04\/1_Theatrum-Palazzo-Carignano-con-giardino-230x163.jpg 230w, https:\/\/museipiemonte.cultura.gov.it\/wp-content\/uploads\/2021\/04\/1_Theatrum-Palazzo-Carignano-con-giardino-350x248.jpg 350w, https:\/\/museipiemonte.cultura.gov.it\/wp-content\/uploads\/2021\/04\/1_Theatrum-Palazzo-Carignano-con-giardino.jpg 829w\" sizes=\"auto, (max-width: 500px) 100vw, 500px\" \/><\/p>\n","protected":false},"excerpt":{"rendered":"<p>La dimensione green del patrimonio gestito dalla Direzione regionale Musei Piemonte comprende importanti parchi e giardini storici, esempi significativi dei cosiddetti luoghi di loisir, accanto ad ambiti di rilevante valore paesaggistico in cui sono inserite [&hellip;]<\/p>\n","protected":false},"author":1,"featured_media":1020,"comment_status":"closed","ping_status":"closed","sticky":false,"template":"","format":"standard","meta":{"footnotes":""},"categories":[4,5],"tags":[51,186,36,21,62],"class_list":["post-6706","post","type-post","status-publish","format-standard","has-post-thumbnail","hentry","category-direzione-regionale-musei","category-palazzo-carignano","tag-conferenza","tag-giardino","tag-musei","tag-news","tag-palazzo-carignano"],"_links":{"self":[{"href":"https:\/\/museipiemonte.cultura.gov.it\/index.php\/wp-json\/wp\/v2\/posts\/6706","targetHints":{"allow":["GET"]}}],"collection":[{"href":"https:\/\/museipiemonte.cultura.gov.it\/index.php\/wp-json\/wp\/v2\/posts"}],"about":[{"href":"https:\/\/museipiemonte.cultura.gov.it\/index.php\/wp-json\/wp\/v2\/types\/post"}],"author":[{"embeddable":true,"href":"https:\/\/museipiemonte.cultura.gov.it\/index.php\/wp-json\/wp\/v2\/users\/1"}],"replies":[{"embeddable":true,"href":"https:\/\/museipiemonte.cultura.gov.it\/index.php\/wp-json\/wp\/v2\/comments?post=6706"}],"version-history":[{"count":2,"href":"https:\/\/museipiemonte.cultura.gov.it\/index.php\/wp-json\/wp\/v2\/posts\/6706\/revisions"}],"predecessor-version":[{"id":6758,"href":"https:\/\/museipiemonte.cultura.gov.it\/index.php\/wp-json\/wp\/v2\/posts\/6706\/revisions\/6758"}],"wp:featuredmedia":[{"embeddable":true,"href":"https:\/\/museipiemonte.cultura.gov.it\/index.php\/wp-json\/wp\/v2\/media\/1020"}],"wp:attachment":[{"href":"https:\/\/museipiemonte.cultura.gov.it\/index.php\/wp-json\/wp\/v2\/media?parent=6706"}],"wp:term":[{"taxonomy":"category","embeddable":true,"href":"https:\/\/museipiemonte.cultura.gov.it\/index.php\/wp-json\/wp\/v2\/categories?post=6706"},{"taxonomy":"post_tag","embeddable":true,"href":"https:\/\/museipiemonte.cultura.gov.it\/index.php\/wp-json\/wp\/v2\/tags?post=6706"}],"curies":[{"name":"wp","href":"https:\/\/api.w.org\/{rel}","templated":true}]}}